{"id":44997,"date":"2014-04-03T09:51:21","date_gmt":"2014-04-03T12:51:21","guid":{"rendered":"http:\/\/www.eltrabajo.cl\/portal\/?p=44997"},"modified":"2014-04-03T09:51:21","modified_gmt":"2014-04-03T12:51:21","slug":"alumnos-de-primero-basico-del-buen-pastor-reciben-aporte-de-multitienda","status":"publish","type":"post","link":"https:\/\/eltrabajo.cl\/portal\/alumnos-de-primero-basico-del-buen-pastor-reciben-aporte-de-multitienda\/","title":{"rendered":"Alumnos de primero b\u00e1sico del Buen Pastor reciben aporte de multitienda"},"content":{"rendered":"<figure id=\"attachment_44998\" aria-describedby=\"caption-attachment-44998\" style=\"width: 528px\" class=\"wp-caption alignnone\"><a href=\"https:\/\/i0.wp.com\/www.eltrabajo.cl\/portal\/wp-content\/uploads\/2014\/04\/alumnos-buen-pastor-zapatos.jpg\"><img data-recalc-dims=\"1\" loading=\"lazy\" decoding=\"async\" class=\"size-full wp-image-44998\" alt=\"Los alumnos de la Escuela Buen Pastor quedaron felices con este aporte realizado por la multitienda.\" src=\"https:\/\/i0.wp.com\/www.eltrabajo.cl\/portal\/wp-content\/uploads\/2014\/04\/alumnos-buen-pastor-zapatos.jpg?resize=528%2C295\" width=\"528\" height=\"295\" srcset=\"https:\/\/i0.wp.com\/eltrabajo.cl\/portal\/wp-content\/uploads\/2014\/04\/alumnos-buen-pastor-zapatos.jpg?w=528&amp;ssl=1 528w, https:\/\/i0.wp.com\/eltrabajo.cl\/portal\/wp-content\/uploads\/2014\/04\/alumnos-buen-pastor-zapatos.jpg?resize=200%2C111&amp;ssl=1 200w, https:\/\/i0.wp.com\/eltrabajo.cl\/portal\/wp-content\/uploads\/2014\/04\/alumnos-buen-pastor-zapatos.jpg?resize=300%2C167&amp;ssl=1 300w, https:\/\/i0.wp.com\/eltrabajo.cl\/portal\/wp-content\/uploads\/2014\/04\/alumnos-buen-pastor-zapatos.jpg?resize=150%2C83&amp;ssl=1 150w, https:\/\/i0.wp.com\/eltrabajo.cl\/portal\/wp-content\/uploads\/2014\/04\/alumnos-buen-pastor-zapatos.jpg?resize=400%2C223&amp;ssl=1 400w\" sizes=\"auto, (max-width: 528px) 100vw, 528px\" \/><\/a><figcaption id=\"caption-attachment-44998\" class=\"wp-caption-text\">Los alumnos de la Escuela Buen Pastor quedaron felices con este aporte realizado por la multitienda.<\/figcaption><\/figure>\n<p>La totalidad de los alumnos de primero b\u00e1sico de la escuela Buen Pastor recibieron calzado nuevo, un aporte que realiz\u00f3 la multitienda Falabella, en el marco del programa \u2018Haciendo Escuela\u2019.<\/p>\n<p>La ma\u00f1ana de este lunes 31 de marzo, los representantes de la multitienda, que tiene sucursal en la ciudad de San Felipe, llegaron hasta el establecimiento educacional con lo que hab\u00edan prometido a todos alumnos del primer a\u00f1o b\u00e1sico, quienes recibieron felices este aporte.<\/p>\n<p>El establecimiento se encuentra \u2018apadrinado\u2019 por la multitienda y son varias las veces en el a\u00f1o que se acercan hasta la escuela para entregar aportes que benefician a todo el alumnado, los que van desde regalos para los alumnos o mejoras en infraestructura.<\/p>\n<p>Cecilia Cornejo, Directora del colegio, destac\u00f3 la importancia que significa este aporte para el alumnado, que se viene materializando hace cinco a\u00f1os.<\/p>\n<p>\u201cLa importancia es muy significativa, ya que en nuestra escuela, el nivel de vulnerabilidad es muy alto, cercano al ochenta por ciento, y desde hace ya cinco a\u00f1os que este aporte es muy bien recibido, beneficiando a toda la comunidad\u201d.<\/p>\n<p>Adem\u00e1s el Centro General de Padres, a trav\u00e9s de su tesorera Mar\u00eda M\u00e9ndez, agradeci\u00f3 el aporte realizado, se\u00f1alando que \u201clos padres agradecen el aporte hecho por la multitienda, destacando la obra, siempre han estado junto a nosotros, por lo que nos sentimos contentos con ser beneficiados con estos aportes que se entregan a diferentes escuelas en el pa\u00eds, ayud\u00e1ndonos significativamente en el mes de marzo, fecha en la cual es donde hay m\u00e1s gastos en el a\u00f1o, sobre todo para quienes tienen m\u00e1s de un hijo en etapa escolar\u201d.<\/p>\n","protected":false},"excerpt":{"rendered":"<p>La totalidad de los alumnos de primero b\u00e1sico de la escuela Buen Pastor recibieron calzado nuevo, un aporte que realiz\u00f3 la multitienda Falabella, en el marco del programa \u2018Haciendo Escuela\u2019. La ma\u00f1ana&#8230;<\/p>\n","protected":false},"author":482,"featured_media":44998,"comment_status":"open","ping_status":"closed","sticky":false,"template":"","format":"standard","meta":{"advanced_seo_description":"","jetpack_seo_html_title":"","jetpack_seo_noindex":false,"_jetpack_memberships_contains_paid_content":false,"footnotes":""},"categories":[1],"tags":[],"class_list":["post-44997","post","type-post","status-publish","format-standard","has-post-thumbnail","hentry","category-cronica"],"jetpack_featured_media_url":"https:\/\/i0.wp.com\/eltrabajo.cl\/portal\/wp-content\/uploads\/2014\/04\/alumnos-buen-pastor-zapatos.jpg?fit=528%2C295&ssl=1","jetpack_sharing_enabled":true,"jetpack_likes_enabled":true,"jetpack-related-posts":[],"_links":{"self":[{"href":"https:\/\/eltrabajo.cl\/portal\/wp-json\/wp\/v2\/posts\/44997","targetHints":{"allow":["GET"]}}],"collection":[{"href":"https:\/\/eltrabajo.cl\/portal\/wp-json\/wp\/v2\/posts"}],"about":[{"href":"https:\/\/eltrabajo.cl\/portal\/wp-json\/wp\/v2\/types\/post"}],"author":[{"embeddable":true,"href":"https:\/\/eltrabajo.cl\/portal\/wp-json\/wp\/v2\/users\/482"}],"replies":[{"embeddable":true,"href":"https:\/\/eltrabajo.cl\/portal\/wp-json\/wp\/v2\/comments?post=44997"}],"version-history":[{"count":0,"href":"https:\/\/eltrabajo.cl\/portal\/wp-json\/wp\/v2\/posts\/44997\/revisions"}],"wp:featuredmedia":[{"embeddable":true,"href":"https:\/\/eltrabajo.cl\/portal\/wp-json\/wp\/v2\/media\/44998"}],"wp:attachment":[{"href":"https:\/\/eltrabajo.cl\/portal\/wp-json\/wp\/v2\/media?parent=44997"}],"wp:term":[{"taxonomy":"category","embeddable":true,"href":"https:\/\/eltrabajo.cl\/portal\/wp-json\/wp\/v2\/categories?post=44997"},{"taxonomy":"post_tag","embeddable":true,"href":"https:\/\/eltrabajo.cl\/portal\/wp-json\/wp\/v2\/tags?post=44997"}],"curies":[{"name":"wp","href":"https:\/\/api.w.org\/{rel}","templated":true}]}}