{"id":45000,"date":"2014-04-03T09:52:24","date_gmt":"2014-04-03T12:52:24","guid":{"rendered":"http:\/\/www.eltrabajo.cl\/portal\/?p=45000"},"modified":"2014-04-03T09:52:24","modified_gmt":"2014-04-03T12:52:24","slug":"realizan-simulacros-de-evacuacion-con-menores-en-jardines-infantiles-vtf","status":"publish","type":"post","link":"https:\/\/eltrabajo.cl\/portal\/realizan-simulacros-de-evacuacion-con-menores-en-jardines-infantiles-vtf\/","title":{"rendered":"Realizan simulacros de evacuaci\u00f3n con menores en jardines infantiles VTF"},"content":{"rendered":"<figure id=\"attachment_45001\" aria-describedby=\"caption-attachment-45001\" style=\"width: 529px\" class=\"wp-caption alignnone\"><a href=\"https:\/\/i0.wp.com\/www.eltrabajo.cl\/portal\/wp-content\/uploads\/2014\/04\/evacuacion-1-jardines.jpg\"><img data-recalc-dims=\"1\" loading=\"lazy\" decoding=\"async\" class=\"size-full wp-image-45001\" alt=\"El ejercicio buscaba entre otros objetivos, conocer c\u00f3mo act\u00faan las profesionales del \u00e1rea ante la ocurrencia en una situaci\u00f3n extrema. (Archivo).\" src=\"https:\/\/i0.wp.com\/www.eltrabajo.cl\/portal\/wp-content\/uploads\/2014\/04\/evacuacion-1-jardines.jpg?resize=529%2C365\" width=\"529\" height=\"365\" srcset=\"https:\/\/i0.wp.com\/eltrabajo.cl\/portal\/wp-content\/uploads\/2014\/04\/evacuacion-1-jardines.jpg?w=529&amp;ssl=1 529w, https:\/\/i0.wp.com\/eltrabajo.cl\/portal\/wp-content\/uploads\/2014\/04\/evacuacion-1-jardines.jpg?resize=200%2C137&amp;ssl=1 200w, https:\/\/i0.wp.com\/eltrabajo.cl\/portal\/wp-content\/uploads\/2014\/04\/evacuacion-1-jardines.jpg?resize=300%2C206&amp;ssl=1 300w, https:\/\/i0.wp.com\/eltrabajo.cl\/portal\/wp-content\/uploads\/2014\/04\/evacuacion-1-jardines.jpg?resize=150%2C103&amp;ssl=1 150w, https:\/\/i0.wp.com\/eltrabajo.cl\/portal\/wp-content\/uploads\/2014\/04\/evacuacion-1-jardines.jpg?resize=400%2C275&amp;ssl=1 400w\" sizes=\"auto, (max-width: 529px) 100vw, 529px\" \/><\/a><figcaption id=\"caption-attachment-45001\" class=\"wp-caption-text\">El ejercicio buscaba entre otros objetivos, conocer c\u00f3mo act\u00faan las profesionales del \u00e1rea ante la ocurrencia en una situaci\u00f3n extrema. (Archivo).<\/figcaption><\/figure>\n<p>Con el objetivo de realizar una constante actualizaci\u00f3n en los procesos de seguridad en los establecimientos educacionales del \u00e1rea municipal y por instrucciones del Alcalde Patricio Freire, este lunes se realiz\u00f3 un simulacro de emergencia que abarc\u00f3 esta vez a los jardines infantiles V\u00eda Transferencia de Fondos (VTF).<\/p>\n<p>En la oportunidad se logr\u00f3 constatar en terreno, c\u00f3mo act\u00faan las profesionales del \u00e1rea ante la ocurrencia en una situaci\u00f3n extrema, permitiendo detectar cu\u00e1les son las mejoras que se deben realizar a cada uno de los planes de evacuaci\u00f3n.<\/p>\n<p>Lo anterior viene a complementar todo un trabajo que se est\u00e1 realizando en los diferentes establecimientos educacionales municipales, tendientes a crear conciencia y una forma de acci\u00f3n ante la ocurrencia de diferentes acontecimientos, buscando, en el mediano plazo, elaborar manuales de acci\u00f3n, que permitan esclarecer c\u00f3mo afrontar de manera arm\u00f3nica y coordinada, las diferentes situaciones, y que de esa forma la comunidad conozca cu\u00e1les son las formas de actuar, y los planes de evacuaci\u00f3n, con sus respectivas zonas de seguridad.<\/p>\n<p>Iv\u00e1n Silva Padilla, Director de Educaci\u00f3n Municipal, entreg\u00f3 detalles de lo que significa actuar anticipadamente a trav\u00e9s de estos simulacros, se\u00f1alando que \u201ces nuestra misi\u00f3n entregar las herramientas para que nuestros alumnos se desenvuelvan de manera normal y segura, es por eso, que junto a un profesional del IST, estamos realizando un gran esfuerzo para lograr homogeneizar los procedimientos, y lograr que la comunidad entienda que este es nuestro objetivo, crear una cultura preventiva, no escatimando en realizar todos los esfuerzos necesarios para que esto sea comprendido por toda la comunidad\u201d.<\/p>\n<p>&nbsp;<\/p>\n","protected":false},"excerpt":{"rendered":"<p>Con el objetivo de realizar una constante actualizaci\u00f3n en los procesos de seguridad en los establecimientos educacionales del \u00e1rea municipal y por instrucciones del Alcalde Patricio Freire, este lunes se realiz\u00f3 un&#8230;<\/p>\n","protected":false},"author":482,"featured_media":45001,"comment_status":"open","ping_status":"closed","sticky":false,"template":"","format":"standard","meta":{"advanced_seo_description":"","jetpack_seo_html_title":"","jetpack_seo_noindex":false,"_jetpack_memberships_contains_paid_content":false,"footnotes":""},"categories":[1],"tags":[],"class_list":["post-45000","post","type-post","status-publish","format-standard","has-post-thumbnail","hentry","category-cronica"],"jetpack_featured_media_url":"https:\/\/i0.wp.com\/eltrabajo.cl\/portal\/wp-content\/uploads\/2014\/04\/evacuacion-1-jardines.jpg?fit=529%2C365&ssl=1","jetpack_sharing_enabled":true,"jetpack_likes_enabled":true,"jetpack-related-posts":[],"_links":{"self":[{"href":"https:\/\/eltrabajo.cl\/portal\/wp-json\/wp\/v2\/posts\/45000","targetHints":{"allow":["GET"]}}],"collection":[{"href":"https:\/\/eltrabajo.cl\/portal\/wp-json\/wp\/v2\/posts"}],"about":[{"href":"https:\/\/eltrabajo.cl\/portal\/wp-json\/wp\/v2\/types\/post"}],"author":[{"embeddable":true,"href":"https:\/\/eltrabajo.cl\/portal\/wp-json\/wp\/v2\/users\/482"}],"replies":[{"embeddable":true,"href":"https:\/\/eltrabajo.cl\/portal\/wp-json\/wp\/v2\/comments?post=45000"}],"version-history":[{"count":0,"href":"https:\/\/eltrabajo.cl\/portal\/wp-json\/wp\/v2\/posts\/45000\/revisions"}],"wp:featuredmedia":[{"embeddable":true,"href":"https:\/\/eltrabajo.cl\/portal\/wp-json\/wp\/v2\/media\/45001"}],"wp:attachment":[{"href":"https:\/\/eltrabajo.cl\/portal\/wp-json\/wp\/v2\/media?parent=45000"}],"wp:term":[{"taxonomy":"category","embeddable":true,"href":"https:\/\/eltrabajo.cl\/portal\/wp-json\/wp\/v2\/categories?post=45000"},{"taxonomy":"post_tag","embeddable":true,"href":"https:\/\/eltrabajo.cl\/portal\/wp-json\/wp\/v2\/tags?post=45000"}],"curies":[{"name":"wp","href":"https:\/\/api.w.org\/{rel}","templated":true}]}}