{"id":45003,"date":"2014-04-03T09:54:36","date_gmt":"2014-04-03T12:54:36","guid":{"rendered":"http:\/\/www.eltrabajo.cl\/portal\/?p=45003"},"modified":"2014-04-03T09:54:36","modified_gmt":"2014-04-03T12:54:36","slug":"de-vuelta-al-colegio","status":"publish","type":"post","link":"https:\/\/eltrabajo.cl\/portal\/de-vuelta-al-colegio\/","title":{"rendered":"\u00a1De vuelta al Colegio!"},"content":{"rendered":"<figure id=\"attachment_45004\" aria-describedby=\"caption-attachment-45004\" style=\"width: 529px\" class=\"wp-caption alignnone\"><a href=\"https:\/\/i0.wp.com\/www.eltrabajo.cl\/portal\/wp-content\/uploads\/2014\/04\/menor-silla-de-ruedas-vuelve-al-colegio.jpg\"><img data-recalc-dims=\"1\" loading=\"lazy\" decoding=\"async\" class=\"size-full wp-image-45004\" alt=\"Con una gran sonrisa, mam\u00e1, profesoras, compa\u00f1eros y Directora de la Escuela Buen Pastor, junto a V\u00edctor celebran su regreso al colegio.\" src=\"https:\/\/i0.wp.com\/www.eltrabajo.cl\/portal\/wp-content\/uploads\/2014\/04\/menor-silla-de-ruedas-vuelve-al-colegio.jpg?resize=529%2C408\" width=\"529\" height=\"408\" srcset=\"https:\/\/i0.wp.com\/eltrabajo.cl\/portal\/wp-content\/uploads\/2014\/04\/menor-silla-de-ruedas-vuelve-al-colegio.jpg?w=529&amp;ssl=1 529w, https:\/\/i0.wp.com\/eltrabajo.cl\/portal\/wp-content\/uploads\/2014\/04\/menor-silla-de-ruedas-vuelve-al-colegio.jpg?resize=194%2C150&amp;ssl=1 194w, https:\/\/i0.wp.com\/eltrabajo.cl\/portal\/wp-content\/uploads\/2014\/04\/menor-silla-de-ruedas-vuelve-al-colegio.jpg?resize=300%2C231&amp;ssl=1 300w, https:\/\/i0.wp.com\/eltrabajo.cl\/portal\/wp-content\/uploads\/2014\/04\/menor-silla-de-ruedas-vuelve-al-colegio.jpg?resize=150%2C115&amp;ssl=1 150w, https:\/\/i0.wp.com\/eltrabajo.cl\/portal\/wp-content\/uploads\/2014\/04\/menor-silla-de-ruedas-vuelve-al-colegio.jpg?resize=400%2C308&amp;ssl=1 400w\" sizes=\"auto, (max-width: 529px) 100vw, 529px\" \/><\/a><figcaption id=\"caption-attachment-45004\" class=\"wp-caption-text\">Con una gran sonrisa, mam\u00e1, profesoras, compa\u00f1eros y Directora de la Escuela Buen Pastor, junto a V\u00edctor celebran su regreso al colegio.<\/figcaption><\/figure>\n<ul>\n<li><strong>Menor con distrofia muscular consigui\u00f3 el transporte apropiado y ya est\u00e1 asistiendo a clases.<\/strong><\/li>\n<\/ul>\n<p>Como lo informara Diario El Trabajo en su edici\u00f3n de este martes, V\u00edctor G\u00f3mez \u00c1vila es un menor de 12 a\u00f1os que hasta los 7 realizaba las actividades propias de un ni\u00f1o de su edad, hasta que se le comenz\u00f3 a manifestar una distrofia muscular que fue avanzando hasta dejarlo dependiente de una silla de ruedas.<\/p>\n<p>Su madre, Pamela \u00c1vila, logr\u00f3 enviar en transporte escolar a V\u00edctor hasta el a\u00f1o pasado, pero a comienzos de marzo no encontr\u00f3 quien lo llevara hasta el Colegio Buen Pastor, que es el lugar en el que estudia. Las razones que le daban a la se\u00f1ora Pamela eran referidas a la contextura de V\u00edctor, y ya que hab\u00eda que tomarlo en brazos para subirlo o bajarlo del furg\u00f3n a la silla, la respuesta de los trabajadores del rubro fue siempre negativa.<\/p>\n<p>Ante la imposibilidad de contratar un servicio especial, la se\u00f1ora Pamela confi\u00f3 en el efecto comunicacional que genera Diario El Trabajo y nos abri\u00f3 su coraz\u00f3n para confidenciarnos la pena que sent\u00eda por no poder ver a su hijo en el colegio, como todos los ni\u00f1os de su edad.<\/p>\n<p><strong>Pronta Respuesta<\/strong><\/p>\n<p>Temprano por la ma\u00f1ana, y una vez que se conoci\u00f3 de la publicaci\u00f3n en nuestro medio, el dirigente de Curim\u00f3n, Claudio Pantoja, junto al empresario Juan Monasterio, expresaron su inmediato inter\u00e9s en colaborar, ofreciendo colocar el transporte necesario para llevar al menor a su colegio, hasta que la DAEM coordinara un veh\u00edculo apropiado.<\/p>\n<p>Finalmente esto no fue necesario, pues la familia recibi\u00f3 la noticia de que se dispuso un espacio especial para V\u00edctor y un primo un poco menor que sufre de la misma enfermedad y que tambi\u00e9n debe ser transportado hasta el colegio Buen Pastor, en la calle Yungay de San Felipe.<\/p>\n<p>As\u00ed, ayer mi\u00e9rcoles, V\u00edctor asisti\u00f3 por fin a clases, y la sorpresa se la dio la propia Directora del establecimiento, Cecilia Cornejo Fuentealba, la que fue a buscarlo a la puerta de su casa en Villa Departamental.<\/p>\n<p>De esta forma, nuestro medio cumpli\u00f3 la meta de lograr que estos dos peque\u00f1os hagan uso de su derecho universal consolidado: \u201ctodo ni\u00f1o tiene derecho a ser educado y a compartir su entorno con otros ni\u00f1os\u201d. As\u00ed, cada organismo cumpli\u00f3 con su parte, el Concejal Covarrubias que dio a conocer el caso, Diario El Trabajo que logr\u00f3 sensibilizar en el problema, y por \u00faltimo la DAEM que ajust\u00f3 sus recursos para facilitar el regreso a clases de este peque\u00f1o campe\u00f3n, que lo \u00fanico que quer\u00eda era volver a estudiar y estar en compa\u00f1\u00eda de sus compa\u00f1eros.<\/p>\n<p>&nbsp;<\/p>\n","protected":false},"excerpt":{"rendered":"<p>Menor con distrofia muscular consigui\u00f3 el transporte apropiado y ya est\u00e1 asistiendo a clases. Como lo informara Diario El Trabajo en su edici\u00f3n de este martes, V\u00edctor G\u00f3mez \u00c1vila es un menor&#8230;<\/p>\n","protected":false},"author":482,"featured_media":45004,"comment_status":"open","ping_status":"closed","sticky":false,"template":"","format":"standard","meta":{"advanced_seo_description":"","jetpack_seo_html_title":"","jetpack_seo_noindex":false,"_jetpack_memberships_contains_paid_content":false,"footnotes":""},"categories":[15],"tags":[],"class_list":["post-45003","post","type-post","status-publish","format-standard","has-post-thumbnail","hentry","category-comunidad"],"jetpack_featured_media_url":"https:\/\/i0.wp.com\/eltrabajo.cl\/portal\/wp-content\/uploads\/2014\/04\/menor-silla-de-ruedas-vuelve-al-colegio.jpg?fit=529%2C408&ssl=1","jetpack_sharing_enabled":true,"jetpack_likes_enabled":true,"jetpack-related-posts":[],"_links":{"self":[{"href":"https:\/\/eltrabajo.cl\/portal\/wp-json\/wp\/v2\/posts\/45003","targetHints":{"allow":["GET"]}}],"collection":[{"href":"https:\/\/eltrabajo.cl\/portal\/wp-json\/wp\/v2\/posts"}],"about":[{"href":"https:\/\/eltrabajo.cl\/portal\/wp-json\/wp\/v2\/types\/post"}],"author":[{"embeddable":true,"href":"https:\/\/eltrabajo.cl\/portal\/wp-json\/wp\/v2\/users\/482"}],"replies":[{"embeddable":true,"href":"https:\/\/eltrabajo.cl\/portal\/wp-json\/wp\/v2\/comments?post=45003"}],"version-history":[{"count":0,"href":"https:\/\/eltrabajo.cl\/portal\/wp-json\/wp\/v2\/posts\/45003\/revisions"}],"wp:featuredmedia":[{"embeddable":true,"href":"https:\/\/eltrabajo.cl\/portal\/wp-json\/wp\/v2\/media\/45004"}],"wp:attachment":[{"href":"https:\/\/eltrabajo.cl\/portal\/wp-json\/wp\/v2\/media?parent=45003"}],"wp:term":[{"taxonomy":"category","embeddable":true,"href":"https:\/\/eltrabajo.cl\/portal\/wp-json\/wp\/v2\/categories?post=45003"},{"taxonomy":"post_tag","embeddable":true,"href":"https:\/\/eltrabajo.cl\/portal\/wp-json\/wp\/v2\/tags?post=45003"}],"curies":[{"name":"wp","href":"https:\/\/api.w.org\/{rel}","templated":true}]}}