{"id":45009,"date":"2014-04-03T09:58:03","date_gmt":"2014-04-03T12:58:03","guid":{"rendered":"http:\/\/www.eltrabajo.cl\/portal\/?p=45009"},"modified":"2014-04-03T09:58:03","modified_gmt":"2014-04-03T12:58:03","slug":"proteccion-a-pequena-area-verde-no-duro-tres-horas-y-maleantes-la-rompieron","status":"publish","type":"post","link":"https:\/\/eltrabajo.cl\/portal\/proteccion-a-pequena-area-verde-no-duro-tres-horas-y-maleantes-la-rompieron\/","title":{"rendered":"Protecci\u00f3n a peque\u00f1a \u00e1rea verde no dur\u00f3 tres horas y maleantes la rompieron"},"content":{"rendered":"<figure id=\"attachment_45011\" aria-describedby=\"caption-attachment-45011\" style=\"width: 529px\" class=\"wp-caption alignnone\"><a href=\"https:\/\/i0.wp.com\/www.eltrabajo.cl\/portal\/wp-content\/uploads\/2014\/04\/basureros-rotos-por-maleantes.jpg\"><img data-recalc-dims=\"1\" loading=\"lazy\" decoding=\"async\" class=\"size-full wp-image-45011\" alt=\"Los basureros totalmente destruidos dan cuenta de la inconsciencia de los sujetos que se han apoderado del sector.\" src=\"https:\/\/i0.wp.com\/www.eltrabajo.cl\/portal\/wp-content\/uploads\/2014\/04\/basureros-rotos-por-maleantes.jpg?resize=529%2C401\" width=\"529\" height=\"401\" srcset=\"https:\/\/i0.wp.com\/eltrabajo.cl\/portal\/wp-content\/uploads\/2014\/04\/basureros-rotos-por-maleantes.jpg?w=529&amp;ssl=1 529w, https:\/\/i0.wp.com\/eltrabajo.cl\/portal\/wp-content\/uploads\/2014\/04\/basureros-rotos-por-maleantes.jpg?resize=197%2C150&amp;ssl=1 197w, https:\/\/i0.wp.com\/eltrabajo.cl\/portal\/wp-content\/uploads\/2014\/04\/basureros-rotos-por-maleantes.jpg?resize=300%2C227&amp;ssl=1 300w, https:\/\/i0.wp.com\/eltrabajo.cl\/portal\/wp-content\/uploads\/2014\/04\/basureros-rotos-por-maleantes.jpg?resize=150%2C113&amp;ssl=1 150w, https:\/\/i0.wp.com\/eltrabajo.cl\/portal\/wp-content\/uploads\/2014\/04\/basureros-rotos-por-maleantes.jpg?resize=400%2C303&amp;ssl=1 400w\" sizes=\"auto, (max-width: 529px) 100vw, 529px\" \/><\/a><figcaption id=\"caption-attachment-45011\" class=\"wp-caption-text\">Los basureros totalmente destruidos dan cuenta de la inconsciencia de los sujetos que se han apoderado del sector.<\/figcaption><\/figure>\n<p>En la Poblaci\u00f3n Luis Gajardo Guerrero I Etapa estaban muy contentos de recibir un cierre perimetral para la \u2018Plazuela de la Diversidad\u2019 inaugurada a un costado del conjunto habitacional. Por fin se realizaban los trabajos necesarios para dotar al espacio de seguridad y as\u00ed evitar que por las noches se transformara en bar y motel clandestino.<\/p>\n<figure id=\"attachment_45010\" aria-describedby=\"caption-attachment-45010\" style=\"width: 317px\" class=\"wp-caption alignright\"><a href=\"https:\/\/i0.wp.com\/www.eltrabajo.cl\/portal\/wp-content\/uploads\/2014\/04\/Patricio-Vicencio.jpg\"><img data-recalc-dims=\"1\" loading=\"lazy\" decoding=\"async\" class=\" wp-image-45010 \" alt=\"Patricio Vicencio, dirigente vecinal, llam\u00f3 a Carabineros a practicar rondas preventivas por el sector.\" src=\"https:\/\/i0.wp.com\/www.eltrabajo.cl\/portal\/wp-content\/uploads\/2014\/04\/Patricio-Vicencio.jpg?resize=317%2C259\" width=\"317\" height=\"259\" srcset=\"https:\/\/i0.wp.com\/eltrabajo.cl\/portal\/wp-content\/uploads\/2014\/04\/Patricio-Vicencio.jpg?w=529&amp;ssl=1 529w, https:\/\/i0.wp.com\/eltrabajo.cl\/portal\/wp-content\/uploads\/2014\/04\/Patricio-Vicencio.jpg?resize=184%2C150&amp;ssl=1 184w, https:\/\/i0.wp.com\/eltrabajo.cl\/portal\/wp-content\/uploads\/2014\/04\/Patricio-Vicencio.jpg?resize=300%2C244&amp;ssl=1 300w, https:\/\/i0.wp.com\/eltrabajo.cl\/portal\/wp-content\/uploads\/2014\/04\/Patricio-Vicencio.jpg?resize=150%2C122&amp;ssl=1 150w, https:\/\/i0.wp.com\/eltrabajo.cl\/portal\/wp-content\/uploads\/2014\/04\/Patricio-Vicencio.jpg?resize=400%2C325&amp;ssl=1 400w\" sizes=\"auto, (max-width: 317px) 100vw, 317px\" \/><\/a><figcaption id=\"caption-attachment-45010\" class=\"wp-caption-text\">Patricio Vicencio, dirigente vecinal, llam\u00f3 a Carabineros a practicar rondas preventivas por el sector.<\/figcaption><\/figure>\n<p>El Presidente de la Junta de vecinos, Patricio Vicencio, explic\u00f3 que \u00e9l no era partidario de construir una plazuela en el lugar, puesto que se presentar\u00edan problemas como los que hoy tienen. Pero admite que la mayor\u00eda de los vecinos trabajaron para hermosear y mantener el lugar, y \u00e9l como representante de los vecinos acat\u00f3 y apoy\u00f3 los proyectos que ah\u00ed se desarrollaron.<\/p>\n<p>\u201cPero ahora tenemos problemas de drogadicci\u00f3n y delincuencia en el lugar. Como vecinos estamos hastiados de esta situaci\u00f3n, hicimos saber al municipio nuestros problemas relacionados con que al lugar ven\u00edan personas que no son de nuestra poblaci\u00f3n a esconderse para drogarse o para tener una conducta da\u00f1ina para nuestra gente. Ser\u00e9 muy franco y directo, en el lugar encontramos papelillos, calzones, sostenes, condones y botellas de alcohol, entonces eso me deja muy claro que la gente que quiere apropiarse de este espacio no quiere compartir a vista de los dem\u00e1s. Le colocar\u00e9 un solo ejemplo, los bancos de cemento que hay en el lugar deben pesar m\u00e1s de doscientos kilos y estos sujetos los corren como si fueran sillas de una casa. Por eso era importante conseguir este cierre perimetral, que estos tipos rompieron antes de tres horas\u201d, relata el dirigente.<\/p>\n<p>Vicencio llam\u00f3 a las polic\u00edas a \u201crealizar m\u00e1s rondas, especialmente de noche donde estos sujetos \u2018machetean\u2019 a los transe\u00fantes y amenazan a las personas. Eso es algo que nosotros no queremos que se siga produciendo\u201d.<\/p>\n<p><strong>Municipio en Ayuda<\/strong><\/p>\n<p>La reja de protecci\u00f3n fue instalada hace solo un d\u00eda por parte de Talleres, con recursos municipales, y la noticia de que ya lo hab\u00edan roto gener\u00f3 la desaz\u00f3n del coordinador de Talleres, Ricardo Le\u00f3n, que se\u00f1al\u00f3 a Diario El Trabajo que \u201cla municipalidad hace todos los esfuerzos posibles por cumplir con la expectativa de los vecinos y sus demandas, y lamentablemente hay gente que no quiere cuidarlos, y no solo en esto que le pas\u00f3 a los vecinos de Luis Gajardo Guerrero, tambi\u00e9n tenemos gente que rompe los \u00e1rboles, los bancos, las plantas. Es decepcionante ver c\u00f3mo gente de empresas de construcci\u00f3n o industrias salen a botar sus desechos a los contenedores que tenemos dispuestos para los vecinos, o sencillamente los arrojan en espacios que se transforman en peque\u00f1os basurales. En vez de hermosear la ciudad la vamos estropeando\u201d.<\/p>\n<p>Para el caso puntual de la poblaci\u00f3n afectada, Le\u00f3n se comprometi\u00f3 a confeccionarle un tipo de cajas que permita proteger los candados de los portones de accesos a la plazoleta y as\u00ed ayudar a hacer m\u00e1s dif\u00edcil la tarea de los delincuentes.<\/p>\n<p>&nbsp;<\/p>\n","protected":false},"excerpt":{"rendered":"<p>En la Poblaci\u00f3n Luis Gajardo Guerrero I Etapa estaban muy contentos de recibir un cierre perimetral para la \u2018Plazuela de la Diversidad\u2019 inaugurada a un costado del conjunto habitacional. Por fin se&#8230;<\/p>\n","protected":false},"author":482,"featured_media":45011,"comment_status":"open","ping_status":"closed","sticky":false,"template":"","format":"standard","meta":{"advanced_seo_description":"","jetpack_seo_html_title":"","jetpack_seo_noindex":false,"_jetpack_memberships_contains_paid_content":false,"footnotes":""},"categories":[15],"tags":[],"class_list":["post-45009","post","type-post","status-publish","format-standard","has-post-thumbnail","hentry","category-comunidad"],"jetpack_featured_media_url":"https:\/\/i0.wp.com\/eltrabajo.cl\/portal\/wp-content\/uploads\/2014\/04\/basureros-rotos-por-maleantes.jpg?fit=529%2C401&ssl=1","jetpack_sharing_enabled":true,"jetpack_likes_enabled":true,"jetpack-related-posts":[],"_links":{"self":[{"href":"https:\/\/eltrabajo.cl\/portal\/wp-json\/wp\/v2\/posts\/45009","targetHints":{"allow":["GET"]}}],"collection":[{"href":"https:\/\/eltrabajo.cl\/portal\/wp-json\/wp\/v2\/posts"}],"about":[{"href":"https:\/\/eltrabajo.cl\/portal\/wp-json\/wp\/v2\/types\/post"}],"author":[{"embeddable":true,"href":"https:\/\/eltrabajo.cl\/portal\/wp-json\/wp\/v2\/users\/482"}],"replies":[{"embeddable":true,"href":"https:\/\/eltrabajo.cl\/portal\/wp-json\/wp\/v2\/comments?post=45009"}],"version-history":[{"count":0,"href":"https:\/\/eltrabajo.cl\/portal\/wp-json\/wp\/v2\/posts\/45009\/revisions"}],"wp:featuredmedia":[{"embeddable":true,"href":"https:\/\/eltrabajo.cl\/portal\/wp-json\/wp\/v2\/media\/45011"}],"wp:attachment":[{"href":"https:\/\/eltrabajo.cl\/portal\/wp-json\/wp\/v2\/media?parent=45009"}],"wp:term":[{"taxonomy":"category","embeddable":true,"href":"https:\/\/eltrabajo.cl\/portal\/wp-json\/wp\/v2\/categories?post=45009"},{"taxonomy":"post_tag","embeddable":true,"href":"https:\/\/eltrabajo.cl\/portal\/wp-json\/wp\/v2\/tags?post=45009"}],"curies":[{"name":"wp","href":"https:\/\/api.w.org\/{rel}","templated":true}]}}