{"id":45014,"date":"2014-04-03T09:59:48","date_gmt":"2014-04-03T12:59:48","guid":{"rendered":"http:\/\/www.eltrabajo.cl\/portal\/?p=45014"},"modified":"2014-04-03T09:59:48","modified_gmt":"2014-04-03T12:59:48","slug":"gobernador-leon-visita-cajas-pagadoras-del-apf-en-san-felipe-y-putaendo","status":"publish","type":"post","link":"https:\/\/eltrabajo.cl\/portal\/gobernador-leon-visita-cajas-pagadoras-del-apf-en-san-felipe-y-putaendo\/","title":{"rendered":"Gobernador Le\u00f3n visita cajas pagadoras del APF en San Felipe y Putaendo"},"content":{"rendered":"<figure id=\"attachment_45015\" aria-describedby=\"caption-attachment-45015\" style=\"width: 529px\" class=\"wp-caption alignnone\"><a href=\"https:\/\/i0.wp.com\/www.eltrabajo.cl\/portal\/wp-content\/uploads\/2014\/04\/FOTO-APORTE-FAMILIAR-PERAMNENTE-03.jpg\"><img data-recalc-dims=\"1\" loading=\"lazy\" decoding=\"async\" class=\"size-full wp-image-45015\" alt=\"En las oficinas de la Caja Los H\u00e9roes se est\u00e1 pagando el Aporte Permanente Familiar.\" src=\"https:\/\/i0.wp.com\/www.eltrabajo.cl\/portal\/wp-content\/uploads\/2014\/04\/FOTO-APORTE-FAMILIAR-PERAMNENTE-03.jpg?resize=529%2C315\" width=\"529\" height=\"315\" srcset=\"https:\/\/i0.wp.com\/eltrabajo.cl\/portal\/wp-content\/uploads\/2014\/04\/FOTO-APORTE-FAMILIAR-PERAMNENTE-03.jpg?w=529&amp;ssl=1 529w, https:\/\/i0.wp.com\/eltrabajo.cl\/portal\/wp-content\/uploads\/2014\/04\/FOTO-APORTE-FAMILIAR-PERAMNENTE-03.jpg?resize=200%2C119&amp;ssl=1 200w, https:\/\/i0.wp.com\/eltrabajo.cl\/portal\/wp-content\/uploads\/2014\/04\/FOTO-APORTE-FAMILIAR-PERAMNENTE-03.jpg?resize=300%2C178&amp;ssl=1 300w, https:\/\/i0.wp.com\/eltrabajo.cl\/portal\/wp-content\/uploads\/2014\/04\/FOTO-APORTE-FAMILIAR-PERAMNENTE-03.jpg?resize=150%2C89&amp;ssl=1 150w, https:\/\/i0.wp.com\/eltrabajo.cl\/portal\/wp-content\/uploads\/2014\/04\/FOTO-APORTE-FAMILIAR-PERAMNENTE-03.jpg?resize=400%2C238&amp;ssl=1 400w\" sizes=\"auto, (max-width: 529px) 100vw, 529px\" \/><\/a><figcaption id=\"caption-attachment-45015\" class=\"wp-caption-text\">En las oficinas de la Caja Los H\u00e9roes se est\u00e1 pagando el Aporte Permanente Familiar.<\/figcaption><\/figure>\n<ul>\n<li><strong>Primera autoridad provincial acudi\u00f3 a sucursales de Caja de Compensaci\u00f3n Los H\u00e9roes para reafirmar que con este pago se cumple una de las medidas comprometidas por la Presidenta Michelle Bachelet.<\/strong><\/li>\n<\/ul>\n<p>El Gobernador de la Provincia de San Felipe, Eduardo Le\u00f3n, realiz\u00f3 una visita a las sucursales de la Caja de Compensaci\u00f3n Los H\u00e9roes de San Felipe y Putaendo para conocer en terreno sobre la entrega del Aporte Permanente Familiar (APF).<\/p>\n<p>Durante su visita, el agente de la sucursal San Felipe, Leonardo Mu\u00f1oz, inform\u00f3 al Gobernador las cifras de cumplimiento. Seg\u00fan estos datos, es el primer compromiso cumplido dentro de las 50 medidas de Gobierno, beneficiando a un mill\u00f3n 601 mil personas.<\/p>\n<p>Lo positivo, adem\u00e1s, es el crecimiento que se ha hecho acompa\u00f1ado de una atenci\u00f3n de calidad, que se refleja en un \u00edndice de satisfacci\u00f3n usuaria que sobrepasa el 98%.<\/p>\n<figure id=\"attachment_45016\" aria-describedby=\"caption-attachment-45016\" style=\"width: 370px\" class=\"wp-caption alignright\"><a href=\"https:\/\/i0.wp.com\/www.eltrabajo.cl\/portal\/wp-content\/uploads\/2014\/04\/FOTO-APORTE-FAMILIAR-PERMANENTE-04.jpg\"><img data-recalc-dims=\"1\" loading=\"lazy\" decoding=\"async\" class=\" wp-image-45016 \" alt=\"El Gobernador Eduardo Le\u00f3n junto a Marcela Past\u00e9n, jefa de proceso oficina Caja Los H\u00e9roes de Putaendo, y Leonardo Mu\u00f1oz, agente sucursal San Felipe.\" src=\"https:\/\/i0.wp.com\/www.eltrabajo.cl\/portal\/wp-content\/uploads\/2014\/04\/FOTO-APORTE-FAMILIAR-PERMANENTE-04.jpg?resize=370%2C251\" width=\"370\" height=\"251\" srcset=\"https:\/\/i0.wp.com\/eltrabajo.cl\/portal\/wp-content\/uploads\/2014\/04\/FOTO-APORTE-FAMILIAR-PERMANENTE-04.jpg?w=529&amp;ssl=1 529w, https:\/\/i0.wp.com\/eltrabajo.cl\/portal\/wp-content\/uploads\/2014\/04\/FOTO-APORTE-FAMILIAR-PERMANENTE-04.jpg?resize=200%2C135&amp;ssl=1 200w, https:\/\/i0.wp.com\/eltrabajo.cl\/portal\/wp-content\/uploads\/2014\/04\/FOTO-APORTE-FAMILIAR-PERMANENTE-04.jpg?resize=300%2C203&amp;ssl=1 300w, https:\/\/i0.wp.com\/eltrabajo.cl\/portal\/wp-content\/uploads\/2014\/04\/FOTO-APORTE-FAMILIAR-PERMANENTE-04.jpg?resize=150%2C101&amp;ssl=1 150w, https:\/\/i0.wp.com\/eltrabajo.cl\/portal\/wp-content\/uploads\/2014\/04\/FOTO-APORTE-FAMILIAR-PERMANENTE-04.jpg?resize=400%2C270&amp;ssl=1 400w\" sizes=\"auto, (max-width: 370px) 100vw, 370px\" \/><\/a><figcaption id=\"caption-attachment-45016\" class=\"wp-caption-text\">El Gobernador Eduardo Le\u00f3n junto a Marcela Past\u00e9n, jefa de proceso oficina Caja Los H\u00e9roes de Putaendo, y Leonardo Mu\u00f1oz, agente sucursal San Felipe.<\/figcaption><\/figure>\n<p>Leonardo Mu\u00f1oz se mostr\u00f3 satisfecho con respecto al trabajo que viene realizando la Caja de Compensaci\u00f3n Los H\u00e9roes, porque \u201cha demostrado una estabilidad en cuanto a la eficiencia, eficacia, que nos tiene bastante contentos\u201d.<\/p>\n<p>Para Marcela Past\u00e9n, jefa de proceso oficina Caja Los H\u00e9roes de Putaendo, la incorporaci\u00f3n de esta sucursal hace tres a\u00f1os, es \u201cun gran beneficio, debido a que los pensionados de la comuna no tienen que trasladarse a San Felipe para cancelarse, es un gran ahorro\u201d. En la comuna de Putaendo fue acompa\u00f1ado por el Alcalde Guillermo Reyes.<\/p>\n<p>Las sucursales de pago Los H\u00e9roes contratadas por el Instituto de Previsi\u00f3n Social atienden de 09:00 a 18:00 hrs., de lunes a viernes. Lo importante es que las personas acudan, con su c\u00e9dula de identidad, desde las fechas de pago que tienen asignadas en www.aportefamiliar.cl, y no se adelanten.<\/p>\n<p>Quienes no aparezcan como beneficiarios podr\u00e1n hacer su reclamaci\u00f3n durante un a\u00f1o en el mismo sitio www.aportefamiliar.cl.<\/p>\n<p>&nbsp;<\/p>\n","protected":false},"excerpt":{"rendered":"<p>Primera autoridad provincial acudi\u00f3 a sucursales de Caja de Compensaci\u00f3n Los H\u00e9roes para reafirmar que con este pago se cumple una de las medidas comprometidas por la Presidenta Michelle Bachelet. El Gobernador&#8230;<\/p>\n","protected":false},"author":482,"featured_media":45015,"comment_status":"open","ping_status":"closed","sticky":false,"template":"","format":"standard","meta":{"advanced_seo_description":"","jetpack_seo_html_title":"","jetpack_seo_noindex":false,"_jetpack_memberships_contains_paid_content":false,"footnotes":""},"categories":[15],"tags":[],"class_list":["post-45014","post","type-post","status-publish","format-standard","has-post-thumbnail","hentry","category-comunidad"],"jetpack_featured_media_url":"https:\/\/i0.wp.com\/eltrabajo.cl\/portal\/wp-content\/uploads\/2014\/04\/FOTO-APORTE-FAMILIAR-PERAMNENTE-03.jpg?fit=529%2C315&ssl=1","jetpack_sharing_enabled":true,"jetpack_likes_enabled":true,"jetpack-related-posts":[],"_links":{"self":[{"href":"https:\/\/eltrabajo.cl\/portal\/wp-json\/wp\/v2\/posts\/45014","targetHints":{"allow":["GET"]}}],"collection":[{"href":"https:\/\/eltrabajo.cl\/portal\/wp-json\/wp\/v2\/posts"}],"about":[{"href":"https:\/\/eltrabajo.cl\/portal\/wp-json\/wp\/v2\/types\/post"}],"author":[{"embeddable":true,"href":"https:\/\/eltrabajo.cl\/portal\/wp-json\/wp\/v2\/users\/482"}],"replies":[{"embeddable":true,"href":"https:\/\/eltrabajo.cl\/portal\/wp-json\/wp\/v2\/comments?post=45014"}],"version-history":[{"count":0,"href":"https:\/\/eltrabajo.cl\/portal\/wp-json\/wp\/v2\/posts\/45014\/revisions"}],"wp:featuredmedia":[{"embeddable":true,"href":"https:\/\/eltrabajo.cl\/portal\/wp-json\/wp\/v2\/media\/45015"}],"wp:attachment":[{"href":"https:\/\/eltrabajo.cl\/portal\/wp-json\/wp\/v2\/media?parent=45014"}],"wp:term":[{"taxonomy":"category","embeddable":true,"href":"https:\/\/eltrabajo.cl\/portal\/wp-json\/wp\/v2\/categories?post=45014"},{"taxonomy":"post_tag","embeddable":true,"href":"https:\/\/eltrabajo.cl\/portal\/wp-json\/wp\/v2\/tags?post=45014"}],"curies":[{"name":"wp","href":"https:\/\/api.w.org\/{rel}","templated":true}]}}