{"id":45019,"date":"2014-04-03T10:01:32","date_gmt":"2014-04-03T13:01:32","guid":{"rendered":"http:\/\/www.eltrabajo.cl\/portal\/?p=45019"},"modified":"2014-04-03T10:01:32","modified_gmt":"2014-04-03T13:01:32","slug":"este-martes-comenzo-restauracion-de-esculturas-de-la-plaza-de-armas","status":"publish","type":"post","link":"https:\/\/eltrabajo.cl\/portal\/este-martes-comenzo-restauracion-de-esculturas-de-la-plaza-de-armas\/","title":{"rendered":"Este martes comenz\u00f3 restauraci\u00f3n de esculturas de la Plaza de Armas"},"content":{"rendered":"<figure id=\"attachment_45020\" aria-describedby=\"caption-attachment-45020\" style=\"width: 296px\" class=\"wp-caption alignleft\"><a href=\"https:\/\/i0.wp.com\/www.eltrabajo.cl\/portal\/wp-content\/uploads\/2014\/04\/restauracion-estatuas-artfacto.jpg\"><img data-recalc-dims=\"1\" loading=\"lazy\" decoding=\"async\" class=\" wp-image-45020  \" alt=\"Este martes comenzaron los trabajos por parte de la empresa a cargo de la restauraci\u00f3n de cuatro esculturas de la plaza.\" src=\"https:\/\/i0.wp.com\/www.eltrabajo.cl\/portal\/wp-content\/uploads\/2014\/04\/restauracion-estatuas-artfacto.jpg?resize=296%2C447\" width=\"296\" height=\"447\" srcset=\"https:\/\/i0.wp.com\/eltrabajo.cl\/portal\/wp-content\/uploads\/2014\/04\/restauracion-estatuas-artfacto.jpg?w=529&amp;ssl=1 529w, https:\/\/i0.wp.com\/eltrabajo.cl\/portal\/wp-content\/uploads\/2014\/04\/restauracion-estatuas-artfacto.jpg?resize=99%2C150&amp;ssl=1 99w, https:\/\/i0.wp.com\/eltrabajo.cl\/portal\/wp-content\/uploads\/2014\/04\/restauracion-estatuas-artfacto.jpg?resize=198%2C300&amp;ssl=1 198w, https:\/\/i0.wp.com\/eltrabajo.cl\/portal\/wp-content\/uploads\/2014\/04\/restauracion-estatuas-artfacto.jpg?resize=400%2C604&amp;ssl=1 400w\" sizes=\"auto, (max-width: 296px) 100vw, 296px\" \/><\/a><figcaption id=\"caption-attachment-45020\" class=\"wp-caption-text\">Este martes comenzaron los trabajos por parte de la empresa a cargo de la restauraci\u00f3n de cuatro esculturas de la plaza.<\/figcaption><\/figure>\n<p>Este martes el Alcalde Patricio Freire dio el vamos al proyecto de Conservaci\u00f3n para el conjunto de esculturas ornamentales de la Plaza de Armas, una iniciativa presentada al Fondo de la Cultura y las Artes 2014 y cofinanciada por la Municipalidad de San Felipe.<\/p>\n<p>Ejecutado por la empresa ArTfacto, el proyecto tiene como objetivo poner en valor la plaza de Armas de San Felipe como hito hist\u00f3rico, cultural y ciudadano, a trav\u00e9s de la recuperaci\u00f3n de cuatro esculturas que se encuentran en el principal paseo peatonal de nuestra comuna, las que est\u00e1n bastante deterioradas, a lo que se suman dos jarrones que se ubican en el sector central de la plaza.<\/p>\n<p>Este trabajo comenz\u00f3 este martes, luego que los profesionales de la empresa a cargo se trasladaron hasta la plaza.<\/p>\n<p>\u201cVe\u00edamos estas estatuas tan antiguas en la plaza de San Felipe que estaban tan deterioradas. Nos hemos ganado un Fondart para restaurarlas y el trabajo lo realizar\u00e1 una empresa especialista en restauraci\u00f3n\u201d, dijo el Alcalde Freire.<\/p>\n<p>El jefe comunal se\u00f1al\u00f3 que el plazo de entrega del proyecto es el mes de junio y realiz\u00f3 un llamado a los vecinos a protegerlas y mantenerlas en buen estado una vez que sean entregadas a la comunidad.<\/p>\n<p>\u201cEl 27 de junio esperamos que est\u00e9 lista la parte de intervenci\u00f3n, luego hay un apartado de gesti\u00f3n, va a haber una charla donde vamos a invitar a la comunidad, donde nosotras vamos a contar qu\u00e9 hicimos, por qu\u00e9 lo hicimos y cu\u00e1l fue cada uno de los procesos que se realizaron\u201d, se\u00f1al\u00f3 Jazm\u00edn Rozas, una de las profesionales de ArTfacto.<\/p>\n<p>Las profesionales a cargo del proyecto invitaron a los vecinos a participar de la intervenci\u00f3n, acerc\u00e1ndose a la plaza y realizando las consultas a los restauradores que se mantendr\u00e1n todos estos meses trabajando en las esculturas.<\/p>\n<p>&nbsp;<\/p>\n","protected":false},"excerpt":{"rendered":"<p>Este martes el Alcalde Patricio Freire dio el vamos al proyecto de Conservaci\u00f3n para el conjunto de esculturas ornamentales de la Plaza de Armas, una iniciativa presentada al Fondo de la Cultura&#8230;<\/p>\n","protected":false},"author":482,"featured_media":45020,"comment_status":"open","ping_status":"closed","sticky":false,"template":"","format":"standard","meta":{"advanced_seo_description":"","jetpack_seo_html_title":"","jetpack_seo_noindex":false,"_jetpack_memberships_contains_paid_content":false,"footnotes":""},"categories":[1],"tags":[],"class_list":["post-45019","post","type-post","status-publish","format-standard","has-post-thumbnail","hentry","category-cronica"],"jetpack_featured_media_url":"https:\/\/i0.wp.com\/eltrabajo.cl\/portal\/wp-content\/uploads\/2014\/04\/restauracion-estatuas-artfacto.jpg?fit=529%2C799&ssl=1","jetpack_sharing_enabled":true,"jetpack_likes_enabled":true,"jetpack-related-posts":[],"_links":{"self":[{"href":"https:\/\/eltrabajo.cl\/portal\/wp-json\/wp\/v2\/posts\/45019","targetHints":{"allow":["GET"]}}],"collection":[{"href":"https:\/\/eltrabajo.cl\/portal\/wp-json\/wp\/v2\/posts"}],"about":[{"href":"https:\/\/eltrabajo.cl\/portal\/wp-json\/wp\/v2\/types\/post"}],"author":[{"embeddable":true,"href":"https:\/\/eltrabajo.cl\/portal\/wp-json\/wp\/v2\/users\/482"}],"replies":[{"embeddable":true,"href":"https:\/\/eltrabajo.cl\/portal\/wp-json\/wp\/v2\/comments?post=45019"}],"version-history":[{"count":0,"href":"https:\/\/eltrabajo.cl\/portal\/wp-json\/wp\/v2\/posts\/45019\/revisions"}],"wp:featuredmedia":[{"embeddable":true,"href":"https:\/\/eltrabajo.cl\/portal\/wp-json\/wp\/v2\/media\/45020"}],"wp:attachment":[{"href":"https:\/\/eltrabajo.cl\/portal\/wp-json\/wp\/v2\/media?parent=45019"}],"wp:term":[{"taxonomy":"category","embeddable":true,"href":"https:\/\/eltrabajo.cl\/portal\/wp-json\/wp\/v2\/categories?post=45019"},{"taxonomy":"post_tag","embeddable":true,"href":"https:\/\/eltrabajo.cl\/portal\/wp-json\/wp\/v2\/tags?post=45019"}],"curies":[{"name":"wp","href":"https:\/\/api.w.org\/{rel}","templated":true}]}}