{"id":45025,"date":"2014-04-03T10:06:59","date_gmt":"2014-04-03T13:06:59","guid":{"rendered":"http:\/\/www.eltrabajo.cl\/portal\/?p=45025"},"modified":"2014-04-03T10:06:59","modified_gmt":"2014-04-03T13:06:59","slug":"hoy-despiden-a-lalo-munoz-ex-futbolista-y-creador-de-clubes-de-futbol","status":"publish","type":"post","link":"https:\/\/eltrabajo.cl\/portal\/hoy-despiden-a-lalo-munoz-ex-futbolista-y-creador-de-clubes-de-futbol\/","title":{"rendered":"Hoy despiden a \u2018Lalo\u2019 Mu\u00f1oz, ex-futbolista y creador de clubes de f\u00fatbol"},"content":{"rendered":"<figure id=\"attachment_45026\" aria-describedby=\"caption-attachment-45026\" style=\"width: 317px\" class=\"wp-caption alignleft\"><a href=\"https:\/\/i0.wp.com\/www.eltrabajo.cl\/portal\/wp-content\/uploads\/2014\/04\/Lalito-Munoz.jpg\"><img data-recalc-dims=\"1\" loading=\"lazy\" decoding=\"async\" class=\" wp-image-45026 \" alt=\"LALITO.- Eduardo \u2018Lalo\u2019 Mu\u00f1oz Altamirano, falleci\u00f3 este martes y ser\u00e1 sepultado hoy jueves en el Cementerio Municipal en Almendral, luego de la Misa a las 11:00 horas en la Iglesia La Merced.\" src=\"https:\/\/i0.wp.com\/www.eltrabajo.cl\/portal\/wp-content\/uploads\/2014\/04\/Lalito-Munoz.jpg?resize=317%2C240\" width=\"317\" height=\"240\" srcset=\"https:\/\/i0.wp.com\/eltrabajo.cl\/portal\/wp-content\/uploads\/2014\/04\/Lalito-Munoz.jpg?w=528&amp;ssl=1 528w, https:\/\/i0.wp.com\/eltrabajo.cl\/portal\/wp-content\/uploads\/2014\/04\/Lalito-Munoz.jpg?resize=198%2C150&amp;ssl=1 198w, https:\/\/i0.wp.com\/eltrabajo.cl\/portal\/wp-content\/uploads\/2014\/04\/Lalito-Munoz.jpg?resize=300%2C227&amp;ssl=1 300w, https:\/\/i0.wp.com\/eltrabajo.cl\/portal\/wp-content\/uploads\/2014\/04\/Lalito-Munoz.jpg?resize=150%2C113&amp;ssl=1 150w, https:\/\/i0.wp.com\/eltrabajo.cl\/portal\/wp-content\/uploads\/2014\/04\/Lalito-Munoz.jpg?resize=400%2C303&amp;ssl=1 400w\" sizes=\"auto, (max-width: 317px) 100vw, 317px\" \/><\/a><figcaption id=\"caption-attachment-45026\" class=\"wp-caption-text\">LALITO.- Eduardo \u2018Lalo\u2019 Mu\u00f1oz Altamirano, falleci\u00f3 este martes y ser\u00e1 sepultado hoy jueves en el Cementerio Municipal en Almendral, luego de la Misa a las 11:00 horas en la Iglesia La Merced.<\/figcaption><\/figure>\n<p>El hombre que corri\u00f3 alegremente en las canchas del f\u00fatbol amateur y profesional de nuestro valle y quien tambi\u00e9n diera forma a j\u00f3venes deportistas a trav\u00e9s de su dedicada actividad como entrenador de clubes, falleci\u00f3 este martes 1\u00ba de abril en el Hospital San Camilo, luego que desde el domingo quedara gravemente herido tras ser atropellado por un colectivo en las inmediaciones de Avenida Miraflores.<\/p>\n<p><strong>CREADOR\u00a0DE CLUBES<\/strong><\/p>\n<p>Hablamos del connotado ex-futbolista y tambi\u00e9n ex-entrenador deportivo sanfelipe\u00f1o, Eduardo \u2018Lalo\u2019 Mu\u00f1oz Altamirano, quien falleciera a causa de las heridas sufridas en un accidente de tr\u00e1nsito, en el cual \u00e9l llev\u00f3 la peor parte. Eduardo Mu\u00f1oz era uno de seis hermanos, muere a sus 66 a\u00f1os, al final de sus d\u00edas \u00e9l dedic\u00f3 su vida a crear y desarrollar paisajismo, tuvo siete hijos y fue el fundador del Club Santos de La Santita, entre muchos logros deportivos.<\/p>\n<p>\u00ab\u2018Lalo\u2019 estuvo el domingo ac\u00e1 con otro hermano nuestro, al rato le dio por ir a casa de su pareja, cuando \u00e9l iba por Miraflores es cuando le pas\u00f3 el accidente, un colectivo lo atropell\u00f3, qued\u00f3 muy grave en el San Camilo, los doctores nos dijeron que si \u00e9l pasaba de hoy (ayer) mi\u00e9rcoles, \u00e9l se salvaba, pero lamentablemente no fue as\u00ed, muri\u00f3 el martes antes del mediod\u00eda\u00bb, coment\u00f3 serenamente la hermana del fallecido vecino, Alicia Mu\u00f1oz.<\/p>\n<p><strong>\u00a0FAMILIARES\u00a0DESTROZADOS<\/strong><\/p>\n<p>Familiares y amigos del extinto deportista acudieron respetuosamente a su casa de habitaci\u00f3n para presentar el P\u00e9same a sus familiares, Diario El Trabajo habl\u00f3 con Eduardo Mu\u00f1oz Valenzuela, hijo del hoy fallecido.<\/p>\n<p>\u00abPap\u00e1 fue un gran deportista y entrenador de varios equipos de f\u00fatbol de la ciudad, \u00e9l entren\u00f3 a clubes como el Prat; Deportivo Arauco; Atl\u00e9tico El Tambo y hasta fue seleccionado del Un\u00ed Un\u00ed en sus a\u00f1os j\u00f3venes\u00bb, coment\u00f3 Eduardo.<\/p>\n<p>El aporte en el campo deportivo de \u2018Lalo\u2019 Mu\u00f1oz fue bien aprovechado por las varias generaciones de futbolistas que a \u00e9l se acercaron para aprender a su lado.<\/p>\n<p><strong>FORMADOR DE\u00a0DEPORTISTAS<\/strong><\/p>\n<p>\u00ab\u00c9l logr\u00f3 enderezar a muchos j\u00f3venes a trav\u00e9s del f\u00fatbol, form\u00f3 a buenos jugadores y les ayud\u00f3 a muchos clubes en su parte t\u00e1ctica, \u00e9l supo entregarlo todo y descoll\u00f3 al lado de grandes figuras de su tiempo, lo hizo porque \u00e9l tambi\u00e9n era una figura importante en el deporte\u00bb, finaliz\u00f3 el angustiado hijo.<\/p>\n<p>Diario El Trabajo presentamos nuestro sincero p\u00e9same a familiares y amigos de quien marcara el camino por el que cientos de personas transitaron hacia su realizaci\u00f3n personal en el campo del sano deporte. Descanse en Paz Eduardo \u2018Lalo\u2019 Mu\u00f1oz Altamirano.<\/p>\n<p>Roberto Gonz\u00e1lez Short<\/p>\n<p>diario@eltrabajo.cl<\/p>\n<div class=\"tiled-gallery type-rectangular tiled-gallery-unresized\" data-original-width=\"640\" data-carousel-extra='null' itemscope itemtype=\"http:\/\/schema.org\/ImageGallery\" > <div class=\"gallery-row\" style=\"width: 640px; height: 439px;\" data-original-width=\"640\" data-original-height=\"439\" > <div class=\"gallery-group images-3\" style=\"width: 242px; height: 439px;\" data-original-width=\"242\" data-original-height=\"439\" > <div class=\"tiled-gallery-item tiled-gallery-item-small\" itemprop=\"associatedMedia\" itemscope itemtype=\"http:\/\/schema.org\/ImageObject\"> <a href=\"https:\/\/eltrabajo.cl\/portal\/hoy-despiden-a-lalo-munoz-ex-futbolista-y-creador-de-clubes-de-futbol\/pratt1\/\" border=\"0\" itemprop=\"url\"> <meta itemprop=\"width\" content=\"238\"> <meta itemprop=\"height\" content=\"141\"> <img decoding=\"async\" class=\"\" data-attachment-id=\"45031\" data-orig-file=\"https:\/\/eltrabajo.cl\/portal\/wp-content\/uploads\/2014\/04\/Pratt1.jpg\" data-orig-size=\"529,312\" data-comments-opened=\"1\" data-image-meta=\"{&quot;aperture&quot;:&quot;0&quot;,&quot;credit&quot;:&quot;&quot;,&quot;camera&quot;:&quot;&quot;,&quot;caption&quot;:&quot;&quot;,&quot;created_timestamp&quot;:&quot;0&quot;,&quot;copyright&quot;:&quot;&quot;,&quot;focal_length&quot;:&quot;0&quot;,&quot;iso&quot;:&quot;0&quot;,&quot;shutter_speed&quot;:&quot;0&quot;,&quot;title&quot;:&quot;&quot;}\" data-image-title=\"Pratt1\" data-image-description=\"&lt;p&gt;DESDE JOVEN.- En este equipo del Prat vemos, primero a la izquierda, a Lalo Mu\u00f1oz como entrenador de dicho club deportivo.&lt;\/p&gt; \" data-medium-file=\"https:\/\/i0.wp.com\/eltrabajo.cl\/portal\/wp-content\/uploads\/2014\/04\/Pratt1.jpg?fit=300%2C176&#038;ssl=1\" data-large-file=\"https:\/\/i0.wp.com\/eltrabajo.cl\/portal\/wp-content\/uploads\/2014\/04\/Pratt1.jpg?fit=529%2C312&#038;ssl=1\" src=\"https:\/\/i0.wp.com\/eltrabajo.cl\/portal\/wp-content\/uploads\/2014\/04\/Pratt1.jpg?w=238&#038;h=141&#038;ssl=1\" srcset=\"https:\/\/i0.wp.com\/eltrabajo.cl\/portal\/wp-content\/uploads\/2014\/04\/Pratt1.jpg?w=529&amp;ssl=1 529w, https:\/\/i0.wp.com\/eltrabajo.cl\/portal\/wp-content\/uploads\/2014\/04\/Pratt1.jpg?resize=200%2C117&amp;ssl=1 200w, https:\/\/i0.wp.com\/eltrabajo.cl\/portal\/wp-content\/uploads\/2014\/04\/Pratt1.jpg?resize=300%2C176&amp;ssl=1 300w, https:\/\/i0.wp.com\/eltrabajo.cl\/portal\/wp-content\/uploads\/2014\/04\/Pratt1.jpg?resize=150%2C88&amp;ssl=1 150w, https:\/\/i0.wp.com\/eltrabajo.cl\/portal\/wp-content\/uploads\/2014\/04\/Pratt1.jpg?resize=400%2C235&amp;ssl=1 400w\" width=\"238\" height=\"141\" loading=\"lazy\" data-original-width=\"238\" data-original-height=\"141\" itemprop=\"http:\/\/schema.org\/image\" title=\"Pratt1\" alt=\"DESDE JOVEN.- En este equipo del Prat vemos, primero a la izquierda, a Lalo Mu\u00f1oz como entrenador de dicho club deportivo.\" style=\"width: 238px; height: 141px;\" \/> <\/a> <div class=\"tiled-gallery-caption\" itemprop=\"caption description\"> DESDE JOVEN.- En este equipo del Prat vemos, primero a la izquierda, a Lalo Mu\u00f1oz como entrenador de dicho club deportivo. <\/div> <\/div> <div class=\"tiled-gallery-item tiled-gallery-item-small\" itemprop=\"associatedMedia\" itemscope itemtype=\"http:\/\/schema.org\/ImageObject\"> <a href=\"https:\/\/eltrabajo.cl\/portal\/hoy-despiden-a-lalo-munoz-ex-futbolista-y-creador-de-clubes-de-futbol\/lalo-uni\/\" border=\"0\" itemprop=\"url\"> <meta itemprop=\"width\" content=\"238\"> <meta itemprop=\"height\" content=\"151\"> <img decoding=\"async\" class=\"\" data-attachment-id=\"45030\" data-orig-file=\"https:\/\/eltrabajo.cl\/portal\/wp-content\/uploads\/2014\/04\/Lalo-Uni.jpg\" data-orig-size=\"528,335\" data-comments-opened=\"1\" data-image-meta=\"{&quot;aperture&quot;:&quot;0&quot;,&quot;credit&quot;:&quot;&quot;,&quot;camera&quot;:&quot;&quot;,&quot;caption&quot;:&quot;&quot;,&quot;created_timestamp&quot;:&quot;0&quot;,&quot;copyright&quot;:&quot;&quot;,&quot;focal_length&quot;:&quot;0&quot;,&quot;iso&quot;:&quot;0&quot;,&quot;shutter_speed&quot;:&quot;0&quot;,&quot;title&quot;:&quot;&quot;}\" data-image-title=\"Lalo Uni\" data-image-description=\"&lt;p&gt;CON EL UN\u00cd.- Al centro de esta gr\u00e1fica, vemos a \u2018Lalo\u2019 Mu\u00f1oz en sus mejores tiempos deportivos vistiendo la camiseta blanca del Uni\u00f3n San Felipe. La Misa es a las 11:00 horas en Iglesia La Merced.&lt;\/p&gt; \" data-medium-file=\"https:\/\/i0.wp.com\/eltrabajo.cl\/portal\/wp-content\/uploads\/2014\/04\/Lalo-Uni.jpg?fit=300%2C190&#038;ssl=1\" data-large-file=\"https:\/\/i0.wp.com\/eltrabajo.cl\/portal\/wp-content\/uploads\/2014\/04\/Lalo-Uni.jpg?fit=528%2C335&#038;ssl=1\" src=\"https:\/\/i0.wp.com\/eltrabajo.cl\/portal\/wp-content\/uploads\/2014\/04\/Lalo-Uni.jpg?w=238&#038;h=151&#038;ssl=1\" srcset=\"https:\/\/i0.wp.com\/eltrabajo.cl\/portal\/wp-content\/uploads\/2014\/04\/Lalo-Uni.jpg?w=528&amp;ssl=1 528w, https:\/\/i0.wp.com\/eltrabajo.cl\/portal\/wp-content\/uploads\/2014\/04\/Lalo-Uni.jpg?resize=200%2C126&amp;ssl=1 200w, https:\/\/i0.wp.com\/eltrabajo.cl\/portal\/wp-content\/uploads\/2014\/04\/Lalo-Uni.jpg?resize=300%2C190&amp;ssl=1 300w, https:\/\/i0.wp.com\/eltrabajo.cl\/portal\/wp-content\/uploads\/2014\/04\/Lalo-Uni.jpg?resize=150%2C95&amp;ssl=1 150w, https:\/\/i0.wp.com\/eltrabajo.cl\/portal\/wp-content\/uploads\/2014\/04\/Lalo-Uni.jpg?resize=400%2C253&amp;ssl=1 400w\" width=\"238\" height=\"151\" loading=\"lazy\" data-original-width=\"238\" data-original-height=\"151\" itemprop=\"http:\/\/schema.org\/image\" title=\"Lalo Uni\" alt=\"CON EL UN\u00cd.- Al centro de esta gr\u00e1fica, vemos a \u2018Lalo\u2019 Mu\u00f1oz en sus mejores tiempos deportivos vistiendo la camiseta blanca del Uni\u00f3n San Felipe. La Misa es a las 11:00 horas en Iglesia La Merced.\" style=\"width: 238px; height: 151px;\" \/> <\/a> <div class=\"tiled-gallery-caption\" itemprop=\"caption description\"> CON EL UN\u00cd.- Al centro de esta gr\u00e1fica, vemos a \u2018Lalo\u2019 Mu\u00f1oz en sus mejores tiempos deportivos vistiendo la camiseta blanca del Uni\u00f3n San Felipe. La Misa es a las 11:00 horas en Iglesia La Merced. <\/div> <\/div> <div class=\"tiled-gallery-item tiled-gallery-item-small\" itemprop=\"associatedMedia\" itemscope itemtype=\"http:\/\/schema.org\/ImageObject\"> <a href=\"https:\/\/eltrabajo.cl\/portal\/hoy-despiden-a-lalo-munoz-ex-futbolista-y-creador-de-clubes-de-futbol\/familiares1-3\/\" border=\"0\" itemprop=\"url\"> <meta itemprop=\"width\" content=\"238\"> <meta itemprop=\"height\" content=\"135\"> <img decoding=\"async\" class=\"\" data-attachment-id=\"45029\" data-orig-file=\"https:\/\/eltrabajo.cl\/portal\/wp-content\/uploads\/2014\/04\/Familiares1.jpg\" data-orig-size=\"528,300\" data-comments-opened=\"1\" data-image-meta=\"{&quot;aperture&quot;:&quot;3.1&quot;,&quot;credit&quot;:&quot;&quot;,&quot;camera&quot;:&quot;DSC-H100&quot;,&quot;caption&quot;:&quot;&quot;,&quot;created_timestamp&quot;:&quot;1396439364&quot;,&quot;copyright&quot;:&quot;Copyright 2009&quot;,&quot;focal_length&quot;:&quot;4.5&quot;,&quot;iso&quot;:&quot;200&quot;,&quot;shutter_speed&quot;:&quot;0.033333333333333&quot;,&quot;title&quot;:&quot;&quot;}\" data-image-title=\"Familiares1\" data-image-description=\"&lt;p&gt;ANGUSTIADOS.- Familiares del deportista estaban desechos, pues la tr\u00e1gica manera de partir de Don Eduardo, fue abrupta e inesperada.&lt;\/p&gt; \" data-medium-file=\"https:\/\/i0.wp.com\/eltrabajo.cl\/portal\/wp-content\/uploads\/2014\/04\/Familiares1.jpg?fit=300%2C170&#038;ssl=1\" data-large-file=\"https:\/\/i0.wp.com\/eltrabajo.cl\/portal\/wp-content\/uploads\/2014\/04\/Familiares1.jpg?fit=528%2C300&#038;ssl=1\" src=\"https:\/\/i0.wp.com\/eltrabajo.cl\/portal\/wp-content\/uploads\/2014\/04\/Familiares1.jpg?w=238&#038;h=135&#038;ssl=1\" srcset=\"https:\/\/i0.wp.com\/eltrabajo.cl\/portal\/wp-content\/uploads\/2014\/04\/Familiares1.jpg?w=528&amp;ssl=1 528w, https:\/\/i0.wp.com\/eltrabajo.cl\/portal\/wp-content\/uploads\/2014\/04\/Familiares1.jpg?resize=200%2C113&amp;ssl=1 200w, https:\/\/i0.wp.com\/eltrabajo.cl\/portal\/wp-content\/uploads\/2014\/04\/Familiares1.jpg?resize=300%2C170&amp;ssl=1 300w, https:\/\/i0.wp.com\/eltrabajo.cl\/portal\/wp-content\/uploads\/2014\/04\/Familiares1.jpg?resize=150%2C85&amp;ssl=1 150w, https:\/\/i0.wp.com\/eltrabajo.cl\/portal\/wp-content\/uploads\/2014\/04\/Familiares1.jpg?resize=400%2C227&amp;ssl=1 400w\" width=\"238\" height=\"135\" loading=\"lazy\" data-original-width=\"238\" data-original-height=\"135\" itemprop=\"http:\/\/schema.org\/image\" title=\"Familiares1\" alt=\"ANGUSTIADOS.- Familiares del deportista estaban desechos, pues la tr\u00e1gica manera de partir de Don Eduardo, fue abrupta e inesperada.\" style=\"width: 238px; height: 135px;\" \/> <\/a> <div class=\"tiled-gallery-caption\" itemprop=\"caption description\"> ANGUSTIADOS.- Familiares del deportista estaban desechos, pues la tr\u00e1gica manera de partir de Don Eduardo, fue abrupta e inesperada. <\/div> <\/div> <\/div> <!-- close group --> <div class=\"gallery-group images-1\" style=\"width: 398px; height: 439px;\" data-original-width=\"398\" data-original-height=\"439\" > <div class=\"tiled-gallery-item tiled-gallery-item-large\" itemprop=\"associatedMedia\" itemscope itemtype=\"http:\/\/schema.org\/ImageObject\"> <a href=\"https:\/\/eltrabajo.cl\/portal\/hoy-despiden-a-lalo-munoz-ex-futbolista-y-creador-de-clubes-de-futbol\/eduardo-munoz\/\" border=\"0\" itemprop=\"url\"> <meta itemprop=\"width\" content=\"394\"> <meta itemprop=\"height\" content=\"435\"> <img decoding=\"async\" class=\"\" data-attachment-id=\"45028\" data-orig-file=\"https:\/\/eltrabajo.cl\/portal\/wp-content\/uploads\/2014\/04\/Eduardo-Munoz.jpg\" data-orig-size=\"529,584\" data-comments-opened=\"1\" data-image-meta=\"{&quot;aperture&quot;:&quot;3.1&quot;,&quot;credit&quot;:&quot;&quot;,&quot;camera&quot;:&quot;DSC-H100&quot;,&quot;caption&quot;:&quot;&quot;,&quot;created_timestamp&quot;:&quot;1396438989&quot;,&quot;copyright&quot;:&quot;Copyright 2009&quot;,&quot;focal_length&quot;:&quot;4.5&quot;,&quot;iso&quot;:&quot;80&quot;,&quot;shutter_speed&quot;:&quot;0.0125&quot;,&quot;title&quot;:&quot;&quot;}\" data-image-title=\"Eduardo Munoz\" data-image-description=\"&lt;p&gt;Eduardo Mu\u00f1oz Valenzuela, hijo del hoy fallecido.&lt;\/p&gt; \" data-medium-file=\"https:\/\/i0.wp.com\/eltrabajo.cl\/portal\/wp-content\/uploads\/2014\/04\/Eduardo-Munoz.jpg?fit=271%2C300&#038;ssl=1\" data-large-file=\"https:\/\/i0.wp.com\/eltrabajo.cl\/portal\/wp-content\/uploads\/2014\/04\/Eduardo-Munoz.jpg?fit=529%2C584&#038;ssl=1\" src=\"https:\/\/i0.wp.com\/eltrabajo.cl\/portal\/wp-content\/uploads\/2014\/04\/Eduardo-Munoz.jpg?w=394&#038;h=435&#038;ssl=1\" srcset=\"https:\/\/i0.wp.com\/eltrabajo.cl\/portal\/wp-content\/uploads\/2014\/04\/Eduardo-Munoz.jpg?w=529&amp;ssl=1 529w, https:\/\/i0.wp.com\/eltrabajo.cl\/portal\/wp-content\/uploads\/2014\/04\/Eduardo-Munoz.jpg?resize=135%2C150&amp;ssl=1 135w, https:\/\/i0.wp.com\/eltrabajo.cl\/portal\/wp-content\/uploads\/2014\/04\/Eduardo-Munoz.jpg?resize=271%2C300&amp;ssl=1 271w, https:\/\/i0.wp.com\/eltrabajo.cl\/portal\/wp-content\/uploads\/2014\/04\/Eduardo-Munoz.jpg?resize=400%2C441&amp;ssl=1 400w\" width=\"394\" height=\"435\" loading=\"lazy\" data-original-width=\"394\" data-original-height=\"435\" itemprop=\"http:\/\/schema.org\/image\" title=\"Eduardo Munoz\" alt=\"Eduardo Mu\u00f1oz Valenzuela, hijo del hoy fallecido.\" style=\"width: 394px; height: 435px;\" \/> <\/a> <div class=\"tiled-gallery-caption\" itemprop=\"caption description\"> Eduardo Mu\u00f1oz Valenzuela, hijo del hoy fallecido. <\/div> <\/div> <\/div> <!-- close group --> <\/div> <!-- close row --> <div class=\"gallery-row\" style=\"width: 640px; height: 577px;\" data-original-width=\"640\" data-original-height=\"577\" > <div class=\"gallery-group images-1\" style=\"width: 640px; height: 577px;\" data-original-width=\"640\" data-original-height=\"577\" > <div class=\"tiled-gallery-item tiled-gallery-item-large\" itemprop=\"associatedMedia\" itemscope itemtype=\"http:\/\/schema.org\/ImageObject\"> <a href=\"https:\/\/eltrabajo.cl\/portal\/hoy-despiden-a-lalo-munoz-ex-futbolista-y-creador-de-clubes-de-futbol\/alicia-munoz\/\" border=\"0\" itemprop=\"url\"> <meta itemprop=\"width\" content=\"636\"> <meta itemprop=\"height\" content=\"573\"> <img decoding=\"async\" class=\"\" data-attachment-id=\"45027\" data-orig-file=\"https:\/\/eltrabajo.cl\/portal\/wp-content\/uploads\/2014\/04\/Alicia-Munoz.jpg\" data-orig-size=\"529,477\" data-comments-opened=\"1\" data-image-meta=\"{&quot;aperture&quot;:&quot;3.1&quot;,&quot;credit&quot;:&quot;&quot;,&quot;camera&quot;:&quot;DSC-H100&quot;,&quot;caption&quot;:&quot;&quot;,&quot;created_timestamp&quot;:&quot;1396438541&quot;,&quot;copyright&quot;:&quot;Copyright 2009&quot;,&quot;focal_length&quot;:&quot;4.5&quot;,&quot;iso&quot;:&quot;80&quot;,&quot;shutter_speed&quot;:&quot;0.033333333333333&quot;,&quot;title&quot;:&quot;&quot;}\" data-image-title=\"Alicia Munoz\" data-image-description=\"&lt;p&gt;Hermana del finado, Alicia Mu\u00f1oz.&lt;\/p&gt; \" data-medium-file=\"https:\/\/i0.wp.com\/eltrabajo.cl\/portal\/wp-content\/uploads\/2014\/04\/Alicia-Munoz.jpg?fit=300%2C270&#038;ssl=1\" data-large-file=\"https:\/\/i0.wp.com\/eltrabajo.cl\/portal\/wp-content\/uploads\/2014\/04\/Alicia-Munoz.jpg?fit=529%2C477&#038;ssl=1\" src=\"https:\/\/i0.wp.com\/eltrabajo.cl\/portal\/wp-content\/uploads\/2014\/04\/Alicia-Munoz.jpg?w=636&#038;h=573&#038;ssl=1\" srcset=\"https:\/\/i0.wp.com\/eltrabajo.cl\/portal\/wp-content\/uploads\/2014\/04\/Alicia-Munoz.jpg?w=529&amp;ssl=1 529w, https:\/\/i0.wp.com\/eltrabajo.cl\/portal\/wp-content\/uploads\/2014\/04\/Alicia-Munoz.jpg?resize=166%2C150&amp;ssl=1 166w, https:\/\/i0.wp.com\/eltrabajo.cl\/portal\/wp-content\/uploads\/2014\/04\/Alicia-Munoz.jpg?resize=300%2C270&amp;ssl=1 300w, https:\/\/i0.wp.com\/eltrabajo.cl\/portal\/wp-content\/uploads\/2014\/04\/Alicia-Munoz.jpg?resize=150%2C135&amp;ssl=1 150w, https:\/\/i0.wp.com\/eltrabajo.cl\/portal\/wp-content\/uploads\/2014\/04\/Alicia-Munoz.jpg?resize=400%2C360&amp;ssl=1 400w\" width=\"636\" height=\"573\" loading=\"lazy\" data-original-width=\"636\" data-original-height=\"573\" itemprop=\"http:\/\/schema.org\/image\" title=\"Alicia Munoz\" alt=\"Hermana del finado, Alicia Mu\u00f1oz.\" style=\"width: 636px; height: 573px;\" \/> <\/a> <div class=\"tiled-gallery-caption\" itemprop=\"caption description\"> Hermana del finado, Alicia Mu\u00f1oz. <\/div> <\/div> <\/div> <!-- close group --> <\/div> <!-- close row --> <\/div>\n","protected":false},"excerpt":{"rendered":"<p>El hombre que corri\u00f3 alegremente en las canchas del f\u00fatbol amateur y profesional de nuestro valle y quien tambi\u00e9n diera forma a j\u00f3venes deportistas a trav\u00e9s de su dedicada actividad como entrenador&#8230;<\/p>\n","protected":false},"author":482,"featured_media":45026,"comment_status":"open","ping_status":"closed","sticky":false,"template":"","format":"standard","meta":{"advanced_seo_description":"","jetpack_seo_html_title":"","jetpack_seo_noindex":false,"_jetpack_memberships_contains_paid_content":false,"footnotes":""},"categories":[15],"tags":[],"class_list":["post-45025","post","type-post","status-publish","format-standard","has-post-thumbnail","hentry","category-comunidad"],"jetpack_featured_media_url":"https:\/\/i0.wp.com\/eltrabajo.cl\/portal\/wp-content\/uploads\/2014\/04\/Lalito-Munoz.jpg?fit=528%2C400&ssl=1","jetpack_sharing_enabled":true,"jetpack_likes_enabled":true,"jetpack-related-posts":[],"_links":{"self":[{"href":"https:\/\/eltrabajo.cl\/portal\/wp-json\/wp\/v2\/posts\/45025","targetHints":{"allow":["GET"]}}],"collection":[{"href":"https:\/\/eltrabajo.cl\/portal\/wp-json\/wp\/v2\/posts"}],"about":[{"href":"https:\/\/eltrabajo.cl\/portal\/wp-json\/wp\/v2\/types\/post"}],"author":[{"embeddable":true,"href":"https:\/\/eltrabajo.cl\/portal\/wp-json\/wp\/v2\/users\/482"}],"replies":[{"embeddable":true,"href":"https:\/\/eltrabajo.cl\/portal\/wp-json\/wp\/v2\/comments?post=45025"}],"version-history":[{"count":0,"href":"https:\/\/eltrabajo.cl\/portal\/wp-json\/wp\/v2\/posts\/45025\/revisions"}],"wp:featuredmedia":[{"embeddable":true,"href":"https:\/\/eltrabajo.cl\/portal\/wp-json\/wp\/v2\/media\/45026"}],"wp:attachment":[{"href":"https:\/\/eltrabajo.cl\/portal\/wp-json\/wp\/v2\/media?parent=45025"}],"wp:term":[{"taxonomy":"category","embeddable":true,"href":"https:\/\/eltrabajo.cl\/portal\/wp-json\/wp\/v2\/categories?post=45025"},{"taxonomy":"post_tag","embeddable":true,"href":"https:\/\/eltrabajo.cl\/portal\/wp-json\/wp\/v2\/tags?post=45025"}],"curies":[{"name":"wp","href":"https:\/\/api.w.org\/{rel}","templated":true}]}}