{"id":45054,"date":"2014-04-04T09:08:30","date_gmt":"2014-04-04T12:08:30","guid":{"rendered":"http:\/\/www.eltrabajo.cl\/portal\/?p=45054"},"modified":"2014-04-04T09:08:30","modified_gmt":"2014-04-04T12:08:30","slug":"alcalde-freire-realiza-llamado-a-los-vecinos-a-vacunarse-contra-la-influenza","status":"publish","type":"post","link":"https:\/\/eltrabajo.cl\/portal\/alcalde-freire-realiza-llamado-a-los-vecinos-a-vacunarse-contra-la-influenza\/","title":{"rendered":"Alcalde Freire realiza llamado a los vecinos a vacunarse contra la influenza"},"content":{"rendered":"<figure id=\"attachment_45055\" aria-describedby=\"caption-attachment-45055\" style=\"width: 529px\" class=\"wp-caption alignnone\"><a href=\"https:\/\/i0.wp.com\/www.eltrabajo.cl\/portal\/wp-content\/uploads\/2014\/04\/vacuna..jpg\"><img data-recalc-dims=\"1\" loading=\"lazy\" decoding=\"async\" class=\"size-full wp-image-45055\" alt=\"El Alcalde Patricio Freire, desde el vacunatorio m\u00f3vil donde fue inoculado, llam\u00f3 a los vecinos a vacunarse contra la influenza.\" src=\"https:\/\/i0.wp.com\/www.eltrabajo.cl\/portal\/wp-content\/uploads\/2014\/04\/vacuna..jpg?resize=529%2C383\" width=\"529\" height=\"383\" srcset=\"https:\/\/i0.wp.com\/eltrabajo.cl\/portal\/wp-content\/uploads\/2014\/04\/vacuna..jpg?w=529&amp;ssl=1 529w, https:\/\/i0.wp.com\/eltrabajo.cl\/portal\/wp-content\/uploads\/2014\/04\/vacuna..jpg?resize=200%2C144&amp;ssl=1 200w, https:\/\/i0.wp.com\/eltrabajo.cl\/portal\/wp-content\/uploads\/2014\/04\/vacuna..jpg?resize=300%2C217&amp;ssl=1 300w, https:\/\/i0.wp.com\/eltrabajo.cl\/portal\/wp-content\/uploads\/2014\/04\/vacuna..jpg?resize=150%2C108&amp;ssl=1 150w, https:\/\/i0.wp.com\/eltrabajo.cl\/portal\/wp-content\/uploads\/2014\/04\/vacuna..jpg?resize=400%2C289&amp;ssl=1 400w\" sizes=\"auto, (max-width: 529px) 100vw, 529px\" \/><\/a><figcaption id=\"caption-attachment-45055\" class=\"wp-caption-text\">El Alcalde Patricio Freire, desde el vacunatorio m\u00f3vil donde fue inoculado, llam\u00f3 a los vecinos a vacunarse contra la influenza.<\/figcaption><\/figure>\n<p>Un llamado a los vecinos a vacunarse contra la influenza realiz\u00f3 el Alcalde Patricio Freire, quien este jueves se inmuniz\u00f3 en el vacunatorio m\u00f3vil que dispuso la Seremi de Salud y que estaba atendido por profesionales del Cesfam Segismundo Iturra en la Plaza de Armas.<\/p>\n<p>El jefe comunal aprovech\u00f3 la presencia del vacunatorio, que este jueves se traslad\u00f3 por distintos sectores de la comuna y a mediod\u00eda se instal\u00f3 en la Plaza de Armas, lugar donde varios vecinos se acercaron a vacunar.<\/p>\n<p>\u201cEstamos haciendo un llamado para los grupos de riesgo, que se vengan a vacunar, ya que es muy importante para nosotros que los vecinos puedan prevenir enfermedades m\u00e1s complejas en la \u00e9poca de invierno. Este puede ser un invierno m\u00e1s complejo, por ello les pedimos a los vecinos que se acerquen a vacunar\u201d, dijo el Alcalde Freire.<\/p>\n<p>Por la tarde el vacunatorio m\u00f3vil se traslad\u00f3 hasta el sector de Algarrobal, con el objetivo de inmunizar a una importante cantidad de vecinos que no pueden acercarse a los centros de salud para vacunarse.<\/p>\n<p>La campa\u00f1a, que dura hasta el 17 de mayo, est\u00e1 enfocada en los ni\u00f1os de entre 6 y 23 meses de edad, las mujeres embarazadas sobre 13 semanas, las personas con enfermedades cr\u00f3nicas como hipertensos, diab\u00e9ticos u obesos m\u00f3rbidos, pacientes portadores de enfermedades cr\u00f3nicas respiratorias, que son los que resultan m\u00e1s complicados en \u00e9poca de invierno y los adultos mayores.<\/p>\n<p>\u201cDesde el mes de mayo en adelante nos comienza a aumentar la curva de enfermedades respiratorias y por muchos m\u00e9dicos que tengamos a veces no alcanzamos a satisfacer la necesidad que la poblaci\u00f3n tiene y esta es una medida preventiva que tenemos que utilizar, por ello el llamado es especialmente para estos grupos de riesgos\u201d, dijo Laura V\u00e1squez, enfermera coordinadora del Cesfam Segismundo Iturra y encargada nacional de inmunizaci\u00f3n.<\/p>\n<p>Durante este tiempo se ha instalado un puesto en el ingreso del Municipio, hasta donde han llegado muchos vecinos que han aprovechado la facilidad para vacunarse, una facilidad que permitir\u00eda lograr una cantidad de 11 mil personas inmunizadas en la comuna.<\/p>\n","protected":false},"excerpt":{"rendered":"<p>Un llamado a los vecinos a vacunarse contra la influenza realiz\u00f3 el Alcalde Patricio Freire, quien este jueves se inmuniz\u00f3 en el vacunatorio m\u00f3vil que dispuso la Seremi de Salud y que&#8230;<\/p>\n","protected":false},"author":482,"featured_media":45055,"comment_status":"open","ping_status":"closed","sticky":false,"template":"","format":"standard","meta":{"advanced_seo_description":"","jetpack_seo_html_title":"","jetpack_seo_noindex":false,"_jetpack_memberships_contains_paid_content":false,"footnotes":""},"categories":[15],"tags":[],"class_list":["post-45054","post","type-post","status-publish","format-standard","has-post-thumbnail","hentry","category-comunidad"],"jetpack_featured_media_url":"https:\/\/i0.wp.com\/eltrabajo.cl\/portal\/wp-content\/uploads\/2014\/04\/vacuna..jpg?fit=529%2C383&ssl=1","jetpack_sharing_enabled":true,"jetpack_likes_enabled":true,"jetpack-related-posts":[],"_links":{"self":[{"href":"https:\/\/eltrabajo.cl\/portal\/wp-json\/wp\/v2\/posts\/45054","targetHints":{"allow":["GET"]}}],"collection":[{"href":"https:\/\/eltrabajo.cl\/portal\/wp-json\/wp\/v2\/posts"}],"about":[{"href":"https:\/\/eltrabajo.cl\/portal\/wp-json\/wp\/v2\/types\/post"}],"author":[{"embeddable":true,"href":"https:\/\/eltrabajo.cl\/portal\/wp-json\/wp\/v2\/users\/482"}],"replies":[{"embeddable":true,"href":"https:\/\/eltrabajo.cl\/portal\/wp-json\/wp\/v2\/comments?post=45054"}],"version-history":[{"count":0,"href":"https:\/\/eltrabajo.cl\/portal\/wp-json\/wp\/v2\/posts\/45054\/revisions"}],"wp:featuredmedia":[{"embeddable":true,"href":"https:\/\/eltrabajo.cl\/portal\/wp-json\/wp\/v2\/media\/45055"}],"wp:attachment":[{"href":"https:\/\/eltrabajo.cl\/portal\/wp-json\/wp\/v2\/media?parent=45054"}],"wp:term":[{"taxonomy":"category","embeddable":true,"href":"https:\/\/eltrabajo.cl\/portal\/wp-json\/wp\/v2\/categories?post=45054"},{"taxonomy":"post_tag","embeddable":true,"href":"https:\/\/eltrabajo.cl\/portal\/wp-json\/wp\/v2\/tags?post=45054"}],"curies":[{"name":"wp","href":"https:\/\/api.w.org\/{rel}","templated":true}]}}