{"id":45058,"date":"2014-04-04T09:10:06","date_gmt":"2014-04-04T12:10:06","guid":{"rendered":"http:\/\/www.eltrabajo.cl\/portal\/?p=45058"},"modified":"2014-04-04T09:10:06","modified_gmt":"2014-04-04T12:10:06","slug":"amplian-plazo-postulacion-al-programa-recuperacion-suelos-degradados","status":"publish","type":"post","link":"https:\/\/eltrabajo.cl\/portal\/amplian-plazo-postulacion-al-programa-recuperacion-suelos-degradados\/","title":{"rendered":"Ampl\u00edan plazo postulaci\u00f3n al programa Recuperaci\u00f3n Suelos Degradados"},"content":{"rendered":"<figure id=\"attachment_45059\" aria-describedby=\"caption-attachment-45059\" style=\"width: 529px\" class=\"wp-caption alignnone\"><a href=\"https:\/\/i0.wp.com\/www.eltrabajo.cl\/portal\/wp-content\/uploads\/2014\/04\/Suelos2.jpg\"><img data-recalc-dims=\"1\" loading=\"lazy\" decoding=\"async\" class=\"size-full wp-image-45059\" alt=\"El objetivo del programa es recuperar el potencial productivo de los suelos agropecuarios degradados y mantener los niveles de mejoramiento alcanzado.\" src=\"https:\/\/i0.wp.com\/www.eltrabajo.cl\/portal\/wp-content\/uploads\/2014\/04\/Suelos2.jpg?resize=529%2C359\" width=\"529\" height=\"359\" srcset=\"https:\/\/i0.wp.com\/eltrabajo.cl\/portal\/wp-content\/uploads\/2014\/04\/Suelos2.jpg?w=529&amp;ssl=1 529w, https:\/\/i0.wp.com\/eltrabajo.cl\/portal\/wp-content\/uploads\/2014\/04\/Suelos2.jpg?resize=200%2C135&amp;ssl=1 200w, https:\/\/i0.wp.com\/eltrabajo.cl\/portal\/wp-content\/uploads\/2014\/04\/Suelos2.jpg?resize=300%2C203&amp;ssl=1 300w, https:\/\/i0.wp.com\/eltrabajo.cl\/portal\/wp-content\/uploads\/2014\/04\/Suelos2.jpg?resize=150%2C101&amp;ssl=1 150w, https:\/\/i0.wp.com\/eltrabajo.cl\/portal\/wp-content\/uploads\/2014\/04\/Suelos2.jpg?resize=400%2C271&amp;ssl=1 400w\" sizes=\"auto, (max-width: 529px) 100vw, 529px\" \/><\/a><figcaption id=\"caption-attachment-45059\" class=\"wp-caption-text\">El objetivo del programa es recuperar el potencial productivo de los suelos agropecuarios degradados y mantener los niveles de mejoramiento alcanzado.<\/figcaption><\/figure>\n<p>Para todos los productores agr\u00edcolas sanfelipe\u00f1os y andinos (personas naturales o jur\u00eddicas), sea propietario, arrendatario, comodatario, usufructuario o mediero, y que cumplan con los requisitos establecidos en la Ley N\u00b020.412, su reglamento y las bases de sus respectivos concursos p\u00fablicos, para ellos el SAG tiene muy buenas noticias, pues el Programa de Recuperaci\u00f3n de Suelos Degradados, mismo que ten\u00eda l\u00edmite para postular hasta el 12 de abril, ahora fue ampliado hasta el 5 de mayo.<\/p>\n<p>Este programa busca apoyar directamente a los medianos agricultores de la provincia a que sus suelos dejen de erosionarse y, por el contrario, se les aplique medidas permanentes para fortalecer su enriquecimiento nutritivo para el Agro. As\u00ed lo dio a conocer Claudio Fern\u00e1ndez Pino Encargado Regional del Programa de Recuperaci\u00f3n de Suelos degradados del SAG V Regi\u00f3n en Diario El Trabajo, durante una visita realizada a nuestra Sala de Redacci\u00f3n.<\/p>\n<figure id=\"attachment_45060\" aria-describedby=\"caption-attachment-45060\" style=\"width: 317px\" class=\"wp-caption alignright\"><a href=\"https:\/\/i0.wp.com\/www.eltrabajo.cl\/portal\/wp-content\/uploads\/2014\/04\/Claudio-Fernandez.jpg\"><img data-recalc-dims=\"1\" loading=\"lazy\" decoding=\"async\" class=\" wp-image-45060 \" alt=\"Encargado Regional del Programa de Recuperaci\u00f3n de Suelos degradados del SAG V Regi\u00f3n.\" src=\"https:\/\/i0.wp.com\/www.eltrabajo.cl\/portal\/wp-content\/uploads\/2014\/04\/Claudio-Fernandez.jpg?resize=317%2C361\" width=\"317\" height=\"361\" srcset=\"https:\/\/i0.wp.com\/eltrabajo.cl\/portal\/wp-content\/uploads\/2014\/04\/Claudio-Fernandez.jpg?w=529&amp;ssl=1 529w, https:\/\/i0.wp.com\/eltrabajo.cl\/portal\/wp-content\/uploads\/2014\/04\/Claudio-Fernandez.jpg?resize=132%2C150&amp;ssl=1 132w, https:\/\/i0.wp.com\/eltrabajo.cl\/portal\/wp-content\/uploads\/2014\/04\/Claudio-Fernandez.jpg?resize=264%2C300&amp;ssl=1 264w, https:\/\/i0.wp.com\/eltrabajo.cl\/portal\/wp-content\/uploads\/2014\/04\/Claudio-Fernandez.jpg?resize=400%2C454&amp;ssl=1 400w\" sizes=\"auto, (max-width: 317px) 100vw, 317px\" \/><\/a><figcaption id=\"caption-attachment-45060\" class=\"wp-caption-text\">Encargado Regional del Programa de Recuperaci\u00f3n de Suelos degradados del SAG V Regi\u00f3n.<\/figcaption><\/figure>\n<p>\u00abEl Programa de Recuperaci\u00f3n de suelos degradados funciona a nivel nacional, nosotros contamos con $190 millones asignados a este programa para desarrollarlo y queremos colocarlos en al menos tres concursos regionales, tenemos actualmente dos concursos abiertos, uno de ellos es para San Felipe y Los Andes\u00bb, coment\u00f3 Fern\u00e1ndez.<\/p>\n<p>El Programa de Recuperaci\u00f3n de Suelos es un instrumento de fomento del Ministerio de Agricultura, establecido por la Ley N\u00b020.412 de 2010 por un lapso de doce a\u00f1os, contados desde la vigencia de su ley. El Programa es coordinado por la Subsecretar\u00eda de Agricultura y ejecutado por el Servicio Agr\u00edcola y Ganadero (SAG) y el Instituto de Desarrollo Agropecuario (Indap).<\/p>\n<p>\u00abEste concurso para los medianos agricultores lo abrimos desde el 20 de enero y cerraba el 12 de abril, sin embargo hemos extendido el plazo de postulaciones hasta el d\u00eda lunes 5 de mayo, esto permitir\u00e1 que muchos agricultores m\u00e1s puedan acceder a estos recursos\u00bb, agreg\u00f3 el funcionario.<\/p>\n<p>El objetivo del programa es recuperar el potencial productivo de los suelos agropecuarios degradados y mantener los niveles de mejoramiento alcanzado.<\/p>\n<p>\u00abCada agricultor puede postular a 160 UTM en un plan de manejo que dure un a\u00f1o; 240 UTM a dos a\u00f1os y 320 UTM en un plan de manejo que dure tres a\u00f1os o m\u00e1s, aclaro que s\u00f3lo pueden postular medianos agricultores, o sea, pueden postular como m\u00e1ximo a un subsidio de hasta $6.500.000 cada uno, todo depende del proyecto individual de los postulantes\u00bb, puntualiz\u00f3 Claudio Fern\u00e1ndez.<\/p>\n<p><strong>\u00bfC\u00d3MO POSTULAR?<\/strong><\/p>\n<p>Cada proyecto ser\u00e1 supervisado por personal autorizado en cada una de sus etapas, lo primero que los postulantes deben hacer, es reportarse a las oficinas del SAG y pedir que le asignen un promotor. Los interesados en San Felipe en postular a este programa, pueden llamar al fono 2510 186, Calle Navarro 1411, y el Los Andes al fono 2421 413, San Rafael 755. Los postulantes deben registrar ventas iguales o superiores de 2400 UF y que no excedan las 25.000 UF.<\/p>\n<p>Roberto Gonz\u00e1lez Short<\/p>\n<p>diario@eltrabajo.cl<\/p>\n<p>&nbsp;<\/p>\n","protected":false},"excerpt":{"rendered":"<p>Para todos los productores agr\u00edcolas sanfelipe\u00f1os y andinos (personas naturales o jur\u00eddicas), sea propietario, arrendatario, comodatario, usufructuario o mediero, y que cumplan con los requisitos establecidos en la Ley N\u00b020.412, su reglamento&#8230;<\/p>\n","protected":false},"author":482,"featured_media":45059,"comment_status":"open","ping_status":"closed","sticky":false,"template":"","format":"standard","meta":{"advanced_seo_description":"","jetpack_seo_html_title":"","jetpack_seo_noindex":false,"_jetpack_memberships_contains_paid_content":false,"footnotes":""},"categories":[1],"tags":[],"class_list":["post-45058","post","type-post","status-publish","format-standard","has-post-thumbnail","hentry","category-cronica"],"jetpack_featured_media_url":"https:\/\/i0.wp.com\/eltrabajo.cl\/portal\/wp-content\/uploads\/2014\/04\/Suelos2.jpg?fit=529%2C359&ssl=1","jetpack_sharing_enabled":true,"jetpack_likes_enabled":true,"jetpack-related-posts":[],"_links":{"self":[{"href":"https:\/\/eltrabajo.cl\/portal\/wp-json\/wp\/v2\/posts\/45058","targetHints":{"allow":["GET"]}}],"collection":[{"href":"https:\/\/eltrabajo.cl\/portal\/wp-json\/wp\/v2\/posts"}],"about":[{"href":"https:\/\/eltrabajo.cl\/portal\/wp-json\/wp\/v2\/types\/post"}],"author":[{"embeddable":true,"href":"https:\/\/eltrabajo.cl\/portal\/wp-json\/wp\/v2\/users\/482"}],"replies":[{"embeddable":true,"href":"https:\/\/eltrabajo.cl\/portal\/wp-json\/wp\/v2\/comments?post=45058"}],"version-history":[{"count":0,"href":"https:\/\/eltrabajo.cl\/portal\/wp-json\/wp\/v2\/posts\/45058\/revisions"}],"wp:featuredmedia":[{"embeddable":true,"href":"https:\/\/eltrabajo.cl\/portal\/wp-json\/wp\/v2\/media\/45059"}],"wp:attachment":[{"href":"https:\/\/eltrabajo.cl\/portal\/wp-json\/wp\/v2\/media?parent=45058"}],"wp:term":[{"taxonomy":"category","embeddable":true,"href":"https:\/\/eltrabajo.cl\/portal\/wp-json\/wp\/v2\/categories?post=45058"},{"taxonomy":"post_tag","embeddable":true,"href":"https:\/\/eltrabajo.cl\/portal\/wp-json\/wp\/v2\/tags?post=45058"}],"curies":[{"name":"wp","href":"https:\/\/api.w.org\/{rel}","templated":true}]}}