{"id":45063,"date":"2014-04-04T09:11:04","date_gmt":"2014-04-04T12:11:04","guid":{"rendered":"http:\/\/www.eltrabajo.cl\/portal\/?p=45063"},"modified":"2014-04-04T09:11:04","modified_gmt":"2014-04-04T12:11:04","slug":"mas-de-200-estudiantes-visitaran-prefectura-de-carabineros-durante-abril","status":"publish","type":"post","link":"https:\/\/eltrabajo.cl\/portal\/mas-de-200-estudiantes-visitaran-prefectura-de-carabineros-durante-abril\/","title":{"rendered":"M\u00e1s de 200 estudiantes visitar\u00e1n Prefectura de Carabineros durante abril"},"content":{"rendered":"<figure id=\"attachment_45064\" aria-describedby=\"caption-attachment-45064\" style=\"width: 529px\" class=\"wp-caption alignnone\"><a href=\"https:\/\/i0.wp.com\/www.eltrabajo.cl\/portal\/wp-content\/uploads\/2014\/04\/motorista-carro-ffee.jpg\"><img data-recalc-dims=\"1\" loading=\"lazy\" decoding=\"async\" class=\"size-full wp-image-45064\" alt=\"La visita de los alumnos incluir\u00e1 el abordar y conocer el bus de Fuerzas Especiales... en calidad de visita.\" src=\"https:\/\/i0.wp.com\/www.eltrabajo.cl\/portal\/wp-content\/uploads\/2014\/04\/motorista-carro-ffee.jpg?resize=529%2C339\" width=\"529\" height=\"339\" srcset=\"https:\/\/i0.wp.com\/eltrabajo.cl\/portal\/wp-content\/uploads\/2014\/04\/motorista-carro-ffee.jpg?w=529&amp;ssl=1 529w, https:\/\/i0.wp.com\/eltrabajo.cl\/portal\/wp-content\/uploads\/2014\/04\/motorista-carro-ffee.jpg?resize=200%2C128&amp;ssl=1 200w, https:\/\/i0.wp.com\/eltrabajo.cl\/portal\/wp-content\/uploads\/2014\/04\/motorista-carro-ffee.jpg?resize=300%2C192&amp;ssl=1 300w, https:\/\/i0.wp.com\/eltrabajo.cl\/portal\/wp-content\/uploads\/2014\/04\/motorista-carro-ffee.jpg?resize=150%2C96&amp;ssl=1 150w, https:\/\/i0.wp.com\/eltrabajo.cl\/portal\/wp-content\/uploads\/2014\/04\/motorista-carro-ffee.jpg?resize=400%2C256&amp;ssl=1 400w\" sizes=\"auto, (max-width: 529px) 100vw, 529px\" \/><\/a><figcaption id=\"caption-attachment-45064\" class=\"wp-caption-text\">La visita de los alumnos incluir\u00e1 el abordar y conocer el bus de Fuerzas Especiales&#8230; en calidad de visita.<\/figcaption><\/figure>\n<p>M\u00e1s de 200 estudiantes de cuartos a\u00f1os medios de colegios municipales y particulares subvencionados, visitar\u00e1n la Prefectura Aconcagua y la Segunda Comisar\u00eda de San Felipe durante abril, con el prop\u00f3sito de conocer de cerca el equipamiento y el trabajo cotidiano que realizan los efectivos de la instituci\u00f3n policial.<\/p>\n<p>El encuentro entre Carabineros y estudiantes se har\u00e1 posible gracias a la implementaci\u00f3n del programa \u2018Una Ma\u00f1ana en la Prefectura\u2019, que dise\u00f1\u00f3 personal de la Oficina de Postulaciones Aconcagua, enmarcado en el Plan de Difusi\u00f3n del 87\u00b0 Aniversario Institucional.<\/p>\n<p>Guiados por un oficial, los j\u00f3venes de ense\u00f1anza media podr\u00e1n conocer y abordar el bus de Fuerzas Especiales, destinado al control del orden p\u00fablico, as\u00ed como tambi\u00e9n la Central de Comunicaciones (CENCO), lugar donde adem\u00e1s de ingresar los llamados al nivel 133, se monitorea las calles c\u00e9ntricas de la ciudad, a trav\u00e9s de las c\u00e1maras de seguridad.<\/p>\n<p>Finalmente, el recorrido por las dependencias policiales finalizar\u00e1 con una charla que dictar\u00e1 la Oficina de Postulaciones Aconcagua, con el prop\u00f3sito de informar a los j\u00f3venes interesados en postular a la instituci\u00f3n, sobre las principales caracter\u00edsticas de la vida policial y la carrera profesional del Carabinero.<\/p>\n<p>&nbsp;<\/p>\n","protected":false},"excerpt":{"rendered":"<p>M\u00e1s de 200 estudiantes de cuartos a\u00f1os medios de colegios municipales y particulares subvencionados, visitar\u00e1n la Prefectura Aconcagua y la Segunda Comisar\u00eda de San Felipe durante abril, con el prop\u00f3sito de conocer&#8230;<\/p>\n","protected":false},"author":482,"featured_media":45064,"comment_status":"open","ping_status":"closed","sticky":false,"template":"","format":"standard","meta":{"advanced_seo_description":"","jetpack_seo_html_title":"","jetpack_seo_noindex":false,"_jetpack_memberships_contains_paid_content":false,"footnotes":""},"categories":[1],"tags":[],"class_list":["post-45063","post","type-post","status-publish","format-standard","has-post-thumbnail","hentry","category-cronica"],"jetpack_featured_media_url":"https:\/\/i0.wp.com\/eltrabajo.cl\/portal\/wp-content\/uploads\/2014\/04\/motorista-carro-ffee.jpg?fit=529%2C339&ssl=1","jetpack_sharing_enabled":true,"jetpack_likes_enabled":true,"jetpack-related-posts":[],"_links":{"self":[{"href":"https:\/\/eltrabajo.cl\/portal\/wp-json\/wp\/v2\/posts\/45063","targetHints":{"allow":["GET"]}}],"collection":[{"href":"https:\/\/eltrabajo.cl\/portal\/wp-json\/wp\/v2\/posts"}],"about":[{"href":"https:\/\/eltrabajo.cl\/portal\/wp-json\/wp\/v2\/types\/post"}],"author":[{"embeddable":true,"href":"https:\/\/eltrabajo.cl\/portal\/wp-json\/wp\/v2\/users\/482"}],"replies":[{"embeddable":true,"href":"https:\/\/eltrabajo.cl\/portal\/wp-json\/wp\/v2\/comments?post=45063"}],"version-history":[{"count":0,"href":"https:\/\/eltrabajo.cl\/portal\/wp-json\/wp\/v2\/posts\/45063\/revisions"}],"wp:featuredmedia":[{"embeddable":true,"href":"https:\/\/eltrabajo.cl\/portal\/wp-json\/wp\/v2\/media\/45064"}],"wp:attachment":[{"href":"https:\/\/eltrabajo.cl\/portal\/wp-json\/wp\/v2\/media?parent=45063"}],"wp:term":[{"taxonomy":"category","embeddable":true,"href":"https:\/\/eltrabajo.cl\/portal\/wp-json\/wp\/v2\/categories?post=45063"},{"taxonomy":"post_tag","embeddable":true,"href":"https:\/\/eltrabajo.cl\/portal\/wp-json\/wp\/v2\/tags?post=45063"}],"curies":[{"name":"wp","href":"https:\/\/api.w.org\/{rel}","templated":true}]}}