{"id":45066,"date":"2014-04-04T09:12:05","date_gmt":"2014-04-04T12:12:05","guid":{"rendered":"http:\/\/www.eltrabajo.cl\/portal\/?p=45066"},"modified":"2014-04-04T09:12:05","modified_gmt":"2014-04-04T12:12:05","slug":"entregan-ayuda-del-programa-chile-crece-contigo-a-familia-panquehuina","status":"publish","type":"post","link":"https:\/\/eltrabajo.cl\/portal\/entregan-ayuda-del-programa-chile-crece-contigo-a-familia-panquehuina\/","title":{"rendered":"Entregan ayuda del Programa Chile Crece Contigo a familia panquehuina"},"content":{"rendered":"<figure id=\"attachment_45067\" aria-describedby=\"caption-attachment-45067\" style=\"width: 529px\" class=\"wp-caption alignnone\"><a href=\"https:\/\/i0.wp.com\/www.eltrabajo.cl\/portal\/wp-content\/uploads\/2014\/04\/Crece1.jpg\"><img data-recalc-dims=\"1\" loading=\"lazy\" decoding=\"async\" class=\"size-full wp-image-45067\" alt=\"La se\u00f1ora Patricia Salinas vive en Villa El Bosque de la comuna de Panquehue, su situaci\u00f3n de vulnerabilidad le permiti\u00f3 recibir este apoyo.\" src=\"https:\/\/i0.wp.com\/www.eltrabajo.cl\/portal\/wp-content\/uploads\/2014\/04\/Crece1.jpg?resize=529%2C401\" width=\"529\" height=\"401\" srcset=\"https:\/\/i0.wp.com\/eltrabajo.cl\/portal\/wp-content\/uploads\/2014\/04\/Crece1.jpg?w=529&amp;ssl=1 529w, https:\/\/i0.wp.com\/eltrabajo.cl\/portal\/wp-content\/uploads\/2014\/04\/Crece1.jpg?resize=197%2C150&amp;ssl=1 197w, https:\/\/i0.wp.com\/eltrabajo.cl\/portal\/wp-content\/uploads\/2014\/04\/Crece1.jpg?resize=300%2C227&amp;ssl=1 300w, https:\/\/i0.wp.com\/eltrabajo.cl\/portal\/wp-content\/uploads\/2014\/04\/Crece1.jpg?resize=150%2C113&amp;ssl=1 150w, https:\/\/i0.wp.com\/eltrabajo.cl\/portal\/wp-content\/uploads\/2014\/04\/Crece1.jpg?resize=400%2C303&amp;ssl=1 400w\" sizes=\"auto, (max-width: 529px) 100vw, 529px\" \/><\/a><figcaption id=\"caption-attachment-45067\" class=\"wp-caption-text\">La se\u00f1ora Patricia Salinas vive en Villa El Bosque de la comuna de Panquehue, su situaci\u00f3n de vulnerabilidad le permiti\u00f3 recibir este apoyo.<\/figcaption><\/figure>\n<p><strong>PANQUEHUE.<\/strong>&#8211; Ir en apoyo de las familias que viven en condici\u00f3n de vulnerabilidad, es la misi\u00f3n que se ha encomendado el alcalde de la comuna de Panquehue, Luis Pradenas, tras hacer entrega junto al Gobernador de San Felipe, Eduardo Le\u00f3n, de una ayuda social a la se\u00f1ora Patricia Salinas Cisternas, gracias al Programa Chile Crece Contigo. La se\u00f1ora Patricia es madre de un hijo y junto a su esposo trabajan en actividades ligadas a la agricultura de temporada.<\/p>\n<p>Su condici\u00f3n de vulnerabilidad, permiti\u00f3 que pudieran acceder al programa, que es un Sistema de Protecci\u00f3n Integral a la Infancia, que tiene como misi\u00f3n acompa\u00f1ar, proteger y apoyar integralmente, a todos los ni\u00f1os y sus familias, a trav\u00e9s de acciones y servicios de car\u00e1cter universal, as\u00ed como focalizando apoyos especiales a aquellos que presentan alguna vulnerabilidad mayor.<\/p>\n<p>El programa -explico el Alcalde Pradenas- forma parte del Sistema Intersectorial de Protecci\u00f3n Social y est\u00e1 en l\u00ednea con los compromisos asumidos por el Estado de Chile al ratificar, en 1990, la Convenci\u00f3n Internacional sobre los Derechos del Ni\u00f1o.<\/p>\n<p>Su objetivo principal es acompa\u00f1ar y hacer un seguimiento personalizado a la trayectoria de desarrollo de los ni\u00f1os y ni\u00f1as, desde el primer control de gestaci\u00f3n hasta su ingreso al sistema escolar en el primer nivel de transici\u00f3n o pre-kinder (alrededor de los 4 o 5 a\u00f1os de edad).<\/p>\n<p>\u201cEstoy muy contento con todo esto, porque el Programa Chile Crece Contigo se est\u00e1 llevando muy bien en la comuna y se est\u00e1n viendo beneficiadas las familias que est\u00e1n participando en el, con lo cual estamos ayudando y protegiendo el nacimiento de los ni\u00f1os y creo que es la mejor forma donde podemos orientar las ayudas de las personas que realmente lo necesitan, para que los hijos no tengan problema alguno en su crecimiento\u201d, dijo Pradenas.<\/p>\n<p>En este mismo sentido, el edil reiter\u00f3 un llamado a las familias que viven en situaci\u00f3n de vulnerabilidad, para que se acerque hasta la unidad comunitaria y donde cada uno de sus casos ser\u00e1 evaluado. En tanto la se\u00f1ora Patricia Salinas Cisternas dijo sentirse agradecida de la ayuda recibida. Se trata de una cajonera que permitir\u00e1 en apoyo de su condici\u00f3n de habitabilidad.<\/p>\n<p>\u201cEs una ayuda mas para el ni\u00f1o, pues no le ten\u00eda c\u00f3moda, ten\u00edamos un mueble que estaba en muy malas condiciones, por lo tanto, esta ayuda nos va a servir mucho. Ahora la situaci\u00f3n donde vivo es muy precaria, de hecho estoy haciendo gestiones en la municipalidad para poder contar con una mediagua, espero tener a la brevedad resultados de aquello\u201d.<\/p>\n<p>Acompa\u00f1aron la entrega de esta ayuda, funcionarios del Departamento Social de la Municipalidad de Panquehue, como asimismo las funcionarios Coordinadora del Programa Chile Crece Contigo, de la Gobernaci\u00f3n Provincial de San Felipe.<\/p>\n<p>&nbsp;<\/p>\n","protected":false},"excerpt":{"rendered":"<p>PANQUEHUE.&#8211; Ir en apoyo de las familias que viven en condici\u00f3n de vulnerabilidad, es la misi\u00f3n que se ha encomendado el alcalde de la comuna de Panquehue, Luis Pradenas, tras hacer entrega&#8230;<\/p>\n","protected":false},"author":482,"featured_media":45067,"comment_status":"open","ping_status":"closed","sticky":false,"template":"","format":"standard","meta":{"advanced_seo_description":"","jetpack_seo_html_title":"","jetpack_seo_noindex":false,"_jetpack_memberships_contains_paid_content":false,"footnotes":""},"categories":[1],"tags":[],"class_list":["post-45066","post","type-post","status-publish","format-standard","has-post-thumbnail","hentry","category-cronica"],"jetpack_featured_media_url":"https:\/\/i0.wp.com\/eltrabajo.cl\/portal\/wp-content\/uploads\/2014\/04\/Crece1.jpg?fit=529%2C401&ssl=1","jetpack_sharing_enabled":true,"jetpack_likes_enabled":true,"jetpack-related-posts":[],"_links":{"self":[{"href":"https:\/\/eltrabajo.cl\/portal\/wp-json\/wp\/v2\/posts\/45066","targetHints":{"allow":["GET"]}}],"collection":[{"href":"https:\/\/eltrabajo.cl\/portal\/wp-json\/wp\/v2\/posts"}],"about":[{"href":"https:\/\/eltrabajo.cl\/portal\/wp-json\/wp\/v2\/types\/post"}],"author":[{"embeddable":true,"href":"https:\/\/eltrabajo.cl\/portal\/wp-json\/wp\/v2\/users\/482"}],"replies":[{"embeddable":true,"href":"https:\/\/eltrabajo.cl\/portal\/wp-json\/wp\/v2\/comments?post=45066"}],"version-history":[{"count":0,"href":"https:\/\/eltrabajo.cl\/portal\/wp-json\/wp\/v2\/posts\/45066\/revisions"}],"wp:featuredmedia":[{"embeddable":true,"href":"https:\/\/eltrabajo.cl\/portal\/wp-json\/wp\/v2\/media\/45067"}],"wp:attachment":[{"href":"https:\/\/eltrabajo.cl\/portal\/wp-json\/wp\/v2\/media?parent=45066"}],"wp:term":[{"taxonomy":"category","embeddable":true,"href":"https:\/\/eltrabajo.cl\/portal\/wp-json\/wp\/v2\/categories?post=45066"},{"taxonomy":"post_tag","embeddable":true,"href":"https:\/\/eltrabajo.cl\/portal\/wp-json\/wp\/v2\/tags?post=45066"}],"curies":[{"name":"wp","href":"https:\/\/api.w.org\/{rel}","templated":true}]}}