{"id":45070,"date":"2014-04-04T09:12:56","date_gmt":"2014-04-04T12:12:56","guid":{"rendered":"http:\/\/www.eltrabajo.cl\/portal\/?p=45070"},"modified":"2014-04-04T09:12:56","modified_gmt":"2014-04-04T12:12:56","slug":"directores-de-establecimientos-municipalizados-realizan-cuenta-publica","status":"publish","type":"post","link":"https:\/\/eltrabajo.cl\/portal\/directores-de-establecimientos-municipalizados-realizan-cuenta-publica\/","title":{"rendered":"Directores de establecimientos municipalizados realizan cuenta p\u00fablica"},"content":{"rendered":"<figure id=\"attachment_45071\" aria-describedby=\"caption-attachment-45071\" style=\"width: 529px\" class=\"wp-caption alignnone\"><a href=\"https:\/\/i0.wp.com\/www.eltrabajo.cl\/portal\/wp-content\/uploads\/2014\/04\/cuenta-publica.jpg\"><img data-recalc-dims=\"1\" loading=\"lazy\" decoding=\"async\" class=\"size-full wp-image-45071\" alt=\"Los directores de los diferentes establecimientos educacionales municipales comenzaron a realizar su cuenta p\u00fablica.\" src=\"https:\/\/i0.wp.com\/www.eltrabajo.cl\/portal\/wp-content\/uploads\/2014\/04\/cuenta-publica.jpg?resize=529%2C330\" width=\"529\" height=\"330\" srcset=\"https:\/\/i0.wp.com\/eltrabajo.cl\/portal\/wp-content\/uploads\/2014\/04\/cuenta-publica.jpg?w=529&amp;ssl=1 529w, https:\/\/i0.wp.com\/eltrabajo.cl\/portal\/wp-content\/uploads\/2014\/04\/cuenta-publica.jpg?resize=200%2C124&amp;ssl=1 200w, https:\/\/i0.wp.com\/eltrabajo.cl\/portal\/wp-content\/uploads\/2014\/04\/cuenta-publica.jpg?resize=300%2C187&amp;ssl=1 300w, https:\/\/i0.wp.com\/eltrabajo.cl\/portal\/wp-content\/uploads\/2014\/04\/cuenta-publica.jpg?resize=150%2C93&amp;ssl=1 150w, https:\/\/i0.wp.com\/eltrabajo.cl\/portal\/wp-content\/uploads\/2014\/04\/cuenta-publica.jpg?resize=400%2C249&amp;ssl=1 400w\" sizes=\"auto, (max-width: 529px) 100vw, 529px\" \/><\/a><figcaption id=\"caption-attachment-45071\" class=\"wp-caption-text\">Los directores de los diferentes establecimientos educacionales municipales comenzaron a realizar su cuenta p\u00fablica.<\/figcaption><\/figure>\n<p>Con el objetivo de entregar un informe detallado de la gesti\u00f3n realizada durante el a\u00f1o 2013, los directores de los diferentes establecimientos educacionales municipales comenzaron a realizar su cuenta p\u00fablica. La actividad tiene como finalidad entregar un informe detallado de c\u00f3mo se han desarrollados las diferentes materias inherentes al funcionamiento de sus respectivos establecimientos, el que convoca a autoridades, padres y apoderados.<\/p>\n<p>En esta ocasi\u00f3n, la Escuela John Kennedy, ubicada en Alejandrina Carvajal s\/n de la comuna de San Felipe, realiz\u00f3 su cuenta p\u00fablica, en la que su directora, Silvia Olgu\u00edn, expuso los avances y desaf\u00edos de su establecimiento.<\/p>\n<p>La docente se\u00f1alo que \u201cel tema fundamental es el aprendizaje de los ni\u00f1os, por lo que de defini\u00f3 un sistema de trabajo que comenz\u00f3 el a\u00f1o 2009, un Programa de Mejoramiento de la Educaci\u00f3n, PME con recursos de la Ley SEP (Subvenci\u00f3n Especial Preferencial) el que involucra diferentes temas, como liderazgo, gesti\u00f3n curricular, convivencia y recursos entre otros, pero principalmente es el aprendizaje de todos los estudiantes, buscando atender las necesidades de todos los ni\u00f1os, desde todas las perspectivas, comenzando desde pre k\u00ednder hasta octavo a\u00f1o b\u00e1sico\u201d, se\u00f1al\u00f3 la directora y agreg\u00f3 que \u201cel tema, es que los alumnos aprendan a trav\u00e9s de una educaci\u00f3n de calidad, teniendo como norte el bien de los ni\u00f1os y ni\u00f1as, asegurando a los apoderados que en esta escuela, sus hijos van a ser bien atendidos, poniendo todos nuestros esfuerzos en entregarles una educaci\u00f3n integral, abordando todas las \u00e1reas, todo en funci\u00f3n de que los profesores planifiquen bien las clases, con el fin de aplicar buenos instrumentos evaluativos\u201d detallo Olgu\u00edn.<\/p>\n<p>Adem\u00e1s, en la ocasi\u00f3n se abord\u00f3 la importancia de la participaci\u00f3n de los padres y apoderados en la educaci\u00f3n de sus hijos, haciendo \u00e9nfasis en que el trabajo realizado en la escuela debe ser apoyado por los padres en sus casas.<\/p>\n<p>Los principales desaf\u00edos que se plantea el establecimiento para el futuro son variados, como la re-evaluaci\u00f3n de la jornada escolar completa, de primero a octavo a\u00f1o b\u00e1sico, postulaci\u00f3n a jornada escolar completa para pre b\u00e1sica, implementaci\u00f3n efectiva del curriculum y de la cobertura curricular, se\u00f1alando que los programas educacionales son los mismos en todos los establecimientos, particulares y municipalizados, por lo tanto los aprendizajes deben ser lo mismo, por lo que a eso apuesta la Escuela John Kennedy.<\/p>\n<p>&nbsp;<\/p>\n","protected":false},"excerpt":{"rendered":"<p>Con el objetivo de entregar un informe detallado de la gesti\u00f3n realizada durante el a\u00f1o 2013, los directores de los diferentes establecimientos educacionales municipales comenzaron a realizar su cuenta p\u00fablica. La actividad&#8230;<\/p>\n","protected":false},"author":482,"featured_media":45071,"comment_status":"open","ping_status":"closed","sticky":false,"template":"","format":"standard","meta":{"advanced_seo_description":"","jetpack_seo_html_title":"","jetpack_seo_noindex":false,"_jetpack_memberships_contains_paid_content":false,"footnotes":""},"categories":[1],"tags":[],"class_list":["post-45070","post","type-post","status-publish","format-standard","has-post-thumbnail","hentry","category-cronica"],"jetpack_featured_media_url":"https:\/\/i0.wp.com\/eltrabajo.cl\/portal\/wp-content\/uploads\/2014\/04\/cuenta-publica.jpg?fit=529%2C330&ssl=1","jetpack_sharing_enabled":true,"jetpack_likes_enabled":true,"jetpack-related-posts":[],"_links":{"self":[{"href":"https:\/\/eltrabajo.cl\/portal\/wp-json\/wp\/v2\/posts\/45070","targetHints":{"allow":["GET"]}}],"collection":[{"href":"https:\/\/eltrabajo.cl\/portal\/wp-json\/wp\/v2\/posts"}],"about":[{"href":"https:\/\/eltrabajo.cl\/portal\/wp-json\/wp\/v2\/types\/post"}],"author":[{"embeddable":true,"href":"https:\/\/eltrabajo.cl\/portal\/wp-json\/wp\/v2\/users\/482"}],"replies":[{"embeddable":true,"href":"https:\/\/eltrabajo.cl\/portal\/wp-json\/wp\/v2\/comments?post=45070"}],"version-history":[{"count":0,"href":"https:\/\/eltrabajo.cl\/portal\/wp-json\/wp\/v2\/posts\/45070\/revisions"}],"wp:featuredmedia":[{"embeddable":true,"href":"https:\/\/eltrabajo.cl\/portal\/wp-json\/wp\/v2\/media\/45071"}],"wp:attachment":[{"href":"https:\/\/eltrabajo.cl\/portal\/wp-json\/wp\/v2\/media?parent=45070"}],"wp:term":[{"taxonomy":"category","embeddable":true,"href":"https:\/\/eltrabajo.cl\/portal\/wp-json\/wp\/v2\/categories?post=45070"},{"taxonomy":"post_tag","embeddable":true,"href":"https:\/\/eltrabajo.cl\/portal\/wp-json\/wp\/v2\/tags?post=45070"}],"curies":[{"name":"wp","href":"https:\/\/api.w.org\/{rel}","templated":true}]}}