{"id":45076,"date":"2014-04-04T09:17:40","date_gmt":"2014-04-04T12:17:40","guid":{"rendered":"http:\/\/www.eltrabajo.cl\/portal\/?p=45076"},"modified":"2014-04-04T09:17:40","modified_gmt":"2014-04-04T12:17:40","slug":"familia-y-amigos-de-mujer-fallecida-piden-eliminar-semaforos-en-yungay-chacabuco","status":"publish","type":"post","link":"https:\/\/eltrabajo.cl\/portal\/familia-y-amigos-de-mujer-fallecida-piden-eliminar-semaforos-en-yungay-chacabuco\/","title":{"rendered":"Familia y amigos de mujer fallecida piden eliminar sem\u00e1foros en Yungay \u2013 Chacabuco"},"content":{"rendered":"<figure id=\"attachment_45077\" aria-describedby=\"caption-attachment-45077\" style=\"width: 529px\" class=\"wp-caption alignnone\"><a href=\"https:\/\/i0.wp.com\/www.eltrabajo.cl\/portal\/wp-content\/uploads\/2014\/04\/atropello-ciclista-2.jpg\"><img data-recalc-dims=\"1\" loading=\"lazy\" decoding=\"async\" class=\"size-full wp-image-45077\" alt=\"El accidente se produjo en el sem\u00e1foro UBICADO AL norponiente del complejo nudo vial que existe en Yungay con Chacabuco.\" src=\"https:\/\/i0.wp.com\/www.eltrabajo.cl\/portal\/wp-content\/uploads\/2014\/04\/atropello-ciclista-2.jpg?resize=529%2C328\" width=\"529\" height=\"328\" srcset=\"https:\/\/i0.wp.com\/eltrabajo.cl\/portal\/wp-content\/uploads\/2014\/04\/atropello-ciclista-2.jpg?w=529&amp;ssl=1 529w, https:\/\/i0.wp.com\/eltrabajo.cl\/portal\/wp-content\/uploads\/2014\/04\/atropello-ciclista-2.jpg?resize=200%2C124&amp;ssl=1 200w, https:\/\/i0.wp.com\/eltrabajo.cl\/portal\/wp-content\/uploads\/2014\/04\/atropello-ciclista-2.jpg?resize=300%2C186&amp;ssl=1 300w, https:\/\/i0.wp.com\/eltrabajo.cl\/portal\/wp-content\/uploads\/2014\/04\/atropello-ciclista-2.jpg?resize=150%2C93&amp;ssl=1 150w, https:\/\/i0.wp.com\/eltrabajo.cl\/portal\/wp-content\/uploads\/2014\/04\/atropello-ciclista-2.jpg?resize=400%2C248&amp;ssl=1 400w\" sizes=\"auto, (max-width: 529px) 100vw, 529px\" \/><\/a><figcaption id=\"caption-attachment-45077\" class=\"wp-caption-text\">El accidente se produjo en el sem\u00e1foro UBICADO AL norponiente del complejo nudo vial que existe en Yungay con Chacabuco.<\/figcaption><\/figure>\n<p>Tras el fatal accidente que le cost\u00f3 la vida a Mar\u00eda Ibacache Gonz\u00e1lez, mujer ciclista de 62 a\u00f1os que fue colisionada en la rotonda que se ubica justo frente al Club de Tenis de la ciudad, automovilistas, amigos y familiares solicitaron p\u00fablicamente a la autoridad comunal, revisar la validez de la permanencia de los sem\u00e1foros en el lugar, toda vez que para ellos \u201cdesde que se instalaron, los eventos de accidentes han aumentado\u201d.<\/p>\n<p>En el lugar en que fue atropellada la mujer, y mientras colocaban algunas velas para se\u00f1alar el punto preciso del accidente, una de las que levanta la voz es In\u00e9s Leiva, quien llama a las autoridades \u201ca que revisen bien este proyecto que se dej\u00f3 como herencia. Yo les pido que se pongan en los zapatos de los que hemos tenido estas penas tan grandes, y se acuerden de que antes de que existieran estos sem\u00e1foros no hab\u00eda tanta recurrencia de estos accidentes. Yo les pregunto: \u00bfnecesitan perder m\u00e1s vidas para que eval\u00faen esta situaci\u00f3n? Cualquiera que vive en San Felipe y pasa por ac\u00e1 sabe que estos sem\u00e1foros generan m\u00e1s caos vial y mucho m\u00e1s riesgo de accidente, especialmente a peatones y ciclistas, porque para intentar alcanzar la luz verde pasan a mayor velocidad y generan estos accidentes\u201d.<\/p>\n<figure id=\"attachment_45078\" aria-describedby=\"caption-attachment-45078\" style=\"width: 317px\" class=\"wp-caption alignright\"><a href=\"https:\/\/i0.wp.com\/www.eltrabajo.cl\/portal\/wp-content\/uploads\/2014\/04\/ines-leiva.jpg\"><img data-recalc-dims=\"1\" loading=\"lazy\" decoding=\"async\" class=\" wp-image-45078 \" alt=\"Ines Leiva Villar alz\u00f3 la voz a nombre de los amigos y conocidos de la familia afectada, se\u00f1alando que este como todos los accidentes pueden ser evitados, pero seg\u00fan ella, la instalaci\u00f3n de sem\u00e1foros en esta rotonda ha generado un aumento en estos episodios.\" src=\"https:\/\/i0.wp.com\/www.eltrabajo.cl\/portal\/wp-content\/uploads\/2014\/04\/ines-leiva.jpg?resize=317%2C395\" width=\"317\" height=\"395\" srcset=\"https:\/\/i0.wp.com\/eltrabajo.cl\/portal\/wp-content\/uploads\/2014\/04\/ines-leiva.jpg?w=529&amp;ssl=1 529w, https:\/\/i0.wp.com\/eltrabajo.cl\/portal\/wp-content\/uploads\/2014\/04\/ines-leiva.jpg?resize=120%2C150&amp;ssl=1 120w, https:\/\/i0.wp.com\/eltrabajo.cl\/portal\/wp-content\/uploads\/2014\/04\/ines-leiva.jpg?resize=241%2C300&amp;ssl=1 241w, https:\/\/i0.wp.com\/eltrabajo.cl\/portal\/wp-content\/uploads\/2014\/04\/ines-leiva.jpg?resize=400%2C497&amp;ssl=1 400w\" sizes=\"auto, (max-width: 317px) 100vw, 317px\" \/><\/a><figcaption id=\"caption-attachment-45078\" class=\"wp-caption-text\">Ines Leiva Villar alz\u00f3 la voz a nombre de los amigos y conocidos de la familia afectada, se\u00f1alando que este como todos los accidentes pueden ser evitados, pero seg\u00fan ella, la instalaci\u00f3n de sem\u00e1foros en esta rotonda ha generado un aumento en estos episodios.<\/figcaption><\/figure>\n<p>Por su parte V\u00edctor Salinas se mostr\u00f3 muy dolido con esta muerte tan absurda. \u201cYo conozco a la familia, ellos son gente tranquila de nuestra ciudad y ac\u00e1 est\u00e1 la mayor demostraci\u00f3n de que este punto se ha transformado en una verdadera trampa mortal para peatones y ciclistas. Yo soy conductor de colectivo y paso siempre por ac\u00e1, y veo c\u00f3mo los veh\u00edculos se confunden con tanto sem\u00e1foro cerca, no toda la gente que maneja tiene la experiencia de sobreponerse a un percance, un veh\u00edculo que se pasa un rojo o la imprudencia de alg\u00fan auto o motociclista, y es ah\u00ed cuando uno cree que esto estaba mejor antes de los sem\u00e1foros\u201d, se\u00f1ala el transportista, que adem\u00e1s recalca que antes de los sem\u00e1foros hab\u00eda accidentes, pero nunca con la frecuencia que ac\u00e1 se producen.<\/p>\n<p>En el municipio en tanto, el Director del Departamento de Tr\u00e1nsito, Guillermo Orellana, explica que \u201cla instalaci\u00f3n de esta semaforizaci\u00f3n obedeci\u00f3 a una modelaci\u00f3n de tr\u00e1fico, y eso obedece a entregar seguridad a los peatones y los veh\u00edculos. La sensaci\u00f3n de la \u2018inseguridad\u2019 que la ciudadan\u00eda pareciera tener, no dice relaci\u00f3n con los controles que hace la UOCT, que es la Unidad de Control de Tr\u00e1nsito que supervisa el funcionamiento de estos sem\u00e1foros, y eso se basa en los informes de accidentes que entrega Carabineros, eso est\u00e1 monitoreado y bajo control de ellos. Por lo que la sensaci\u00f3n de inseguridad de la gente es solo eso, una percepci\u00f3n. Eso al menos seg\u00fan los informes que ellos reportan\u201d.<\/p>\n<p>Orellana asegura que este sem\u00e1foro fue evaluado por la SECTRA en dos oportunidades a petici\u00f3n de las autoridades del momento y esos estudios indicaron que tras algunos peque\u00f1os ajustes, esos sem\u00e1foros est\u00e1n bien instalados.<\/p>\n<p>Por otra parte asegur\u00f3 que existe un \u201cPlan Maestro de Gesti\u00f3n de Tr\u00e1nsito\u201d y \u201ceso incluye los 20 kil\u00f3metros de ciclo v\u00edas que ha anunciado esta administraci\u00f3n. Tambi\u00e9n incluye pasos peatonales, reversi\u00f3n de algunas calles, etc. Lo que implica trabajar en un gran plan de ciudad. Eso est\u00e1 en fase final de evaluaci\u00f3n y debiese solucionar de manera definitiva en el mediano plazo, aunque esa es materia de otra unidad del municipio como lo es planificaci\u00f3n\u201d.<\/p>\n<p><strong>Persona fallecida<\/strong><\/p>\n<p>En horas de la tarde de este jueves, reci\u00e9n la familia de Mar\u00eda Ibacache Gonz\u00e1lez recibi\u00f3 su cuerpo por parte del Servicio M\u00e9dico Legal, debido a peritajes que fueron ordenados por el Ministerio P\u00fablico de San Felipe. Los restos mortales de do\u00f1a Mar\u00eda est\u00e1n siendo velados en su hogar, en calle Uno Norte entre Abraham Ahumada y Calle Salinas, y los funerales ser\u00e1n hoy a partir de las 11:00 tras una misa que se realizar\u00e1 en la Iglesia Catedral de la ciudad.<\/p>\n<p>&nbsp;<\/p>\n","protected":false},"excerpt":{"rendered":"<p>Tras el fatal accidente que le cost\u00f3 la vida a Mar\u00eda Ibacache Gonz\u00e1lez, mujer ciclista de 62 a\u00f1os que fue colisionada en la rotonda que se ubica justo frente al Club de&#8230;<\/p>\n","protected":false},"author":482,"featured_media":45077,"comment_status":"open","ping_status":"closed","sticky":false,"template":"","format":"standard","meta":{"advanced_seo_description":"","jetpack_seo_html_title":"","jetpack_seo_noindex":false,"_jetpack_memberships_contains_paid_content":false,"footnotes":""},"categories":[15],"tags":[],"class_list":["post-45076","post","type-post","status-publish","format-standard","has-post-thumbnail","hentry","category-comunidad"],"jetpack_featured_media_url":"https:\/\/i0.wp.com\/eltrabajo.cl\/portal\/wp-content\/uploads\/2014\/04\/atropello-ciclista-2.jpg?fit=529%2C328&ssl=1","jetpack_sharing_enabled":true,"jetpack_likes_enabled":true,"jetpack-related-posts":[],"_links":{"self":[{"href":"https:\/\/eltrabajo.cl\/portal\/wp-json\/wp\/v2\/posts\/45076","targetHints":{"allow":["GET"]}}],"collection":[{"href":"https:\/\/eltrabajo.cl\/portal\/wp-json\/wp\/v2\/posts"}],"about":[{"href":"https:\/\/eltrabajo.cl\/portal\/wp-json\/wp\/v2\/types\/post"}],"author":[{"embeddable":true,"href":"https:\/\/eltrabajo.cl\/portal\/wp-json\/wp\/v2\/users\/482"}],"replies":[{"embeddable":true,"href":"https:\/\/eltrabajo.cl\/portal\/wp-json\/wp\/v2\/comments?post=45076"}],"version-history":[{"count":0,"href":"https:\/\/eltrabajo.cl\/portal\/wp-json\/wp\/v2\/posts\/45076\/revisions"}],"wp:featuredmedia":[{"embeddable":true,"href":"https:\/\/eltrabajo.cl\/portal\/wp-json\/wp\/v2\/media\/45077"}],"wp:attachment":[{"href":"https:\/\/eltrabajo.cl\/portal\/wp-json\/wp\/v2\/media?parent=45076"}],"wp:term":[{"taxonomy":"category","embeddable":true,"href":"https:\/\/eltrabajo.cl\/portal\/wp-json\/wp\/v2\/categories?post=45076"},{"taxonomy":"post_tag","embeddable":true,"href":"https:\/\/eltrabajo.cl\/portal\/wp-json\/wp\/v2\/tags?post=45076"}],"curies":[{"name":"wp","href":"https:\/\/api.w.org\/{rel}","templated":true}]}}