{"id":45081,"date":"2014-04-04T09:19:44","date_gmt":"2014-04-04T12:19:44","guid":{"rendered":"http:\/\/www.eltrabajo.cl\/portal\/?p=45081"},"modified":"2014-04-04T09:19:44","modified_gmt":"2014-04-04T12:19:44","slug":"mujer-de-tercera-edad-con-quemaduras-graves-tras-emergencia-en-villa-250-anos","status":"publish","type":"post","link":"https:\/\/eltrabajo.cl\/portal\/mujer-de-tercera-edad-con-quemaduras-graves-tras-emergencia-en-villa-250-anos\/","title":{"rendered":"Mujer de tercera edad con quemaduras graves tras emergencia en Villa 250 A\u00f1os"},"content":{"rendered":"<figure id=\"attachment_45082\" aria-describedby=\"caption-attachment-45082\" style=\"width: 528px\" class=\"wp-caption alignnone\"><a href=\"https:\/\/i0.wp.com\/www.eltrabajo.cl\/portal\/wp-content\/uploads\/2014\/04\/Teresa1.jpg\"><img data-recalc-dims=\"1\" loading=\"lazy\" decoding=\"async\" class=\"size-full wp-image-45082\" alt=\"La mujer result\u00f3 con quemaduras graves tras el accidente dom\u00e9stico.\" src=\"https:\/\/i0.wp.com\/www.eltrabajo.cl\/portal\/wp-content\/uploads\/2014\/04\/Teresa1.jpg?resize=528%2C401\" width=\"528\" height=\"401\" srcset=\"https:\/\/i0.wp.com\/eltrabajo.cl\/portal\/wp-content\/uploads\/2014\/04\/Teresa1.jpg?w=528&amp;ssl=1 528w, https:\/\/i0.wp.com\/eltrabajo.cl\/portal\/wp-content\/uploads\/2014\/04\/Teresa1.jpg?resize=197%2C150&amp;ssl=1 197w, https:\/\/i0.wp.com\/eltrabajo.cl\/portal\/wp-content\/uploads\/2014\/04\/Teresa1.jpg?resize=300%2C227&amp;ssl=1 300w, https:\/\/i0.wp.com\/eltrabajo.cl\/portal\/wp-content\/uploads\/2014\/04\/Teresa1.jpg?resize=150%2C113&amp;ssl=1 150w, https:\/\/i0.wp.com\/eltrabajo.cl\/portal\/wp-content\/uploads\/2014\/04\/Teresa1.jpg?resize=400%2C303&amp;ssl=1 400w\" sizes=\"auto, (max-width: 528px) 100vw, 528px\" \/><\/a><figcaption id=\"caption-attachment-45082\" class=\"wp-caption-text\">La mujer result\u00f3 con quemaduras graves tras el accidente dom\u00e9stico.<\/figcaption><\/figure>\n<p>Una emergencia catalogada en principio con clave de incendio afect\u00f3 la tarde de este jueves a una vivienda ubicada en el pasaje Estadio N\u00b0813 de la Villa 250 A\u00f1os, donde una mujer de la tercera edad, identificada como Teresa Salva Ibaceta, result\u00f3 con quemaduras de consideraci\u00f3n en su rostro y cuero cabelludo.<\/p>\n<p>Preliminarmente se supo que la mujer sufri\u00f3 la inflamaci\u00f3n de una cocina a gas, lo que comprometi\u00f3 su cabeza. Tras los gritos de la mujer, fueron vecinos los que apagaron el fuego y asistieron preliminarmente a la vecina.<\/p>\n<p>A la emergencia concurrieron dos unidades con 5 voluntarios a cargo del Comandante del Cuerpo de Bomberos de San Felipe, Cristian Palma, y una ambulancia del SAMU, la que traslad\u00f3 a la afectada hasta el Hospital San Camilo con quemaduras de car\u00e1cter grave, por lo que deber\u00e1 ser sometida a cuidado intensivo y personal m\u00e9dico evaluaba en horas de la tarde de ayer realizar tratamiento quir\u00fargico.<\/p>\n<p>&nbsp;<\/p>\n","protected":false},"excerpt":{"rendered":"<p>Una emergencia catalogada en principio con clave de incendio afect\u00f3 la tarde de este jueves a una vivienda ubicada en el pasaje Estadio N\u00b0813 de la Villa 250 A\u00f1os, donde una mujer&#8230;<\/p>\n","protected":false},"author":482,"featured_media":45082,"comment_status":"open","ping_status":"closed","sticky":false,"template":"","format":"standard","meta":{"advanced_seo_description":"","jetpack_seo_html_title":"","jetpack_seo_noindex":false,"_jetpack_memberships_contains_paid_content":false,"footnotes":""},"categories":[21],"tags":[],"class_list":["post-45081","post","type-post","status-publish","format-standard","has-post-thumbnail","hentry","category-policial"],"jetpack_featured_media_url":"https:\/\/i0.wp.com\/eltrabajo.cl\/portal\/wp-content\/uploads\/2014\/04\/Teresa1.jpg?fit=528%2C401&ssl=1","jetpack_sharing_enabled":true,"jetpack_likes_enabled":true,"jetpack-related-posts":[],"_links":{"self":[{"href":"https:\/\/eltrabajo.cl\/portal\/wp-json\/wp\/v2\/posts\/45081","targetHints":{"allow":["GET"]}}],"collection":[{"href":"https:\/\/eltrabajo.cl\/portal\/wp-json\/wp\/v2\/posts"}],"about":[{"href":"https:\/\/eltrabajo.cl\/portal\/wp-json\/wp\/v2\/types\/post"}],"author":[{"embeddable":true,"href":"https:\/\/eltrabajo.cl\/portal\/wp-json\/wp\/v2\/users\/482"}],"replies":[{"embeddable":true,"href":"https:\/\/eltrabajo.cl\/portal\/wp-json\/wp\/v2\/comments?post=45081"}],"version-history":[{"count":0,"href":"https:\/\/eltrabajo.cl\/portal\/wp-json\/wp\/v2\/posts\/45081\/revisions"}],"wp:featuredmedia":[{"embeddable":true,"href":"https:\/\/eltrabajo.cl\/portal\/wp-json\/wp\/v2\/media\/45082"}],"wp:attachment":[{"href":"https:\/\/eltrabajo.cl\/portal\/wp-json\/wp\/v2\/media?parent=45081"}],"wp:term":[{"taxonomy":"category","embeddable":true,"href":"https:\/\/eltrabajo.cl\/portal\/wp-json\/wp\/v2\/categories?post=45081"},{"taxonomy":"post_tag","embeddable":true,"href":"https:\/\/eltrabajo.cl\/portal\/wp-json\/wp\/v2\/tags?post=45081"}],"curies":[{"name":"wp","href":"https:\/\/api.w.org\/{rel}","templated":true}]}}