{"id":45089,"date":"2014-04-07T09:28:20","date_gmt":"2014-04-07T12:28:20","guid":{"rendered":"http:\/\/www.eltrabajo.cl\/portal\/?p=45089"},"modified":"2014-04-07T09:28:20","modified_gmt":"2014-04-07T12:28:20","slug":"peligro-inminente-para-vecinos-de-villa-mercedes-por-trabajos-de-esval","status":"publish","type":"post","link":"https:\/\/eltrabajo.cl\/portal\/peligro-inminente-para-vecinos-de-villa-mercedes-por-trabajos-de-esval\/","title":{"rendered":"Peligro inminente para vecinos de Villa Mercedes por trabajos de Esval"},"content":{"rendered":"<figure id=\"attachment_45090\" aria-describedby=\"caption-attachment-45090\" style=\"width: 529px\" class=\"wp-caption alignnone\"><a href=\"https:\/\/i0.wp.com\/www.eltrabajo.cl\/portal\/wp-content\/uploads\/2014\/04\/Esval1.jpg\"><img data-recalc-dims=\"1\" loading=\"lazy\" decoding=\"async\" class=\"size-full wp-image-45090\" alt=\"Los vecinos denunciaron que conversaron con trabajadores de la empresa a quienes les reclamaron el p\u00e9simo estado de las pasarelas que instalaron.\" src=\"https:\/\/i0.wp.com\/www.eltrabajo.cl\/portal\/wp-content\/uploads\/2014\/04\/Esval1.jpg?resize=529%2C358\" width=\"529\" height=\"358\" srcset=\"https:\/\/i0.wp.com\/eltrabajo.cl\/portal\/wp-content\/uploads\/2014\/04\/Esval1.jpg?w=529&amp;ssl=1 529w, https:\/\/i0.wp.com\/eltrabajo.cl\/portal\/wp-content\/uploads\/2014\/04\/Esval1.jpg?resize=200%2C135&amp;ssl=1 200w, https:\/\/i0.wp.com\/eltrabajo.cl\/portal\/wp-content\/uploads\/2014\/04\/Esval1.jpg?resize=300%2C203&amp;ssl=1 300w, https:\/\/i0.wp.com\/eltrabajo.cl\/portal\/wp-content\/uploads\/2014\/04\/Esval1.jpg?resize=150%2C101&amp;ssl=1 150w, https:\/\/i0.wp.com\/eltrabajo.cl\/portal\/wp-content\/uploads\/2014\/04\/Esval1.jpg?resize=400%2C270&amp;ssl=1 400w\" sizes=\"auto, (max-width: 529px) 100vw, 529px\" \/><\/a><figcaption id=\"caption-attachment-45090\" class=\"wp-caption-text\">Los vecinos denunciaron que conversaron con trabajadores de la empresa a quienes les reclamaron el p\u00e9simo estado de las pasarelas que instalaron.<\/figcaption><\/figure>\n<p><strong>PUTAENDO.-<\/strong> Una grave situaci\u00f3n est\u00e1n viviendo un grupo importante de vecinos de Villa Mercedes, quienes en algunos casos literalmente no pueden salir de sus casas y corren serios riesgos de caer a una profunda excavaci\u00f3n realizada por Esval.<\/p>\n<p>La empresa antes nombrada se encuentra cambiando parte importante de la matriz de agua potable en ese sector, sin embargo, la empresa que realiza los trabajos comenz\u00f3 una profunda excavaci\u00f3n en los estrechos pasajes de Villa Mercedes con una profundidad superior a los tres metros donde lo m\u00e1s grave ha sido que el material extra\u00eddo de la excavaci\u00f3n fue acopiado en los ingresos de las viviendas y no dejaron un paso peatonal id\u00f3neo para el uso de los vecinos.<\/p>\n<figure id=\"attachment_45091\" aria-describedby=\"caption-attachment-45091\" style=\"width: 423px\" class=\"wp-caption alignright\"><a href=\"https:\/\/i0.wp.com\/www.eltrabajo.cl\/portal\/wp-content\/uploads\/2014\/04\/Esval2.jpg\"><img data-recalc-dims=\"1\" loading=\"lazy\" decoding=\"async\" class=\" wp-image-45091 \" alt=\"Las medidas de seguridad tendientes a proteger la integridad de los vecinos en este caso son nulas y la \u00fanica manera que tienen los vecinos para cruzar la calzada al borde de la gran excavaci\u00f3n.\" src=\"https:\/\/i0.wp.com\/www.eltrabajo.cl\/portal\/wp-content\/uploads\/2014\/04\/Esval2.jpg?resize=423%2C286\" width=\"423\" height=\"286\" srcset=\"https:\/\/i0.wp.com\/eltrabajo.cl\/portal\/wp-content\/uploads\/2014\/04\/Esval2.jpg?w=529&amp;ssl=1 529w, https:\/\/i0.wp.com\/eltrabajo.cl\/portal\/wp-content\/uploads\/2014\/04\/Esval2.jpg?resize=200%2C135&amp;ssl=1 200w, https:\/\/i0.wp.com\/eltrabajo.cl\/portal\/wp-content\/uploads\/2014\/04\/Esval2.jpg?resize=300%2C203&amp;ssl=1 300w, https:\/\/i0.wp.com\/eltrabajo.cl\/portal\/wp-content\/uploads\/2014\/04\/Esval2.jpg?resize=150%2C101&amp;ssl=1 150w, https:\/\/i0.wp.com\/eltrabajo.cl\/portal\/wp-content\/uploads\/2014\/04\/Esval2.jpg?resize=400%2C270&amp;ssl=1 400w\" sizes=\"auto, (max-width: 423px) 100vw, 423px\" \/><\/a><figcaption id=\"caption-attachment-45091\" class=\"wp-caption-text\">Las medidas de seguridad tendientes a proteger la integridad de los vecinos en este caso son nulas y la \u00fanica manera que tienen los vecinos para cruzar la calzada al borde de la gran excavaci\u00f3n.<\/figcaption><\/figure>\n<p>Las medidas de seguridad tendientes a proteger la integridad de los vecinos en este caso son nulas y la \u00fanica manera que tienen los vecinos para cruzar la calzada al borde de la gran excavaci\u00f3n, son palos que facilit\u00f3 un vecino y una endeble escalera de madera que incluso no tiene barandas, lo que se traduce en el inminente riesgo que tienen los vecinos en caer a la profunda excavaci\u00f3n con insospechadas consecuencias.<\/p>\n<p>Carla Toledo, desde la reja de su casa nos asegur\u00f3 que tiene miedo de salir a la calle pues debe pasar por unos fr\u00e1giles palos que la empresa constructora coloc\u00f3 como una especie de puente, ya que sufre de v\u00e9rtigo y el material es bastante fr\u00e1gil y teme que al pasar sobre el este se pueda romper y ocasionar un accidente, adem\u00e1s indic\u00f3 que esto le genera un enorme problema pues ella a diario debe concurrir a hacer clases y este improvisado puente pone en riesgo su vida.<\/p>\n<p>En tanto, Ronny Herrera Pulgar, dijo que en su caso pr\u00e1cticamente no puede ingresar a su casa y su hijo no puede quedar solo, lo que lo ha obligado a no enviarlo a clases pues tiene temor que por la curiosidad se acerque a la peligrosa excavaci\u00f3n, adem\u00e1s se\u00f1al\u00f3 que este jueves lo tuvieron todo el d\u00eda sin agua potable y que reci\u00e9n a las 19:00 horas le conectaron una peque\u00f1a manguera desde la matriz en forma directa a su casa para que pudiese tener el vital elemento.<\/p>\n<p>Ambos vecinos denunciaron que conversaron con trabajadores de la empresa a quienes le reclamaron el p\u00e9simo estado de las pasarelas que instalaron, adem\u00e1s del material que dejaron en la entrada de sus casas y aseguran que los trabajadores solo le respondieron que ellos solo cumplen \u00f3rdenes y que as\u00ed est\u00e1n establecidos los trabajos. Si bien es cierto, Esval desarrolla trabajos para mejorar la entrega del suministro de agua potable, demuestra que la empresa que ejecuta las obras no tiene precauciones con las medidas de seguridad tendientes a resguardar vidas humanas, ya que en este caso los vecinos corren serio riesgo de sufrir un accidente.<\/p>\n<p>Patricio Gallardo M.<\/p>\n<p>&nbsp;<\/p>\n","protected":false},"excerpt":{"rendered":"<p>PUTAENDO.- Una grave situaci\u00f3n est\u00e1n viviendo un grupo importante de vecinos de Villa Mercedes, quienes en algunos casos literalmente no pueden salir de sus casas y corren serios riesgos de caer a&#8230;<\/p>\n","protected":false},"author":482,"featured_media":45090,"comment_status":"open","ping_status":"closed","sticky":false,"template":"","format":"standard","meta":{"advanced_seo_description":"","jetpack_seo_html_title":"","jetpack_seo_noindex":false,"_jetpack_memberships_contains_paid_content":false,"footnotes":""},"categories":[15],"tags":[],"class_list":["post-45089","post","type-post","status-publish","format-standard","has-post-thumbnail","hentry","category-comunidad"],"jetpack_featured_media_url":"https:\/\/i0.wp.com\/eltrabajo.cl\/portal\/wp-content\/uploads\/2014\/04\/Esval1.jpg?fit=529%2C358&ssl=1","jetpack_sharing_enabled":true,"jetpack_likes_enabled":true,"jetpack-related-posts":[],"_links":{"self":[{"href":"https:\/\/eltrabajo.cl\/portal\/wp-json\/wp\/v2\/posts\/45089","targetHints":{"allow":["GET"]}}],"collection":[{"href":"https:\/\/eltrabajo.cl\/portal\/wp-json\/wp\/v2\/posts"}],"about":[{"href":"https:\/\/eltrabajo.cl\/portal\/wp-json\/wp\/v2\/types\/post"}],"author":[{"embeddable":true,"href":"https:\/\/eltrabajo.cl\/portal\/wp-json\/wp\/v2\/users\/482"}],"replies":[{"embeddable":true,"href":"https:\/\/eltrabajo.cl\/portal\/wp-json\/wp\/v2\/comments?post=45089"}],"version-history":[{"count":0,"href":"https:\/\/eltrabajo.cl\/portal\/wp-json\/wp\/v2\/posts\/45089\/revisions"}],"wp:featuredmedia":[{"embeddable":true,"href":"https:\/\/eltrabajo.cl\/portal\/wp-json\/wp\/v2\/media\/45090"}],"wp:attachment":[{"href":"https:\/\/eltrabajo.cl\/portal\/wp-json\/wp\/v2\/media?parent=45089"}],"wp:term":[{"taxonomy":"category","embeddable":true,"href":"https:\/\/eltrabajo.cl\/portal\/wp-json\/wp\/v2\/categories?post=45089"},{"taxonomy":"post_tag","embeddable":true,"href":"https:\/\/eltrabajo.cl\/portal\/wp-json\/wp\/v2\/tags?post=45089"}],"curies":[{"name":"wp","href":"https:\/\/api.w.org\/{rel}","templated":true}]}}