{"id":45094,"date":"2014-04-07T09:30:17","date_gmt":"2014-04-07T12:30:17","guid":{"rendered":"http:\/\/www.eltrabajo.cl\/portal\/?p=45094"},"modified":"2014-04-07T09:30:17","modified_gmt":"2014-04-07T12:30:17","slug":"vecinos-de-poblacion-dona-javiera-piden-cortar-arbol-que-ocasiona-problemas-electricos","status":"publish","type":"post","link":"https:\/\/eltrabajo.cl\/portal\/vecinos-de-poblacion-dona-javiera-piden-cortar-arbol-que-ocasiona-problemas-electricos\/","title":{"rendered":"Vecinos de Poblaci\u00f3n Do\u00f1a Javiera piden cortar \u00e1rbol que ocasiona problemas el\u00e9ctricos"},"content":{"rendered":"<figure id=\"attachment_45095\" aria-describedby=\"caption-attachment-45095\" style=\"width: 529px\" class=\"wp-caption alignnone\"><a href=\"https:\/\/i0.wp.com\/www.eltrabajo.cl\/portal\/wp-content\/uploads\/2014\/04\/Arbol1.jpg\"><img data-recalc-dims=\"1\" loading=\"lazy\" decoding=\"async\" class=\"size-full wp-image-45095\" alt=\"Este \u00e1rbol en el Pasaje Abrazo de Maip\u00fa de la Poblaci\u00f3n Do\u00f1a Javiera Carrera, que origina serios inconvenientes el\u00e9ctricos a los vecinos del sector.\" src=\"https:\/\/i0.wp.com\/www.eltrabajo.cl\/portal\/wp-content\/uploads\/2014\/04\/Arbol1.jpg?resize=529%2C359\" width=\"529\" height=\"359\" srcset=\"https:\/\/i0.wp.com\/eltrabajo.cl\/portal\/wp-content\/uploads\/2014\/04\/Arbol1.jpg?w=529&amp;ssl=1 529w, https:\/\/i0.wp.com\/eltrabajo.cl\/portal\/wp-content\/uploads\/2014\/04\/Arbol1.jpg?resize=200%2C135&amp;ssl=1 200w, https:\/\/i0.wp.com\/eltrabajo.cl\/portal\/wp-content\/uploads\/2014\/04\/Arbol1.jpg?resize=300%2C203&amp;ssl=1 300w, https:\/\/i0.wp.com\/eltrabajo.cl\/portal\/wp-content\/uploads\/2014\/04\/Arbol1.jpg?resize=150%2C101&amp;ssl=1 150w, https:\/\/i0.wp.com\/eltrabajo.cl\/portal\/wp-content\/uploads\/2014\/04\/Arbol1.jpg?resize=400%2C271&amp;ssl=1 400w\" sizes=\"auto, (max-width: 529px) 100vw, 529px\" \/><\/a><figcaption id=\"caption-attachment-45095\" class=\"wp-caption-text\">Este \u00e1rbol en el Pasaje Abrazo de Maip\u00fa de la Poblaci\u00f3n Do\u00f1a Javiera Carrera, que origina serios inconvenientes el\u00e9ctricos a los vecinos del sector.<\/figcaption><\/figure>\n<p><strong>PUTAENDO<\/strong>.- Los residentes del pasaje Abrazo de Maip\u00fa de la Poblaci\u00f3n Do\u00f1a Javiera Carrera pidieron que en forma urgente Chilquinta o la Municipalidad de Putaendo corte un \u00e1rbol que origina serios inconvenientes el\u00e9ctricos a los vecinos del sector. La se\u00f1ora Teresa Estay, quien vive en ese pasaje, se\u00f1al\u00f3 a Diario El Trabajo que decidi\u00f3 hacer p\u00fablica la situaci\u00f3n que desde hace dos a\u00f1os ha debido enfrentar por la burocracia que existe entre el municipio y Chilquinta, por un tema que afecta a los vecinos que viven en ese pasaje.<\/p>\n<p>Teresa Estay asegur\u00f3 que el pimiento que existe en el pasaje y cuyas ramas sobrepasan el tendido el\u00e9ctrico, ocasiona graves problemas producto del viento, sobre todo en el invierno, pues las ramas juntan los cables, lo que genera que los vecinos queden sin energ\u00eda el\u00e9ctrica y ya es pr\u00e1cticamente una costumbre ver como caen las chispas desde el tendido el\u00e9ctrico cuando sopla el viento, a lo que se suma la oscuridad producto del follaje de las ramas que obstaculizan la luz del alumbrado p\u00fablico.<\/p>\n<figure id=\"attachment_45096\" aria-describedby=\"caption-attachment-45096\" style=\"width: 317px\" class=\"wp-caption alignright\"><a href=\"https:\/\/i0.wp.com\/www.eltrabajo.cl\/portal\/wp-content\/uploads\/2014\/04\/Teresa-Estay.jpg\"><img data-recalc-dims=\"1\" loading=\"lazy\" decoding=\"async\" class=\" wp-image-45096 \" alt=\"Teresa Estay manifest\u00f3 su malestar por los inconvenientes de este \u00e1rbol en el pasaje.\" src=\"https:\/\/i0.wp.com\/www.eltrabajo.cl\/portal\/wp-content\/uploads\/2014\/04\/Teresa-Estay.jpg?resize=317%2C206\" width=\"317\" height=\"206\" srcset=\"https:\/\/i0.wp.com\/eltrabajo.cl\/portal\/wp-content\/uploads\/2014\/04\/Teresa-Estay.jpg?w=528&amp;ssl=1 528w, https:\/\/i0.wp.com\/eltrabajo.cl\/portal\/wp-content\/uploads\/2014\/04\/Teresa-Estay.jpg?resize=200%2C129&amp;ssl=1 200w, https:\/\/i0.wp.com\/eltrabajo.cl\/portal\/wp-content\/uploads\/2014\/04\/Teresa-Estay.jpg?resize=300%2C194&amp;ssl=1 300w, https:\/\/i0.wp.com\/eltrabajo.cl\/portal\/wp-content\/uploads\/2014\/04\/Teresa-Estay.jpg?resize=150%2C97&amp;ssl=1 150w, https:\/\/i0.wp.com\/eltrabajo.cl\/portal\/wp-content\/uploads\/2014\/04\/Teresa-Estay.jpg?resize=400%2C259&amp;ssl=1 400w\" sizes=\"auto, (max-width: 317px) 100vw, 317px\" \/><\/a><figcaption id=\"caption-attachment-45096\" class=\"wp-caption-text\">Teresa Estay manifest\u00f3 su malestar por los inconvenientes de este \u00e1rbol en el pasaje.<\/figcaption><\/figure>\n<p>En este sentido, Teresa Estay afirm\u00f3 que concurri\u00f3 hasta Chilquinta en varias ocasiones y en esa empresa le indican que es la Municipalidad de Putaendo la que debe podar o cortar el \u00e1rbol pues se trata de una luminaria p\u00fablica y por otro lado, en el Departamento de Obras del Municipio de Putaendo le se\u00f1alan que es responsabilidad de Chilquinta, por lo que considera que en estos dos a\u00f1os entre Chilquinta y la Municipalidad se han tirado el problema de un lado a otro.<\/p>\n<p>La vecina indic\u00f3 que si bien es cierto existe un alumbrado p\u00fablico, tambi\u00e9n est\u00e1n los arranques domiciliarios que empalman a ese poste, por lo que a su juicio y tambi\u00e9n el de los vecinos, hay una responsabilidad compartida entre el municipio y Chilquinta e indic\u00f3 que hoy han comenzado a recolectar firmas para present\u00e1rselas al alcalde Guillermo Reyes con la finalidad que de una vez por todas cortan las ramas de este \u00e1rbol antes que llegue el invierno y ocasione los problemas que han debido soportar por m\u00e1s de dos a\u00f1os.<\/p>\n<p>Finalmente Teresa Estay dijo que si no hay una soluci\u00f3n r\u00e1pida a un problema que lleva m\u00e1s de dos a\u00f1os, los vecinos del pasaje Abrazo de Maip\u00fa buscar\u00e1n otras formas de presionar e incluso pueden llegar a una simb\u00f3lica protesta.<\/p>\n<p>Patricio Gallardo M.<\/p>\n<p>&nbsp;<\/p>\n","protected":false},"excerpt":{"rendered":"<p>PUTAENDO.- Los residentes del pasaje Abrazo de Maip\u00fa de la Poblaci\u00f3n Do\u00f1a Javiera Carrera pidieron que en forma urgente Chilquinta o la Municipalidad de Putaendo corte un \u00e1rbol que origina serios inconvenientes&#8230;<\/p>\n","protected":false},"author":482,"featured_media":45095,"comment_status":"open","ping_status":"closed","sticky":false,"template":"","format":"standard","meta":{"advanced_seo_description":"","jetpack_seo_html_title":"","jetpack_seo_noindex":false,"_jetpack_memberships_contains_paid_content":false,"footnotes":""},"categories":[15],"tags":[],"class_list":["post-45094","post","type-post","status-publish","format-standard","has-post-thumbnail","hentry","category-comunidad"],"jetpack_featured_media_url":"https:\/\/i0.wp.com\/eltrabajo.cl\/portal\/wp-content\/uploads\/2014\/04\/Arbol1.jpg?fit=529%2C359&ssl=1","jetpack_sharing_enabled":true,"jetpack_likes_enabled":true,"jetpack-related-posts":[],"_links":{"self":[{"href":"https:\/\/eltrabajo.cl\/portal\/wp-json\/wp\/v2\/posts\/45094","targetHints":{"allow":["GET"]}}],"collection":[{"href":"https:\/\/eltrabajo.cl\/portal\/wp-json\/wp\/v2\/posts"}],"about":[{"href":"https:\/\/eltrabajo.cl\/portal\/wp-json\/wp\/v2\/types\/post"}],"author":[{"embeddable":true,"href":"https:\/\/eltrabajo.cl\/portal\/wp-json\/wp\/v2\/users\/482"}],"replies":[{"embeddable":true,"href":"https:\/\/eltrabajo.cl\/portal\/wp-json\/wp\/v2\/comments?post=45094"}],"version-history":[{"count":0,"href":"https:\/\/eltrabajo.cl\/portal\/wp-json\/wp\/v2\/posts\/45094\/revisions"}],"wp:featuredmedia":[{"embeddable":true,"href":"https:\/\/eltrabajo.cl\/portal\/wp-json\/wp\/v2\/media\/45095"}],"wp:attachment":[{"href":"https:\/\/eltrabajo.cl\/portal\/wp-json\/wp\/v2\/media?parent=45094"}],"wp:term":[{"taxonomy":"category","embeddable":true,"href":"https:\/\/eltrabajo.cl\/portal\/wp-json\/wp\/v2\/categories?post=45094"},{"taxonomy":"post_tag","embeddable":true,"href":"https:\/\/eltrabajo.cl\/portal\/wp-json\/wp\/v2\/tags?post=45094"}],"curies":[{"name":"wp","href":"https:\/\/api.w.org\/{rel}","templated":true}]}}