{"id":45099,"date":"2014-04-07T09:35:33","date_gmt":"2014-04-07T12:35:33","guid":{"rendered":"http:\/\/www.eltrabajo.cl\/portal\/?p=45099"},"modified":"2014-04-07T09:35:33","modified_gmt":"2014-04-07T12:35:33","slug":"alcalde-guillermo-reyes-exigimos-que-colbun-devuelva-los-derechos-de-agua-sin-condiciones","status":"publish","type":"post","link":"https:\/\/eltrabajo.cl\/portal\/alcalde-guillermo-reyes-exigimos-que-colbun-devuelva-los-derechos-de-agua-sin-condiciones\/","title":{"rendered":"Alcalde Guillermo Reyes: \u201cExigimos que Colb\u00fan devuelva los derechos de agua sin condiciones\u201d"},"content":{"rendered":"<figure id=\"attachment_45100\" aria-describedby=\"caption-attachment-45100\" style=\"width: 317px\" class=\"wp-caption alignleft\"><a href=\"https:\/\/i0.wp.com\/www.eltrabajo.cl\/portal\/wp-content\/uploads\/2014\/04\/Reyes1.jpg\"><img data-recalc-dims=\"1\" loading=\"lazy\" decoding=\"async\" class=\" wp-image-45100 \" alt=\"Alcalde de Putaendo, Guillermo Reyes.\" src=\"https:\/\/i0.wp.com\/www.eltrabajo.cl\/portal\/wp-content\/uploads\/2014\/04\/Reyes1.jpg?resize=317%2C270\" width=\"317\" height=\"270\" srcset=\"https:\/\/i0.wp.com\/eltrabajo.cl\/portal\/wp-content\/uploads\/2014\/04\/Reyes1.jpg?w=528&amp;ssl=1 528w, https:\/\/i0.wp.com\/eltrabajo.cl\/portal\/wp-content\/uploads\/2014\/04\/Reyes1.jpg?resize=176%2C150&amp;ssl=1 176w, https:\/\/i0.wp.com\/eltrabajo.cl\/portal\/wp-content\/uploads\/2014\/04\/Reyes1.jpg?resize=300%2C255&amp;ssl=1 300w, https:\/\/i0.wp.com\/eltrabajo.cl\/portal\/wp-content\/uploads\/2014\/04\/Reyes1.jpg?resize=150%2C127&amp;ssl=1 150w, https:\/\/i0.wp.com\/eltrabajo.cl\/portal\/wp-content\/uploads\/2014\/04\/Reyes1.jpg?resize=400%2C340&amp;ssl=1 400w\" sizes=\"auto, (max-width: 317px) 100vw, 317px\" \/><\/a><figcaption id=\"caption-attachment-45100\" class=\"wp-caption-text\">Alcalde de Putaendo, Guillermo Reyes.<\/figcaption><\/figure>\n<p><strong>PUTAENDO.<\/strong>&#8211; El Alcalde Guillermo Reyes se refiri\u00f3 p\u00fablicamente a la situaci\u00f3n que en estos d\u00edas ha salido a la opini\u00f3n p\u00fablica y que dice relaci\u00f3n con la no ejecuci\u00f3n del proyecto de centrales hidroel\u00e9ctricas que Colb\u00fan desarrollar\u00eda en conjunto con la Junta de Vigilancia del R\u00edo Putaendo y los derechos de agua que la empresa posee en el R\u00edo Roc\u00edn.<\/p>\n<p>La autoridad comunal se\u00f1al\u00f3 primeramente que es muy respetuoso de las decisiones que tome la JVRP que es la entidad involucrada en este tema, pero que en su calidad de alcalde y representante de todos los putaendinos, y m\u00e1s a\u00fan habiendo firmado el acuerdo el a\u00f1o 2012 entre el MOP, Colb\u00fan y la JVRP, tiene el legitimo derecho de entregar su opini\u00f3n al respecto.<\/p>\n<p>Reyes indic\u00f3 que no hay que olvidar que los gobiernos de la Concertaci\u00f3n durante 20 a\u00f1os le negaron a Colb\u00fan los derechos de agua en el R\u00edo Roc\u00edn y que en el gobierno del ex-presidente Sebasti\u00e1n Pi\u00f1era, estos fueron entregados y muy extra\u00f1amente Colb\u00fan se adjudica los derechos que terminan solo metros despu\u00e9s de la cortina del embalse, lo que a lo menos resulta extra\u00f1o y que a juicio del edil, demuestra que el gobierno de Pi\u00f1era favoreci\u00f3 a sus amigos de la Familia Matte, pues todos sab\u00edan que se construir\u00eda un embalse para regar el valle.<\/p>\n<p>El alcalde dijo que desde un principio Colb\u00fan jug\u00f3 a las especulaciones y lo que hoy est\u00e1 ocurriendo es una de las estrategias que seguramente pensaron pues es poco entendible que una empresa tan grande ahora se d\u00e9 cuenta que construir dos centrales hidroel\u00e9ctricas es inviable, ya que pr\u00e1cticamente pidieron un r\u00edo completo y eso es una clara especulaci\u00f3n, adem\u00e1s se\u00f1al\u00f3 que en la empresa Colb\u00fan son unos verdaderos \u201cpiratas del caribe\u201d de la especulaci\u00f3n.<\/p>\n<p>\u201cSer\u00eda una sinverg\u00fcencer\u00eda tener que pagarle peaje a Colb\u00fan para que la Junta de Vigilancia del R\u00edo Putaendo construya dos centrales hidroel\u00e9ctricas que beneficiar\u00e1n a todos los regantes, eso no lo permitiremos y quiero decir con claridad y fuerza que Colb\u00fan debe devolver los derechos de agua que posee en el R\u00edo Roc\u00edn sin condiciones y de ser necesario, estoy seguro que la comunidad se movilizar\u00e1 para exigir que esto as\u00ed sea, pues no podemos depender de lo que hoy quiere Colb\u00fan, que pr\u00e1cticamente es cobrar un peaje para ocupar el agua\u201d puntualiz\u00f3 Guillermo Reyes.<\/p>\n<p><strong>\u00a0CARTER DA\u00a0GARANT\u00cdAS<\/strong><\/p>\n<p>Jos\u00e9 Manuel Carter, Presidente de la Junta de Vigilancia del R\u00edo Putaendo, asegur\u00f3 que puede dar garant\u00edas totales a la comunidad que Colb\u00fan devolver\u00e1 en forma gratuita los derechos no consuntivos y permanentes de agua que posee en el R\u00edo Roc\u00edn. El dirigente se refiri\u00f3 sobre este tema a nuestro medio, indicando que luego que la informaci\u00f3n fuese \u2018filtrada a la prensa\u2019 esto hab\u00eda dejado de ser privado y por eso enviaron un comunicado p\u00fablico, adem\u00e1s respald\u00f3 al vicepresidente de la instituci\u00f3n, Hugo Silva, quien confirm\u00f3 antecedentes a otro medio de comunicaci\u00f3n autorizado expresamente por \u00e9l.<\/p>\n<p>Carter dijo que la comunidad puede estar tranquila y segura, porque Colb\u00fan se comprometi\u00f3 a entregar o devolver en forma gratuita los derechos de agua que posee en el R\u00edo Roc\u00edn y que eso est\u00e1 claro y muy bien establecido, a pesar que no se ha firmado, aunque asegur\u00f3 que como directorio no aceptaron la condici\u00f3n de pagar una cantidad de dinero (de la cual indic\u00f3 que \u2018no se acuerda\u2019) y que efectivamente le propusieron a Colb\u00fan que entregue los derechos en un acto p\u00fablico y que desista del eventual cobro, ante lo cual los representantes de la empresa indicaron que en una semana m\u00e1s dar\u00e1n una respuesta definitiva, por lo que el dirigente se\u00f1al\u00f3 que no hay de que alarmarse.<\/p>\n<p>Finalmente Carter lament\u00f3 que \u2018un concejal\u2019 haya ventilado la informaci\u00f3n a la opini\u00f3n p\u00fablica y no quiso entregar el nombre del concejal, aunque claramente se refiri\u00f3 a Miguel Vega, pues es el \u00fanico miembro de la JVRP que ostenta ese cargo.<\/p>\n<p><strong>DURAS CR\u00cdTICAS<\/strong><\/p>\n<p>El Concejal de Putaendo y Tesorero de la Junta de Vigilancia del R\u00edo Putaendo, Miguel Vega Berr\u00edos, critic\u00f3 duramente al presidente de la Junta de Vigilancia del R\u00edo Putaendo, Jos\u00e9 Manuel Carter, por el conflicto que se ha suscitado con la empresa Colb\u00fan luego que esta desconociera el acuerdo firmado el a\u00f1o 2012.<\/p>\n<p>El edil dijo que no quiso realizar declaraciones, pero que al escuchar a Carter en la radio asegurando que un concejal hab\u00eda ventilado la informaci\u00f3n, sinti\u00f3 que la opini\u00f3n p\u00fablica debe saber la verdad sobre este tema y se\u00f1al\u00f3 que en la \u00faltima reuni\u00f3n del Directorio de la JVRP donde existen audios, el explic\u00f3 al directorio que el tema Colb\u00fan lo explicar\u00eda y socializar\u00eda en el Concejo Municipal pues si se le est\u00e1 ofreciendo a Colb\u00fan un acto p\u00fablico en la plaza, son los concejales y el alcalde quienes deben autorizarlo, por lo que dej\u00f3 en claro que no ha faltado a palabra alguna ni ha roto un compromiso.<\/p>\n<p>Vega asegur\u00f3 que Jos\u00e9 Manuel Carter lo ataca con mucha rivalidad y no reconoce que fue \u00e9l (Vega) quien le dej\u00f3 claramente establecidas las cosas a Colb\u00fan, pues como Junta de Vigilancia se encontraron en una muy mala posici\u00f3n, ya que asegur\u00f3 que la gente de Colb\u00fan \u2018no come ni deja comer\u2019, adem\u00e1s advirti\u00f3 que efectivamente la empresa puede vender sus derechos a una empresa minera, agregando que claramente le dijo a los representantes de Colb\u00fan que \u00e9l se opone al eventual pago de un \u2018peaje\u00b4.<\/p>\n<p>\u201cJos\u00e9 Manuel Carter no reconoce lo que yo he hecho por el embalse y por la lucha contra Colb\u00fan, siempre me acus\u00f3 de politizar este tema pero \u00e9l quiere proteger un poco los errores que cometi\u00f3 el gobierno de Pi\u00f1era, y en este caso y muchos m\u00e1s Jos\u00e9 Manuel Carter es un excelente presidente de la Junta de Vigilancia del R\u00edo Putaendo pero secando uvas en su fundo de Sahond\u00e9 y no haciendo la pega que le corresponde representando a todos los regantes\u201d.<\/p>\n<p>El Concejal Vega confirm\u00f3 que posee informaci\u00f3n que miembros de la actual Directiva de la JVRP estar\u00edan presionando a algunos presidentes de comunidades de agua para que incluso le pidan la renuncia a \u00e9l como tesorero y as\u00ed imposibilitarlo de participar como candidato en las pr\u00f3ximas elecciones internas de la JVRP que se desarrollar\u00e1n a mediados de este a\u00f1o y al respecto indic\u00f3 que el siempre ha actuado de manera frontal y leal, pues ha apoyado a Carter cuando corresponde y lo ha criticado cuando corresponde, adem\u00e1s asegur\u00f3 que si alguien est\u00e1 interesado que no siga en su cargo es cosa que se lo pidan de frente y no con maniobras extra\u00f1as minti\u00e9ndole a los regantes.<\/p>\n<p>Patricio Gallardo M.<\/p>\n<div class=\"tiled-gallery type-rectangular tiled-gallery-unresized\" data-original-width=\"640\" data-carousel-extra='null' itemscope itemtype=\"http:\/\/schema.org\/ImageGallery\" > <div class=\"gallery-row\" style=\"width: 640px; height: 266px;\" data-original-width=\"640\" data-original-height=\"266\" > <div class=\"gallery-group images-1\" style=\"width: 339px; height: 266px;\" data-original-width=\"339\" data-original-height=\"266\" > <div class=\"tiled-gallery-item tiled-gallery-item-large\" itemprop=\"associatedMedia\" itemscope itemtype=\"http:\/\/schema.org\/ImageObject\"> <a href=\"https:\/\/eltrabajo.cl\/portal\/alcalde-guillermo-reyes-exigimos-que-colbun-devuelva-los-derechos-de-agua-sin-condiciones\/miguel-vega-7\/\" border=\"0\" itemprop=\"url\"> <meta itemprop=\"width\" content=\"335\"> <meta itemprop=\"height\" content=\"262\"> <img decoding=\"async\" class=\"\" data-attachment-id=\"45101\" data-orig-file=\"https:\/\/eltrabajo.cl\/portal\/wp-content\/uploads\/2014\/04\/MIGUEL-VEGA.jpg\" data-orig-size=\"529,414\" data-comments-opened=\"1\" data-image-meta=\"{&quot;aperture&quot;:&quot;4&quot;,&quot;credit&quot;:&quot;&quot;,&quot;camera&quot;:&quot;Canon EOS REBEL T3i&quot;,&quot;caption&quot;:&quot;&quot;,&quot;created_timestamp&quot;:&quot;1396468297&quot;,&quot;copyright&quot;:&quot;[wopmind]&quot;,&quot;focal_length&quot;:&quot;26&quot;,&quot;iso&quot;:&quot;400&quot;,&quot;shutter_speed&quot;:&quot;0.016666666666667&quot;,&quot;title&quot;:&quot;&quot;}\" data-image-title=\"MIGUEL VEGA\" data-image-description=\"&lt;p&gt;Concejal de Putaendo y Tesorero de la Junta de Vigilancia del R\u00edo Putaendo, Miguel Vega Berr\u00edos.&lt;\/p&gt; \" data-medium-file=\"https:\/\/i0.wp.com\/eltrabajo.cl\/portal\/wp-content\/uploads\/2014\/04\/MIGUEL-VEGA.jpg?fit=300%2C234&#038;ssl=1\" data-large-file=\"https:\/\/i0.wp.com\/eltrabajo.cl\/portal\/wp-content\/uploads\/2014\/04\/MIGUEL-VEGA.jpg?fit=529%2C414&#038;ssl=1\" src=\"https:\/\/i0.wp.com\/eltrabajo.cl\/portal\/wp-content\/uploads\/2014\/04\/MIGUEL-VEGA.jpg?w=335&#038;h=262&#038;ssl=1\" srcset=\"https:\/\/i0.wp.com\/eltrabajo.cl\/portal\/wp-content\/uploads\/2014\/04\/MIGUEL-VEGA.jpg?w=529&amp;ssl=1 529w, https:\/\/i0.wp.com\/eltrabajo.cl\/portal\/wp-content\/uploads\/2014\/04\/MIGUEL-VEGA.jpg?resize=191%2C150&amp;ssl=1 191w, https:\/\/i0.wp.com\/eltrabajo.cl\/portal\/wp-content\/uploads\/2014\/04\/MIGUEL-VEGA.jpg?resize=300%2C234&amp;ssl=1 300w, https:\/\/i0.wp.com\/eltrabajo.cl\/portal\/wp-content\/uploads\/2014\/04\/MIGUEL-VEGA.jpg?resize=150%2C117&amp;ssl=1 150w, https:\/\/i0.wp.com\/eltrabajo.cl\/portal\/wp-content\/uploads\/2014\/04\/MIGUEL-VEGA.jpg?resize=400%2C313&amp;ssl=1 400w\" width=\"335\" height=\"262\" loading=\"lazy\" data-original-width=\"335\" data-original-height=\"262\" itemprop=\"http:\/\/schema.org\/image\" title=\"MIGUEL VEGA\" alt=\"Concejal de Putaendo y Tesorero de la Junta de Vigilancia del R\u00edo Putaendo, Miguel Vega Berr\u00edos.\" style=\"width: 335px; height: 262px;\" \/> <\/a> <div class=\"tiled-gallery-caption\" itemprop=\"caption description\"> Concejal de Putaendo y Tesorero de la Junta de Vigilancia del R\u00edo Putaendo, Miguel Vega Berr\u00edos. <\/div> <\/div> <\/div> <!-- close group --> <div class=\"gallery-group images-1\" style=\"width: 301px; height: 266px;\" data-original-width=\"301\" data-original-height=\"266\" > <div class=\"tiled-gallery-item tiled-gallery-item-large\" itemprop=\"associatedMedia\" itemscope itemtype=\"http:\/\/schema.org\/ImageObject\"> <a href=\"https:\/\/eltrabajo.cl\/portal\/alcalde-guillermo-reyes-exigimos-que-colbun-devuelva-los-derechos-de-agua-sin-condiciones\/carter1\/\" border=\"0\" itemprop=\"url\"> <meta itemprop=\"width\" content=\"297\"> <meta itemprop=\"height\" content=\"262\"> <img decoding=\"async\" class=\"\" data-attachment-id=\"45102\" data-orig-file=\"https:\/\/eltrabajo.cl\/portal\/wp-content\/uploads\/2014\/04\/Carter1.jpg\" data-orig-size=\"529,468\" data-comments-opened=\"1\" data-image-meta=\"{&quot;aperture&quot;:&quot;4&quot;,&quot;credit&quot;:&quot;&quot;,&quot;camera&quot;:&quot;Canon EOS REBEL T3&quot;,&quot;caption&quot;:&quot;&quot;,&quot;created_timestamp&quot;:&quot;1377379292&quot;,&quot;copyright&quot;:&quot;&quot;,&quot;focal_length&quot;:&quot;44&quot;,&quot;iso&quot;:&quot;800&quot;,&quot;shutter_speed&quot;:&quot;0.016666666666667&quot;,&quot;title&quot;:&quot;&quot;}\" data-image-title=\"Carter1\" data-image-description=\"&lt;p&gt;Jos\u00e9 Manuel Carter, Presidente de la Junta de Vigilancia del R\u00edo Putaendo.&lt;\/p&gt; \" data-medium-file=\"https:\/\/i0.wp.com\/eltrabajo.cl\/portal\/wp-content\/uploads\/2014\/04\/Carter1.jpg?fit=300%2C265&#038;ssl=1\" data-large-file=\"https:\/\/i0.wp.com\/eltrabajo.cl\/portal\/wp-content\/uploads\/2014\/04\/Carter1.jpg?fit=529%2C468&#038;ssl=1\" src=\"https:\/\/i0.wp.com\/eltrabajo.cl\/portal\/wp-content\/uploads\/2014\/04\/Carter1.jpg?w=297&#038;h=262&#038;ssl=1\" srcset=\"https:\/\/i0.wp.com\/eltrabajo.cl\/portal\/wp-content\/uploads\/2014\/04\/Carter1.jpg?w=529&amp;ssl=1 529w, https:\/\/i0.wp.com\/eltrabajo.cl\/portal\/wp-content\/uploads\/2014\/04\/Carter1.jpg?resize=169%2C150&amp;ssl=1 169w, https:\/\/i0.wp.com\/eltrabajo.cl\/portal\/wp-content\/uploads\/2014\/04\/Carter1.jpg?resize=300%2C265&amp;ssl=1 300w, https:\/\/i0.wp.com\/eltrabajo.cl\/portal\/wp-content\/uploads\/2014\/04\/Carter1.jpg?resize=150%2C132&amp;ssl=1 150w, https:\/\/i0.wp.com\/eltrabajo.cl\/portal\/wp-content\/uploads\/2014\/04\/Carter1.jpg?resize=400%2C353&amp;ssl=1 400w\" width=\"297\" height=\"262\" loading=\"lazy\" data-original-width=\"297\" data-original-height=\"262\" itemprop=\"http:\/\/schema.org\/image\" title=\"Carter1\" alt=\"Jos\u00e9 Manuel Carter, Presidente de la Junta de Vigilancia del R\u00edo Putaendo.\" style=\"width: 297px; height: 262px;\" \/> <\/a> <div class=\"tiled-gallery-caption\" itemprop=\"caption description\"> Jos\u00e9 Manuel Carter, Presidente de la Junta de Vigilancia del R\u00edo Putaendo. <\/div> <\/div> <\/div> <!-- close group --> <\/div> <!-- close row --> <\/div>\n","protected":false},"excerpt":{"rendered":"<p>PUTAENDO.&#8211; El Alcalde Guillermo Reyes se refiri\u00f3 p\u00fablicamente a la situaci\u00f3n que en estos d\u00edas ha salido a la opini\u00f3n p\u00fablica y que dice relaci\u00f3n con la no ejecuci\u00f3n del proyecto de&#8230;<\/p>\n","protected":false},"author":482,"featured_media":45100,"comment_status":"open","ping_status":"closed","sticky":false,"template":"","format":"standard","meta":{"advanced_seo_description":"","jetpack_seo_html_title":"","jetpack_seo_noindex":false,"_jetpack_memberships_contains_paid_content":false,"footnotes":""},"categories":[1],"tags":[],"class_list":["post-45099","post","type-post","status-publish","format-standard","has-post-thumbnail","hentry","category-cronica"],"jetpack_featured_media_url":"https:\/\/i0.wp.com\/eltrabajo.cl\/portal\/wp-content\/uploads\/2014\/04\/Reyes1.jpg?fit=528%2C450&ssl=1","jetpack_sharing_enabled":true,"jetpack_likes_enabled":true,"jetpack-related-posts":[],"_links":{"self":[{"href":"https:\/\/eltrabajo.cl\/portal\/wp-json\/wp\/v2\/posts\/45099","targetHints":{"allow":["GET"]}}],"collection":[{"href":"https:\/\/eltrabajo.cl\/portal\/wp-json\/wp\/v2\/posts"}],"about":[{"href":"https:\/\/eltrabajo.cl\/portal\/wp-json\/wp\/v2\/types\/post"}],"author":[{"embeddable":true,"href":"https:\/\/eltrabajo.cl\/portal\/wp-json\/wp\/v2\/users\/482"}],"replies":[{"embeddable":true,"href":"https:\/\/eltrabajo.cl\/portal\/wp-json\/wp\/v2\/comments?post=45099"}],"version-history":[{"count":0,"href":"https:\/\/eltrabajo.cl\/portal\/wp-json\/wp\/v2\/posts\/45099\/revisions"}],"wp:featuredmedia":[{"embeddable":true,"href":"https:\/\/eltrabajo.cl\/portal\/wp-json\/wp\/v2\/media\/45100"}],"wp:attachment":[{"href":"https:\/\/eltrabajo.cl\/portal\/wp-json\/wp\/v2\/media?parent=45099"}],"wp:term":[{"taxonomy":"category","embeddable":true,"href":"https:\/\/eltrabajo.cl\/portal\/wp-json\/wp\/v2\/categories?post=45099"},{"taxonomy":"post_tag","embeddable":true,"href":"https:\/\/eltrabajo.cl\/portal\/wp-json\/wp\/v2\/tags?post=45099"}],"curies":[{"name":"wp","href":"https:\/\/api.w.org\/{rel}","templated":true}]}}