{"id":45107,"date":"2014-04-07T09:42:30","date_gmt":"2014-04-07T12:42:30","guid":{"rendered":"http:\/\/www.eltrabajo.cl\/portal\/?p=45107"},"modified":"2014-04-07T09:42:30","modified_gmt":"2014-04-07T12:42:30","slug":"municipio-logra-solucion-provisoria-al-conflicto-del-agua-potable-en-los-patos","status":"publish","type":"post","link":"https:\/\/eltrabajo.cl\/portal\/municipio-logra-solucion-provisoria-al-conflicto-del-agua-potable-en-los-patos\/","title":{"rendered":"Municipio logra soluci\u00f3n provisoria al conflicto del agua potable en Los Patos"},"content":{"rendered":"<figure id=\"attachment_45108\" aria-describedby=\"caption-attachment-45108\" style=\"width: 529px\" class=\"wp-caption alignnone\"><a href=\"https:\/\/i0.wp.com\/www.eltrabajo.cl\/portal\/wp-content\/uploads\/2014\/04\/Reunion2.jpg\"><img data-recalc-dims=\"1\" loading=\"lazy\" decoding=\"async\" class=\"size-full wp-image-45108\" alt=\"Reyes indic\u00f3 que enviaron una carta a la Seremi de Salud para que autorice sanitariamente esta medida mientras duran los trabajos que la D.O.H.\" src=\"https:\/\/i0.wp.com\/www.eltrabajo.cl\/portal\/wp-content\/uploads\/2014\/04\/Reunion2.jpg?resize=529%2C298\" width=\"529\" height=\"298\" srcset=\"https:\/\/i0.wp.com\/eltrabajo.cl\/portal\/wp-content\/uploads\/2014\/04\/Reunion2.jpg?w=529&amp;ssl=1 529w, https:\/\/i0.wp.com\/eltrabajo.cl\/portal\/wp-content\/uploads\/2014\/04\/Reunion2.jpg?resize=200%2C112&amp;ssl=1 200w, https:\/\/i0.wp.com\/eltrabajo.cl\/portal\/wp-content\/uploads\/2014\/04\/Reunion2.jpg?resize=300%2C168&amp;ssl=1 300w, https:\/\/i0.wp.com\/eltrabajo.cl\/portal\/wp-content\/uploads\/2014\/04\/Reunion2.jpg?resize=150%2C84&amp;ssl=1 150w, https:\/\/i0.wp.com\/eltrabajo.cl\/portal\/wp-content\/uploads\/2014\/04\/Reunion2.jpg?resize=400%2C225&amp;ssl=1 400w\" sizes=\"auto, (max-width: 529px) 100vw, 529px\" \/><\/a><figcaption id=\"caption-attachment-45108\" class=\"wp-caption-text\">Reyes indic\u00f3 que enviaron una carta a la Seremi de Salud para que autorice sanitariamente esta medida mientras duran los trabajos que la D.O.H.<\/figcaption><\/figure>\n<p><strong>PUTAENDO.<\/strong>&#8211; Gracias a las gestiones realizadas por el Concejal Miguel Vega, hoy el Concejo Municipal en pleno encabezado por el Alcalde Guillermo Reyes logr\u00f3 dar una importante soluci\u00f3n de car\u00e1cter provisoria para solucionar en parte el problema de abastecimiento de agua potable que afecta a los vecinos de Los Patos. En horas de la tarde del mi\u00e9rcoles pasado en la sede de la Junta de Vecinos de Los Patos se reunieron el Alcalde Guillermo Reyes; el Concejo Municipal; el Administrador Municipal Fabi\u00e1n Mu\u00f1oz; el Director de Obras Jorge Reyes; representantes de Carabineros; la junta de vecinos del sector y vecinos del sector, entre los que estaban dirigentes de los canales Chalaco Alto y Chalaco Bajo.<\/p>\n<p>El Alcalde Reyes hizo una detallada exposici\u00f3n de todos los inconvenientes que han debido sortear por los malos trabajos que ha desarrollado la D.O.H. e inform\u00f3 que hoy est\u00e1n a la espera de la asignaci\u00f3n de recursos para realizar los trabajos de soluci\u00f3n definitiva en las v\u00e1lvulas de regulaci\u00f3n y en la segunda caseta, adem\u00e1s el edil indic\u00f3 que no existen plazos concretos sobre el inicio y t\u00e9rmino de estas obras, por lo que mientras tanto hay que buscar una soluci\u00f3n r\u00e1pida y concreta para los vecinos de Los Patos, ante lo cual el alcalde Reyes plante\u00f3 a la asamblea que existe la posibilidad de poner en funciones la copa de Los Patos para que esta env\u00ede agua sin procesar para que sea usada en los ba\u00f1os, lavar ropa y dar de beber a los animales, mientras que para el consumo humano, la Municipalidad y la Gobernaci\u00f3n enviar\u00e1n los camiones a repartir agua potabilizada.<\/p>\n<p>Reyes indic\u00f3 que enviaron una carta a la Seremi de Salud para que autorice sanitariamente esta medida mientras duran los trabajos que la D.O.H. desarrollar\u00e1 en Los Patos, recogiendo una idea que fue planteada por el Concejal Miguel Vega.<\/p>\n<p>Los vecinos manifestaron su profunda molestia por las constantes postergaciones que han sufrido en lo relacionado con el tema del agua para beber y que hoy no existe claridad de cuanto es el caudal de agua que se est\u00e1 captando en el Chalaco Alto para ser enviado a los APR de Los Patos y Casablanca, pues hay que recordar que el municipio cedi\u00f3 3 litros por segundo de las acciones que posee en el Chalaco Alto y que fueron repartidas en partes iguales para ambos APR. Fueron varios los vecinos de Los Patos que hicieron notar sus p\u00e9rdidas en producci\u00f3n de or\u00e9gano, nogales y otras siembras, ya que solo pueden regar cada 15 d\u00edas, graficando con ello la cr\u00edtica situaci\u00f3n que vive por la falta de agua.<\/p>\n<p>En concreto, despu\u00e9s de un largo debate las autoridades locales con la venia de los vecinos tomaron el acuerdo de realizar todas las gestiones para construir un aforador e instalar ah\u00ed un marcador que garantice que solo ser\u00e1 sacada la cantidad de 3 litros por segundo del canal Chalaco Alto, para lo cual la Junta de Vecinos y el Municipio en conjunto financiar\u00e1n ese proyecto.<\/p>\n<p>Tambi\u00e9n acordaron citar a reuni\u00f3n para el pr\u00f3ximo s\u00e1bado 12 de abril para constituir legalmente la directiva del APR de Los Patos que hoy tiene su personalidad jur\u00eddica vencida, adem\u00e1s de solicitar la presencia de t\u00e9cnicos que puedan detectar roturas en todo el trayecto de la matriz o eventuales arranques fraudulentos.<\/p>\n<p>Lo m\u00e1s importante es que los vecinos aceptaron la propuesta de la municipalidad en cuanto a recibir agua sin tratar para ser ocupada en ba\u00f1os, para lavar ropa y dar de beber a los animales, para lo cual el municipio estar\u00eda enviando dos camiones aljibe a lo menos dos veces a la semana para dejar agua casa a casa solo para el consumo humano.<\/p>\n<p>En este sentido los vecinos entregar\u00e1n un catastro de aquellas personas que no cuentan con estanques acumuladores de agua para que el municipio solicite a la gobernaci\u00f3n tales estanques para ser llevados hasta Los Patos. Para que esta medida pueda entrar en funcionamiento y solucionar moment\u00e1neamente la situaci\u00f3n de los vecinos de Los Patos, esperar\u00e1n la autorizaci\u00f3n de la Seremi de Salud que tiene la \u00faltima palabra para solucionar moment\u00e1neamente este conflicto.<\/p>\n<p>Patricio Gallardo M.<\/p>\n<p>&nbsp;<\/p>\n","protected":false},"excerpt":{"rendered":"<p>PUTAENDO.&#8211; Gracias a las gestiones realizadas por el Concejal Miguel Vega, hoy el Concejo Municipal en pleno encabezado por el Alcalde Guillermo Reyes logr\u00f3 dar una importante soluci\u00f3n de car\u00e1cter provisoria para&#8230;<\/p>\n","protected":false},"author":482,"featured_media":45108,"comment_status":"open","ping_status":"closed","sticky":false,"template":"","format":"standard","meta":{"advanced_seo_description":"","jetpack_seo_html_title":"","jetpack_seo_noindex":false,"_jetpack_memberships_contains_paid_content":false,"footnotes":""},"categories":[1],"tags":[],"class_list":["post-45107","post","type-post","status-publish","format-standard","has-post-thumbnail","hentry","category-cronica"],"jetpack_featured_media_url":"https:\/\/i0.wp.com\/eltrabajo.cl\/portal\/wp-content\/uploads\/2014\/04\/Reunion2.jpg?fit=529%2C298&ssl=1","jetpack_sharing_enabled":true,"jetpack_likes_enabled":true,"jetpack-related-posts":[],"_links":{"self":[{"href":"https:\/\/eltrabajo.cl\/portal\/wp-json\/wp\/v2\/posts\/45107","targetHints":{"allow":["GET"]}}],"collection":[{"href":"https:\/\/eltrabajo.cl\/portal\/wp-json\/wp\/v2\/posts"}],"about":[{"href":"https:\/\/eltrabajo.cl\/portal\/wp-json\/wp\/v2\/types\/post"}],"author":[{"embeddable":true,"href":"https:\/\/eltrabajo.cl\/portal\/wp-json\/wp\/v2\/users\/482"}],"replies":[{"embeddable":true,"href":"https:\/\/eltrabajo.cl\/portal\/wp-json\/wp\/v2\/comments?post=45107"}],"version-history":[{"count":0,"href":"https:\/\/eltrabajo.cl\/portal\/wp-json\/wp\/v2\/posts\/45107\/revisions"}],"wp:featuredmedia":[{"embeddable":true,"href":"https:\/\/eltrabajo.cl\/portal\/wp-json\/wp\/v2\/media\/45108"}],"wp:attachment":[{"href":"https:\/\/eltrabajo.cl\/portal\/wp-json\/wp\/v2\/media?parent=45107"}],"wp:term":[{"taxonomy":"category","embeddable":true,"href":"https:\/\/eltrabajo.cl\/portal\/wp-json\/wp\/v2\/categories?post=45107"},{"taxonomy":"post_tag","embeddable":true,"href":"https:\/\/eltrabajo.cl\/portal\/wp-json\/wp\/v2\/tags?post=45107"}],"curies":[{"name":"wp","href":"https:\/\/api.w.org\/{rel}","templated":true}]}}