{"id":45111,"date":"2014-04-07T09:46:57","date_gmt":"2014-04-07T12:46:57","guid":{"rendered":"http:\/\/www.eltrabajo.cl\/portal\/?p=45111"},"modified":"2014-04-07T09:46:57","modified_gmt":"2014-04-07T12:46:57","slug":"instalan-la-primera-bicicleta-blanca-en-san-felipe-tras-muerte-de-maria-ibacache","status":"publish","type":"post","link":"https:\/\/eltrabajo.cl\/portal\/instalan-la-primera-bicicleta-blanca-en-san-felipe-tras-muerte-de-maria-ibacache\/","title":{"rendered":"Instalan la primera \u2018Bicicleta Blanca\u2019 en San Felipe tras muerte de Mar\u00eda Ibacache"},"content":{"rendered":"<figure id=\"attachment_45112\" aria-describedby=\"caption-attachment-45112\" style=\"width: 529px\" class=\"wp-caption alignnone\"><a href=\"https:\/\/i0.wp.com\/www.eltrabajo.cl\/portal\/wp-content\/uploads\/2014\/04\/Bici6.jpg\"><img data-recalc-dims=\"1\" loading=\"lazy\" decoding=\"async\" class=\"size-full wp-image-45112\" alt=\"Familiares de Mar\u00eda Ibacache Gonz\u00e1lez agradecieron el gesto del centenar de vecinos que colocaron este memorial y se comprometieron en mantener la costumbre de salir en bicicleta cada primer s\u00e1bado del mes en memoria de los ciclistas muertos en las calles.\" src=\"https:\/\/i0.wp.com\/www.eltrabajo.cl\/portal\/wp-content\/uploads\/2014\/04\/Bici6.jpg?resize=529%2C358\" width=\"529\" height=\"358\" srcset=\"https:\/\/i0.wp.com\/eltrabajo.cl\/portal\/wp-content\/uploads\/2014\/04\/Bici6.jpg?w=529&amp;ssl=1 529w, https:\/\/i0.wp.com\/eltrabajo.cl\/portal\/wp-content\/uploads\/2014\/04\/Bici6.jpg?resize=200%2C135&amp;ssl=1 200w, https:\/\/i0.wp.com\/eltrabajo.cl\/portal\/wp-content\/uploads\/2014\/04\/Bici6.jpg?resize=300%2C203&amp;ssl=1 300w, https:\/\/i0.wp.com\/eltrabajo.cl\/portal\/wp-content\/uploads\/2014\/04\/Bici6.jpg?resize=150%2C101&amp;ssl=1 150w, https:\/\/i0.wp.com\/eltrabajo.cl\/portal\/wp-content\/uploads\/2014\/04\/Bici6.jpg?resize=400%2C270&amp;ssl=1 400w\" sizes=\"auto, (max-width: 529px) 100vw, 529px\" \/><\/a><figcaption id=\"caption-attachment-45112\" class=\"wp-caption-text\">Familiares de Mar\u00eda Ibacache Gonz\u00e1lez agradecieron el gesto del centenar de vecinos que colocaron este memorial y se comprometieron en mantener la costumbre de salir en bicicleta cada primer s\u00e1bado del mes en memoria de los ciclistas muertos en las calles.<\/figcaption><\/figure>\n<ul>\n<li><strong>La iniciativa surgi\u00f3 r\u00e1pidamente como una reacci\u00f3n por la muerte de Mar\u00eda Ibacache Gonz\u00e1lez, mujer de 62 a\u00f1os que falleci\u00f3 tras ser atropellada la semana pasada en la rotonda que existe frente a la cancha de tenis.<\/strong><\/li>\n<\/ul>\n<p>As\u00ed, y en un s\u00f3lo d\u00eda de promoci\u00f3n, la primera \u2018Bicicleta Blanca\u2019, como se le llam\u00f3 a la actividad, se desarroll\u00f3 justo en la esquina donde ocurri\u00f3 un fatal accidente. La convocatoria naci\u00f3 de la necesidad de los ciclistas por demandar espacios y v\u00edas seguras para transitar por las calles de la ciudad. Los organizadores de la actividad rindieron unas palabras a la familia de Mar\u00eda Ibacache y a los ciclistas presentes.<\/p>\n<p><strong>\u00a0CICLISTAS\u00a0FURIOSOS<\/strong><\/p>\n<p>\u201cEsta no es una cicletada, este es un acto en el que venimos a dejar nuestra primera Bicicleta blanca de Aconcagua. Este es un movimiento que hemos coordinado con \u2018Ciclistas Furiosos\u2019, y hoy aparece en el calendario oficial del movimiento. Hoy en San Felipe se est\u00e1 colocando esta Bicicleta blanca, pero en todo el pa\u00eds hay doce bicicletas m\u00e1s que se instalan hoy 5 de abril, y eso habla de la necesidad de espacios para los ciclistas. No es posible que siga muriendo gente que prefiere este medio de transporte limpio, amable, saludable y tan vers\u00e1til como lo es la bicicleta. Lleg\u00f3 el momento que la autoridad tome conciencia de la necesidad que tiene nuestra ciudad de ciclov\u00edas, y para mostrarles esa necesidad es que a partir de hoy y cada primer s\u00e1bado del mes nos juntaremos ac\u00e1 mismo en este memorial de la se\u00f1ora Mar\u00eda, para tomarnos por un rato las calles con nuestras bicicletas y de esa manera, de forma pac\u00edfica, en silencio y sin contaminar decirle a las autoridades que los ciclistas estamos, exigimos y demandamos un espacio para trasladarnos de manera segura y sin los peligros que hoy existen\u201d, dijo Luis V\u00e1squez, representante de \u2018Ciclistas furiosos\u2019.<\/p>\n<p>Por su parte Mauricio Ibacache, hermano de la mujer fallecida, se\u00f1al\u00f3 que \u201cla familia se encuentra muy agradecida del movimiento \u2018Ciclistas Furiosos\u2019, que se ha constituido hoy recordando a mi hermana. Ella era muy amante de su casa, de la vida simple, de la bicicleta. Ella fue ciclista toda su vida porque ella era ecol\u00f3gica, y siempre quiso llevar una vida sana, y la bicicleta ayuda en ella\u201d.<\/p>\n<p>Con emocionado tono, Mauricio Ibacache agreg\u00f3 que \u201ca nombre m\u00edo y de mi familia, quiero agradecer la presencia de toda esta gente que nos vino a acompa\u00f1ar y a apoyar. Este es el precedente para que nuestra ciudad tan hermosa vuelva a ser como yo la conoc\u00ed antes de irme a Santiago, donde se viva en armon\u00eda con espacio para los ciclistas, que son los que justamente no atacan al medio ambiente, y por lo mismo la ciudad pueda ser m\u00e1s respirable. Aqu\u00ed estaremos como familia cada primer s\u00e1bado del mes participando de este reclamos social para que tengamos conciencia de que no hace falta que los autos sigan aumentando, en desmedro de los ciclistas\u201d.<\/p>\n<p>Los organizadores lamentaron que por instrucciones superiores, Carabineros les hubiese impedido colocar la bicicleta donde originalmente lo planearon, que era adosada al m\u00e1stil del \u2018Ceda el Paso\u2019 que se ubica en una isla central de la rotonda. \u201cNos argumentan una infracci\u00f3n al tr\u00e1nsito si la dejamos ac\u00e1 y nos citan como ejemplo las infracciones a la misma norma a los candidatos que usan estos puntos para propaganda pol\u00edtica, cosa que no encontramos razonable, pues existe el derecho de la costumbre y estas bicicletas blancas est\u00e1n puestas en muchas ciudades y en el mundo, y hasta ahora no tenemos registro de que hayan impedido colocar alguna bicicleta en puntos como estos donde pueda ser vista por miles de automovilistas y autoridades. Es primera vez que nos hacen sacar una bicicleta de un punto de ubicaci\u00f3n, cosa que hemos comunicado a las organizaciones nacionales para ver una forma de hacer ver la molestia a Carabineros, toda vez que esta bicicleta no molesta la visual, no es peligrosa para los peatones ni automovilistas, de hecho esta isla ni siquiera se usa para tr\u00e1nsito de ning\u00fan tipo\u201d, comentaron a Diario El Trabajo.<\/p>\n<p>La organizaci\u00f3n planea colocar en los pr\u00f3ximos d\u00edas una bicicleta en Calle Per\u00fa con Santa Teresa en Los Andes, donde muri\u00f3 un trabajador agr\u00edcola atropellado por un automovilista ebrio en septiembre pasado, y otro memorial similar en memoria de Nicol\u00e1s Esp\u00edndola Cuellar, un menor atropellado en su bicicleta en el sector El Llano de Santa Mar\u00eda en abril del a\u00f1o 2012, mientras regresaba del colegio. \u201cQueremos decirle a la gente que lleg\u00f3 la hora de cambiar esto. No queremos m\u00e1s ciclistas muertos\u201d.<\/p>\n<div class=\"tiled-gallery type-rectangular tiled-gallery-unresized\" data-original-width=\"640\" data-carousel-extra='null' itemscope itemtype=\"http:\/\/schema.org\/ImageGallery\" > <div class=\"gallery-row\" style=\"width: 640px; height: 178px;\" data-original-width=\"640\" data-original-height=\"178\" > <div class=\"gallery-group images-1\" style=\"width: 345px; height: 178px;\" data-original-width=\"345\" data-original-height=\"178\" > <div class=\"tiled-gallery-item tiled-gallery-item-large\" itemprop=\"associatedMedia\" itemscope itemtype=\"http:\/\/schema.org\/ImageObject\"> <a href=\"https:\/\/eltrabajo.cl\/portal\/instalan-la-primera-bicicleta-blanca-en-san-felipe-tras-muerte-de-maria-ibacache\/bici1-2\/\" border=\"0\" itemprop=\"url\"> <meta itemprop=\"width\" content=\"341\"> <meta itemprop=\"height\" content=\"174\"> <img decoding=\"async\" class=\"\" data-attachment-id=\"45113\" data-orig-file=\"https:\/\/eltrabajo.cl\/portal\/wp-content\/uploads\/2014\/04\/Bici1.jpg\" data-orig-size=\"529,270\" data-comments-opened=\"1\" data-image-meta=\"{&quot;aperture&quot;:&quot;0&quot;,&quot;credit&quot;:&quot;Pedro Munoz H&quot;,&quot;camera&quot;:&quot;&quot;,&quot;caption&quot;:&quot;&quot;,&quot;created_timestamp&quot;:&quot;0&quot;,&quot;copyright&quot;:&quot;&quot;,&quot;focal_length&quot;:&quot;0&quot;,&quot;iso&quot;:&quot;0&quot;,&quot;shutter_speed&quot;:&quot;0&quot;,&quot;title&quot;:&quot;&quot;}\" data-image-title=\"Bici1\" data-image-description=\"&lt;p&gt;La convocatoria naci\u00f3 de la necesidad de los ciclistas por demandar espacios y v\u00edas seguras para transitar por las calles de la ciudad. La actividad se desarroll\u00f3 justo en la esquina donde ocurri\u00f3 un fatal accidente.&lt;\/p&gt; \" data-medium-file=\"https:\/\/i0.wp.com\/eltrabajo.cl\/portal\/wp-content\/uploads\/2014\/04\/Bici1.jpg?fit=300%2C153&#038;ssl=1\" data-large-file=\"https:\/\/i0.wp.com\/eltrabajo.cl\/portal\/wp-content\/uploads\/2014\/04\/Bici1.jpg?fit=529%2C270&#038;ssl=1\" src=\"https:\/\/i0.wp.com\/eltrabajo.cl\/portal\/wp-content\/uploads\/2014\/04\/Bici1.jpg?w=341&#038;h=174&#038;ssl=1\" srcset=\"https:\/\/i0.wp.com\/eltrabajo.cl\/portal\/wp-content\/uploads\/2014\/04\/Bici1.jpg?w=529&amp;ssl=1 529w, https:\/\/i0.wp.com\/eltrabajo.cl\/portal\/wp-content\/uploads\/2014\/04\/Bici1.jpg?resize=200%2C102&amp;ssl=1 200w, https:\/\/i0.wp.com\/eltrabajo.cl\/portal\/wp-content\/uploads\/2014\/04\/Bici1.jpg?resize=300%2C153&amp;ssl=1 300w, https:\/\/i0.wp.com\/eltrabajo.cl\/portal\/wp-content\/uploads\/2014\/04\/Bici1.jpg?resize=150%2C76&amp;ssl=1 150w, https:\/\/i0.wp.com\/eltrabajo.cl\/portal\/wp-content\/uploads\/2014\/04\/Bici1.jpg?resize=400%2C204&amp;ssl=1 400w\" width=\"341\" height=\"174\" loading=\"lazy\" data-original-width=\"341\" data-original-height=\"174\" itemprop=\"http:\/\/schema.org\/image\" title=\"Bici1\" alt=\"La convocatoria naci\u00f3 de la necesidad de los ciclistas por demandar espacios y v\u00edas seguras para transitar por las calles de la ciudad. La actividad se desarroll\u00f3 justo en la esquina donde ocurri\u00f3 un fatal accidente.\" style=\"width: 341px; height: 174px;\" \/> <\/a> <div class=\"tiled-gallery-caption\" itemprop=\"caption description\"> La convocatoria naci\u00f3 de la necesidad de los ciclistas por demandar espacios y v\u00edas seguras para transitar por las calles de la ciudad. La actividad se desarroll\u00f3 justo en la esquina donde ocurri\u00f3 un fatal accidente. <\/div> <\/div> <\/div> <!-- close group --> <div class=\"gallery-group images-1\" style=\"width: 295px; height: 178px;\" data-original-width=\"295\" data-original-height=\"178\" > <div class=\"tiled-gallery-item tiled-gallery-item-large\" itemprop=\"associatedMedia\" itemscope itemtype=\"http:\/\/schema.org\/ImageObject\"> <a href=\"https:\/\/eltrabajo.cl\/portal\/instalan-la-primera-bicicleta-blanca-en-san-felipe-tras-muerte-de-maria-ibacache\/bici2\/\" border=\"0\" itemprop=\"url\"> <meta itemprop=\"width\" content=\"291\"> <meta itemprop=\"height\" content=\"174\"> <img decoding=\"async\" class=\"\" data-attachment-id=\"45114\" data-orig-file=\"https:\/\/eltrabajo.cl\/portal\/wp-content\/uploads\/2014\/04\/Bici2.jpg\" data-orig-size=\"528,315\" data-comments-opened=\"1\" data-image-meta=\"{&quot;aperture&quot;:&quot;0&quot;,&quot;credit&quot;:&quot;Pedro Munoz H&quot;,&quot;camera&quot;:&quot;&quot;,&quot;caption&quot;:&quot;&quot;,&quot;created_timestamp&quot;:&quot;0&quot;,&quot;copyright&quot;:&quot;&quot;,&quot;focal_length&quot;:&quot;0&quot;,&quot;iso&quot;:&quot;0&quot;,&quot;shutter_speed&quot;:&quot;0&quot;,&quot;title&quot;:&quot;&quot;}\" data-image-title=\"Bici2\" data-image-description=\"&lt;p&gt;La organizaci\u00f3n planea colocar en los pr\u00f3ximos d\u00edas una bicicleta en Calle Per\u00fa con Santa Teresa en Los Andes.&lt;\/p&gt; \" data-medium-file=\"https:\/\/i0.wp.com\/eltrabajo.cl\/portal\/wp-content\/uploads\/2014\/04\/Bici2.jpg?fit=300%2C178&#038;ssl=1\" data-large-file=\"https:\/\/i0.wp.com\/eltrabajo.cl\/portal\/wp-content\/uploads\/2014\/04\/Bici2.jpg?fit=528%2C315&#038;ssl=1\" src=\"https:\/\/i0.wp.com\/eltrabajo.cl\/portal\/wp-content\/uploads\/2014\/04\/Bici2.jpg?w=291&#038;h=174&#038;ssl=1\" srcset=\"https:\/\/i0.wp.com\/eltrabajo.cl\/portal\/wp-content\/uploads\/2014\/04\/Bici2.jpg?w=528&amp;ssl=1 528w, https:\/\/i0.wp.com\/eltrabajo.cl\/portal\/wp-content\/uploads\/2014\/04\/Bici2.jpg?resize=200%2C119&amp;ssl=1 200w, https:\/\/i0.wp.com\/eltrabajo.cl\/portal\/wp-content\/uploads\/2014\/04\/Bici2.jpg?resize=300%2C178&amp;ssl=1 300w, https:\/\/i0.wp.com\/eltrabajo.cl\/portal\/wp-content\/uploads\/2014\/04\/Bici2.jpg?resize=150%2C89&amp;ssl=1 150w, https:\/\/i0.wp.com\/eltrabajo.cl\/portal\/wp-content\/uploads\/2014\/04\/Bici2.jpg?resize=400%2C238&amp;ssl=1 400w\" width=\"291\" height=\"174\" loading=\"lazy\" data-original-width=\"291\" data-original-height=\"174\" itemprop=\"http:\/\/schema.org\/image\" title=\"Bici2\" alt=\"La organizaci\u00f3n planea colocar en los pr\u00f3ximos d\u00edas una bicicleta en Calle Per\u00fa con Santa Teresa en Los Andes.\" style=\"width: 291px; height: 174px;\" \/> <\/a> <div class=\"tiled-gallery-caption\" itemprop=\"caption description\"> La organizaci\u00f3n planea colocar en los pr\u00f3ximos d\u00edas una bicicleta en Calle Per\u00fa con Santa Teresa en Los Andes. <\/div> <\/div> <\/div> <!-- close group --> <\/div> <!-- close row --> <\/div>\n","protected":false},"excerpt":{"rendered":"<p>La iniciativa surgi\u00f3 r\u00e1pidamente como una reacci\u00f3n por la muerte de Mar\u00eda Ibacache Gonz\u00e1lez, mujer de 62 a\u00f1os que falleci\u00f3 tras ser atropellada la semana pasada en la rotonda que existe frente&#8230;<\/p>\n","protected":false},"author":482,"featured_media":45112,"comment_status":"open","ping_status":"closed","sticky":false,"template":"","format":"standard","meta":{"advanced_seo_description":"","jetpack_seo_html_title":"","jetpack_seo_noindex":false,"_jetpack_memberships_contains_paid_content":false,"footnotes":""},"categories":[15],"tags":[],"class_list":["post-45111","post","type-post","status-publish","format-standard","has-post-thumbnail","hentry","category-comunidad"],"jetpack_featured_media_url":"https:\/\/i0.wp.com\/eltrabajo.cl\/portal\/wp-content\/uploads\/2014\/04\/Bici6.jpg?fit=529%2C358&ssl=1","jetpack_sharing_enabled":true,"jetpack_likes_enabled":true,"jetpack-related-posts":[],"_links":{"self":[{"href":"https:\/\/eltrabajo.cl\/portal\/wp-json\/wp\/v2\/posts\/45111","targetHints":{"allow":["GET"]}}],"collection":[{"href":"https:\/\/eltrabajo.cl\/portal\/wp-json\/wp\/v2\/posts"}],"about":[{"href":"https:\/\/eltrabajo.cl\/portal\/wp-json\/wp\/v2\/types\/post"}],"author":[{"embeddable":true,"href":"https:\/\/eltrabajo.cl\/portal\/wp-json\/wp\/v2\/users\/482"}],"replies":[{"embeddable":true,"href":"https:\/\/eltrabajo.cl\/portal\/wp-json\/wp\/v2\/comments?post=45111"}],"version-history":[{"count":0,"href":"https:\/\/eltrabajo.cl\/portal\/wp-json\/wp\/v2\/posts\/45111\/revisions"}],"wp:featuredmedia":[{"embeddable":true,"href":"https:\/\/eltrabajo.cl\/portal\/wp-json\/wp\/v2\/media\/45112"}],"wp:attachment":[{"href":"https:\/\/eltrabajo.cl\/portal\/wp-json\/wp\/v2\/media?parent=45111"}],"wp:term":[{"taxonomy":"category","embeddable":true,"href":"https:\/\/eltrabajo.cl\/portal\/wp-json\/wp\/v2\/categories?post=45111"},{"taxonomy":"post_tag","embeddable":true,"href":"https:\/\/eltrabajo.cl\/portal\/wp-json\/wp\/v2\/tags?post=45111"}],"curies":[{"name":"wp","href":"https:\/\/api.w.org\/{rel}","templated":true}]}}