{"id":45117,"date":"2014-04-07T09:51:15","date_gmt":"2014-04-07T12:51:15","guid":{"rendered":"http:\/\/www.eltrabajo.cl\/portal\/?p=45117"},"modified":"2014-04-07T09:51:15","modified_gmt":"2014-04-07T12:51:15","slug":"sanfelipenos-celebran-el-dia-internacional-de-la-actividad-deportiva","status":"publish","type":"post","link":"https:\/\/eltrabajo.cl\/portal\/sanfelipenos-celebran-el-dia-internacional-de-la-actividad-deportiva\/","title":{"rendered":"Sanfelipe\u00f1os celebran el D\u00eda Internacional de la Actividad Deportiva"},"content":{"rendered":"<figure id=\"attachment_45118\" aria-describedby=\"caption-attachment-45118\" style=\"width: 529px\" class=\"wp-caption alignnone\"><a href=\"https:\/\/i0.wp.com\/www.eltrabajo.cl\/portal\/wp-content\/uploads\/2014\/04\/Deporte1.jpg\"><img data-recalc-dims=\"1\" loading=\"lazy\" decoding=\"async\" class=\"size-full wp-image-45118\" alt=\"Aunque el d\u00eda comenz\u00f3 bastante fr\u00edo, eso no fue impedimento para que el deporte se tomara la ciudad de San Felipe.\" src=\"https:\/\/i0.wp.com\/www.eltrabajo.cl\/portal\/wp-content\/uploads\/2014\/04\/Deporte1.jpg?resize=529%2C341\" width=\"529\" height=\"341\" srcset=\"https:\/\/i0.wp.com\/eltrabajo.cl\/portal\/wp-content\/uploads\/2014\/04\/Deporte1.jpg?w=529&amp;ssl=1 529w, https:\/\/i0.wp.com\/eltrabajo.cl\/portal\/wp-content\/uploads\/2014\/04\/Deporte1.jpg?resize=200%2C128&amp;ssl=1 200w, https:\/\/i0.wp.com\/eltrabajo.cl\/portal\/wp-content\/uploads\/2014\/04\/Deporte1.jpg?resize=300%2C193&amp;ssl=1 300w, https:\/\/i0.wp.com\/eltrabajo.cl\/portal\/wp-content\/uploads\/2014\/04\/Deporte1.jpg?resize=150%2C96&amp;ssl=1 150w, https:\/\/i0.wp.com\/eltrabajo.cl\/portal\/wp-content\/uploads\/2014\/04\/Deporte1.jpg?resize=400%2C257&amp;ssl=1 400w\" sizes=\"auto, (max-width: 529px) 100vw, 529px\" \/><\/a><figcaption id=\"caption-attachment-45118\" class=\"wp-caption-text\">Aunque el d\u00eda comenz\u00f3 bastante fr\u00edo, eso no fue impedimento para que el deporte se tomara la ciudad de San Felipe.<\/figcaption><\/figure>\n<p>Con la presencia de un centenar de vecinos, de todas las edades, entre los que destacaron muchos ni\u00f1os, este domingo 6 de abril, la Municipalidad de San Felipe celebr\u00f3 el D\u00eda internacional de la Actividad F\u00edsica en el bandej\u00f3n central de Avenida Yungay. La actividad comenz\u00f3 a las 10:00 horas y congreg\u00f3 a una importante cantidad de vecinos, quienes practicaron y disfrutaron por alrededor de tres horas de distintas disciplinas deportivas, entre las que destacaron la zumba, spinning, karate, b\u00e1squetbol y escalada, entre varias otras.<\/p>\n<p>Aunque el d\u00eda comenz\u00f3 bastante fr\u00edo, eso no fue impedimento para que el deporte se tomara ese sector de San Felipe, que durante la administraci\u00f3n del Alcalde Patricio Freire se ha caracterizado por la pr\u00e1ctica deportiva.<\/p>\n<p>\u00abSan Felipe avanza en el deporte, todas las disciplinas deportivas se hacen presentes para cultivar la vida sana y eso es lo que nosotros como municipio estamos fomentando, queremos potenciar las distintas disciplinas deportivas para que los sanfelipe\u00f1os practiquen y tambi\u00e9n tengan una vida sana\u00bb, dijo el Alcalde Freire.<\/p>\n<p>El jefe comunal se mostr\u00f3 contento con la cantidad de personas que llegaron a practicar deporte, especialmente por las familias que llegaron hasta Avenida Yungay y agradeci\u00f3 el trabajo del Departamento de Deporte del municipio, quienes han potenciado la pr\u00e1ctica deportiva para todos los vecinos.<\/p>\n<p>\u00abA pesar del tiempo, del fr\u00edo y la llovizna, la gente igual concurri\u00f3 a este llamado y estamos muy contentos, porque los resultados han sido \u00f3ptimos, hemos tenido actividades de spinning, b\u00e1squetbol, zumbat\u00f3n, el muro de escalada, ajedrez, la verdad es que ha sido una ma\u00f1ana muy linda con harta actividad y estuvimos acompa\u00f1ados por el Alcalde Patricio Freire y tambi\u00e9n el Concejal Dante Rodr\u00edguez\u00bb, dijo Danilo Pe\u00f1a, Director del Departamento de Deportes del municipio.<\/p>\n<p>Pe\u00f1a record\u00f3 que este a\u00f1o el Departamento de Deportes aument\u00f3 la cantidad de talleres deportivos, con el objetivo de que se inscriban los ni\u00f1os y tambi\u00e9n adultos de la comuna y as\u00ed durante el a\u00f1o puedan practicar deporte y contar con una vida sana.<\/p>\n<div class=\"tiled-gallery type-rectangular tiled-gallery-unresized\" data-original-width=\"640\" data-carousel-extra='null' itemscope itemtype=\"http:\/\/schema.org\/ImageGallery\" > <div class=\"gallery-row\" style=\"width: 640px; height: 284px;\" data-original-width=\"640\" data-original-height=\"284\" > <div class=\"gallery-group images-1\" style=\"width: 415px; height: 284px;\" data-original-width=\"415\" data-original-height=\"284\" > <div class=\"tiled-gallery-item tiled-gallery-item-large\" itemprop=\"associatedMedia\" itemscope itemtype=\"http:\/\/schema.org\/ImageObject\"> <a href=\"https:\/\/eltrabajo.cl\/portal\/sanfelipenos-celebran-el-dia-internacional-de-la-actividad-deportiva\/deportes2\/\" border=\"0\" itemprop=\"url\"> <meta itemprop=\"width\" content=\"411\"> <meta itemprop=\"height\" content=\"280\"> <img decoding=\"async\" class=\"\" data-attachment-id=\"45122\" data-orig-file=\"https:\/\/eltrabajo.cl\/portal\/wp-content\/uploads\/2014\/04\/Deportes2.jpg\" data-orig-size=\"528,360\" data-comments-opened=\"1\" data-image-meta=\"{&quot;aperture&quot;:&quot;7.1&quot;,&quot;credit&quot;:&quot;&quot;,&quot;camera&quot;:&quot;NIKON D3000&quot;,&quot;caption&quot;:&quot;&quot;,&quot;created_timestamp&quot;:&quot;1396782758&quot;,&quot;copyright&quot;:&quot;&quot;,&quot;focal_length&quot;:&quot;22&quot;,&quot;iso&quot;:&quot;1600&quot;,&quot;shutter_speed&quot;:&quot;0.005&quot;,&quot;title&quot;:&quot;&quot;}\" data-image-title=\"Deportes2\" data-image-description=\"&lt;p&gt;Este domingo 6 de abril, la Municipalidad de San Felipe celebr\u00f3 el D\u00eda internacional de la Actividad F\u00edsica.&lt;\/p&gt; \" data-medium-file=\"https:\/\/i0.wp.com\/eltrabajo.cl\/portal\/wp-content\/uploads\/2014\/04\/Deportes2.jpg?fit=300%2C204&#038;ssl=1\" data-large-file=\"https:\/\/i0.wp.com\/eltrabajo.cl\/portal\/wp-content\/uploads\/2014\/04\/Deportes2.jpg?fit=528%2C360&#038;ssl=1\" src=\"https:\/\/i0.wp.com\/eltrabajo.cl\/portal\/wp-content\/uploads\/2014\/04\/Deportes2.jpg?w=411&#038;h=280&#038;ssl=1\" srcset=\"https:\/\/i0.wp.com\/eltrabajo.cl\/portal\/wp-content\/uploads\/2014\/04\/Deportes2.jpg?w=528&amp;ssl=1 528w, https:\/\/i0.wp.com\/eltrabajo.cl\/portal\/wp-content\/uploads\/2014\/04\/Deportes2.jpg?resize=200%2C136&amp;ssl=1 200w, https:\/\/i0.wp.com\/eltrabajo.cl\/portal\/wp-content\/uploads\/2014\/04\/Deportes2.jpg?resize=300%2C204&amp;ssl=1 300w, https:\/\/i0.wp.com\/eltrabajo.cl\/portal\/wp-content\/uploads\/2014\/04\/Deportes2.jpg?resize=150%2C102&amp;ssl=1 150w, https:\/\/i0.wp.com\/eltrabajo.cl\/portal\/wp-content\/uploads\/2014\/04\/Deportes2.jpg?resize=400%2C272&amp;ssl=1 400w\" width=\"411\" height=\"280\" loading=\"lazy\" data-original-width=\"411\" data-original-height=\"280\" itemprop=\"http:\/\/schema.org\/image\" title=\"Deportes2\" alt=\"Este domingo 6 de abril, la Municipalidad de San Felipe celebr\u00f3 el D\u00eda internacional de la Actividad F\u00edsica.\" style=\"width: 411px; height: 280px;\" \/> <\/a> <div class=\"tiled-gallery-caption\" itemprop=\"caption description\"> Este domingo 6 de abril, la Municipalidad de San Felipe celebr\u00f3 el D\u00eda internacional de la Actividad F\u00edsica. <\/div> <\/div> <\/div> <!-- close group --> <div class=\"gallery-group images-2\" style=\"width: 225px; height: 284px;\" data-original-width=\"225\" data-original-height=\"284\" > <div class=\"tiled-gallery-item tiled-gallery-item-small\" itemprop=\"associatedMedia\" itemscope itemtype=\"http:\/\/schema.org\/ImageObject\"> <a href=\"https:\/\/eltrabajo.cl\/portal\/sanfelipenos-celebran-el-dia-internacional-de-la-actividad-deportiva\/deporte5\/\" border=\"0\" itemprop=\"url\"> <meta itemprop=\"width\" content=\"221\"> <meta itemprop=\"height\" content=\"150\"> <img decoding=\"async\" class=\"\" data-attachment-id=\"45121\" data-orig-file=\"https:\/\/eltrabajo.cl\/portal\/wp-content\/uploads\/2014\/04\/Deporte5.jpg\" data-orig-size=\"528,360\" data-comments-opened=\"1\" data-image-meta=\"{&quot;aperture&quot;:&quot;9&quot;,&quot;credit&quot;:&quot;&quot;,&quot;camera&quot;:&quot;NIKON D3000&quot;,&quot;caption&quot;:&quot;&quot;,&quot;created_timestamp&quot;:&quot;1396786304&quot;,&quot;copyright&quot;:&quot;&quot;,&quot;focal_length&quot;:&quot;18&quot;,&quot;iso&quot;:&quot;1600&quot;,&quot;shutter_speed&quot;:&quot;0.003125&quot;,&quot;title&quot;:&quot;&quot;}\" data-image-title=\"Deporte5\" data-image-description=\"&lt;p&gt;A pesar del tiempo, del fr\u00edo y la llovizna, la gente igual concurri\u00f3 a este llamado a celebrar el D\u00eda Mundial del Deporte.&lt;\/p&gt; \" data-medium-file=\"https:\/\/i0.wp.com\/eltrabajo.cl\/portal\/wp-content\/uploads\/2014\/04\/Deporte5.jpg?fit=300%2C204&#038;ssl=1\" data-large-file=\"https:\/\/i0.wp.com\/eltrabajo.cl\/portal\/wp-content\/uploads\/2014\/04\/Deporte5.jpg?fit=528%2C360&#038;ssl=1\" src=\"https:\/\/i0.wp.com\/eltrabajo.cl\/portal\/wp-content\/uploads\/2014\/04\/Deporte5.jpg?w=221&#038;h=150&#038;ssl=1\" srcset=\"https:\/\/i0.wp.com\/eltrabajo.cl\/portal\/wp-content\/uploads\/2014\/04\/Deporte5.jpg?w=528&amp;ssl=1 528w, https:\/\/i0.wp.com\/eltrabajo.cl\/portal\/wp-content\/uploads\/2014\/04\/Deporte5.jpg?resize=200%2C136&amp;ssl=1 200w, https:\/\/i0.wp.com\/eltrabajo.cl\/portal\/wp-content\/uploads\/2014\/04\/Deporte5.jpg?resize=300%2C204&amp;ssl=1 300w, https:\/\/i0.wp.com\/eltrabajo.cl\/portal\/wp-content\/uploads\/2014\/04\/Deporte5.jpg?resize=150%2C102&amp;ssl=1 150w, https:\/\/i0.wp.com\/eltrabajo.cl\/portal\/wp-content\/uploads\/2014\/04\/Deporte5.jpg?resize=400%2C272&amp;ssl=1 400w\" width=\"221\" height=\"150\" loading=\"lazy\" data-original-width=\"221\" data-original-height=\"150\" itemprop=\"http:\/\/schema.org\/image\" title=\"Deporte5\" alt=\"A pesar del tiempo, del fr\u00edo y la llovizna, la gente igual concurri\u00f3 a este llamado a celebrar el D\u00eda Mundial del Deporte.\" style=\"width: 221px; height: 150px;\" \/> <\/a> <div class=\"tiled-gallery-caption\" itemprop=\"caption description\"> A pesar del tiempo, del fr\u00edo y la llovizna, la gente igual concurri\u00f3 a este llamado a celebrar el D\u00eda Mundial del Deporte. <\/div> <\/div> <div class=\"tiled-gallery-item tiled-gallery-item-small\" itemprop=\"associatedMedia\" itemscope itemtype=\"http:\/\/schema.org\/ImageObject\"> <a href=\"https:\/\/eltrabajo.cl\/portal\/sanfelipenos-celebran-el-dia-internacional-de-la-actividad-deportiva\/deporte4\/\" border=\"0\" itemprop=\"url\"> <meta itemprop=\"width\" content=\"221\"> <meta itemprop=\"height\" content=\"126\"> <img decoding=\"async\" class=\"\" data-attachment-id=\"45120\" data-orig-file=\"https:\/\/eltrabajo.cl\/portal\/wp-content\/uploads\/2014\/04\/Deporte4.jpg\" data-orig-size=\"529,301\" data-comments-opened=\"1\" data-image-meta=\"{&quot;aperture&quot;:&quot;10&quot;,&quot;credit&quot;:&quot;&quot;,&quot;camera&quot;:&quot;NIKON D3000&quot;,&quot;caption&quot;:&quot;&quot;,&quot;created_timestamp&quot;:&quot;1396782837&quot;,&quot;copyright&quot;:&quot;&quot;,&quot;focal_length&quot;:&quot;28&quot;,&quot;iso&quot;:&quot;1600&quot;,&quot;shutter_speed&quot;:&quot;0.0025&quot;,&quot;title&quot;:&quot;&quot;}\" data-image-title=\"Deporte4\" data-image-description=\"&lt;p&gt;La actividad comenz\u00f3 a las 10:00 horas y congreg\u00f3 a una importante cantidad de vecinos, quienes practicaron y disfrutaron por alrededor de tres horas de distintas disciplinas deportivas.&lt;\/p&gt; \" data-medium-file=\"https:\/\/i0.wp.com\/eltrabajo.cl\/portal\/wp-content\/uploads\/2014\/04\/Deporte4.jpg?fit=300%2C170&#038;ssl=1\" data-large-file=\"https:\/\/i0.wp.com\/eltrabajo.cl\/portal\/wp-content\/uploads\/2014\/04\/Deporte4.jpg?fit=529%2C301&#038;ssl=1\" src=\"https:\/\/i0.wp.com\/eltrabajo.cl\/portal\/wp-content\/uploads\/2014\/04\/Deporte4.jpg?w=221&#038;h=126&#038;ssl=1\" srcset=\"https:\/\/i0.wp.com\/eltrabajo.cl\/portal\/wp-content\/uploads\/2014\/04\/Deporte4.jpg?w=529&amp;ssl=1 529w, https:\/\/i0.wp.com\/eltrabajo.cl\/portal\/wp-content\/uploads\/2014\/04\/Deporte4.jpg?resize=200%2C113&amp;ssl=1 200w, https:\/\/i0.wp.com\/eltrabajo.cl\/portal\/wp-content\/uploads\/2014\/04\/Deporte4.jpg?resize=300%2C170&amp;ssl=1 300w, https:\/\/i0.wp.com\/eltrabajo.cl\/portal\/wp-content\/uploads\/2014\/04\/Deporte4.jpg?resize=150%2C85&amp;ssl=1 150w, https:\/\/i0.wp.com\/eltrabajo.cl\/portal\/wp-content\/uploads\/2014\/04\/Deporte4.jpg?resize=400%2C227&amp;ssl=1 400w\" width=\"221\" height=\"126\" loading=\"lazy\" data-original-width=\"221\" data-original-height=\"126\" itemprop=\"http:\/\/schema.org\/image\" title=\"Deporte4\" alt=\"La actividad comenz\u00f3 a las 10:00 horas y congreg\u00f3 a una importante cantidad de vecinos, quienes practicaron y disfrutaron por alrededor de tres horas de distintas disciplinas deportivas.\" style=\"width: 221px; height: 126px;\" \/> <\/a> <div class=\"tiled-gallery-caption\" itemprop=\"caption description\"> La actividad comenz\u00f3 a las 10:00 horas y congreg\u00f3 a una importante cantidad de vecinos, quienes practicaron y disfrutaron por alrededor de tres horas de distintas disciplinas deportivas. <\/div> <\/div> <\/div> <!-- close group --> <\/div> <!-- close row --> <div class=\"gallery-row\" style=\"width: 640px; height: 338px;\" data-original-width=\"640\" data-original-height=\"338\" > <div class=\"gallery-group images-1\" style=\"width: 640px; height: 338px;\" data-original-width=\"640\" data-original-height=\"338\" > <div class=\"tiled-gallery-item tiled-gallery-item-large\" itemprop=\"associatedMedia\" itemscope itemtype=\"http:\/\/schema.org\/ImageObject\"> <a href=\"https:\/\/eltrabajo.cl\/portal\/sanfelipenos-celebran-el-dia-internacional-de-la-actividad-deportiva\/deporte3\/\" border=\"0\" itemprop=\"url\"> <meta itemprop=\"width\" content=\"636\"> <meta itemprop=\"height\" content=\"334\"> <img decoding=\"async\" class=\"\" data-attachment-id=\"45119\" data-orig-file=\"https:\/\/eltrabajo.cl\/portal\/wp-content\/uploads\/2014\/04\/Deporte3.jpg\" data-orig-size=\"529,278\" data-comments-opened=\"1\" data-image-meta=\"{&quot;aperture&quot;:&quot;7.1&quot;,&quot;credit&quot;:&quot;&quot;,&quot;camera&quot;:&quot;NIKON D3000&quot;,&quot;caption&quot;:&quot;&quot;,&quot;created_timestamp&quot;:&quot;1396782712&quot;,&quot;copyright&quot;:&quot;&quot;,&quot;focal_length&quot;:&quot;18&quot;,&quot;iso&quot;:&quot;1600&quot;,&quot;shutter_speed&quot;:&quot;0.005&quot;,&quot;title&quot;:&quot;&quot;}\" data-image-title=\"Deporte3\" data-image-description=\"&lt;p&gt;Las familias llegaron hasta Avenida Yungay con miras a potenciar la pr\u00e1ctica deportiva en ese d\u00eda especial.&lt;\/p&gt; \" data-medium-file=\"https:\/\/i0.wp.com\/eltrabajo.cl\/portal\/wp-content\/uploads\/2014\/04\/Deporte3.jpg?fit=300%2C157&#038;ssl=1\" data-large-file=\"https:\/\/i0.wp.com\/eltrabajo.cl\/portal\/wp-content\/uploads\/2014\/04\/Deporte3.jpg?fit=529%2C278&#038;ssl=1\" src=\"https:\/\/i0.wp.com\/eltrabajo.cl\/portal\/wp-content\/uploads\/2014\/04\/Deporte3.jpg?w=636&#038;h=334&#038;ssl=1\" srcset=\"https:\/\/i0.wp.com\/eltrabajo.cl\/portal\/wp-content\/uploads\/2014\/04\/Deporte3.jpg?w=529&amp;ssl=1 529w, https:\/\/i0.wp.com\/eltrabajo.cl\/portal\/wp-content\/uploads\/2014\/04\/Deporte3.jpg?resize=200%2C105&amp;ssl=1 200w, https:\/\/i0.wp.com\/eltrabajo.cl\/portal\/wp-content\/uploads\/2014\/04\/Deporte3.jpg?resize=300%2C157&amp;ssl=1 300w, https:\/\/i0.wp.com\/eltrabajo.cl\/portal\/wp-content\/uploads\/2014\/04\/Deporte3.jpg?resize=150%2C78&amp;ssl=1 150w, https:\/\/i0.wp.com\/eltrabajo.cl\/portal\/wp-content\/uploads\/2014\/04\/Deporte3.jpg?resize=400%2C210&amp;ssl=1 400w\" width=\"636\" height=\"334\" loading=\"lazy\" data-original-width=\"636\" data-original-height=\"334\" itemprop=\"http:\/\/schema.org\/image\" title=\"Deporte3\" alt=\"Las familias llegaron hasta Avenida Yungay con miras a potenciar la pr\u00e1ctica deportiva en ese d\u00eda especial.\" style=\"width: 636px; height: 334px;\" \/> <\/a> <div class=\"tiled-gallery-caption\" itemprop=\"caption description\"> Las familias llegaron hasta Avenida Yungay con miras a potenciar la pr\u00e1ctica deportiva en ese d\u00eda especial. <\/div> <\/div> <\/div> <!-- close group --> <\/div> <!-- close row --> <\/div>\n","protected":false},"excerpt":{"rendered":"<p>Con la presencia de un centenar de vecinos, de todas las edades, entre los que destacaron muchos ni\u00f1os, este domingo 6 de abril, la Municipalidad de San Felipe celebr\u00f3 el D\u00eda internacional&#8230;<\/p>\n","protected":false},"author":482,"featured_media":45118,"comment_status":"open","ping_status":"closed","sticky":false,"template":"","format":"standard","meta":{"advanced_seo_description":"","jetpack_seo_html_title":"","jetpack_seo_noindex":false,"_jetpack_memberships_contains_paid_content":false,"footnotes":""},"categories":[15],"tags":[],"class_list":["post-45117","post","type-post","status-publish","format-standard","has-post-thumbnail","hentry","category-comunidad"],"jetpack_featured_media_url":"https:\/\/i0.wp.com\/eltrabajo.cl\/portal\/wp-content\/uploads\/2014\/04\/Deporte1.jpg?fit=529%2C341&ssl=1","jetpack_sharing_enabled":true,"jetpack_likes_enabled":true,"jetpack-related-posts":[],"_links":{"self":[{"href":"https:\/\/eltrabajo.cl\/portal\/wp-json\/wp\/v2\/posts\/45117","targetHints":{"allow":["GET"]}}],"collection":[{"href":"https:\/\/eltrabajo.cl\/portal\/wp-json\/wp\/v2\/posts"}],"about":[{"href":"https:\/\/eltrabajo.cl\/portal\/wp-json\/wp\/v2\/types\/post"}],"author":[{"embeddable":true,"href":"https:\/\/eltrabajo.cl\/portal\/wp-json\/wp\/v2\/users\/482"}],"replies":[{"embeddable":true,"href":"https:\/\/eltrabajo.cl\/portal\/wp-json\/wp\/v2\/comments?post=45117"}],"version-history":[{"count":0,"href":"https:\/\/eltrabajo.cl\/portal\/wp-json\/wp\/v2\/posts\/45117\/revisions"}],"wp:featuredmedia":[{"embeddable":true,"href":"https:\/\/eltrabajo.cl\/portal\/wp-json\/wp\/v2\/media\/45118"}],"wp:attachment":[{"href":"https:\/\/eltrabajo.cl\/portal\/wp-json\/wp\/v2\/media?parent=45117"}],"wp:term":[{"taxonomy":"category","embeddable":true,"href":"https:\/\/eltrabajo.cl\/portal\/wp-json\/wp\/v2\/categories?post=45117"},{"taxonomy":"post_tag","embeddable":true,"href":"https:\/\/eltrabajo.cl\/portal\/wp-json\/wp\/v2\/tags?post=45117"}],"curies":[{"name":"wp","href":"https:\/\/api.w.org\/{rel}","templated":true}]}}