{"id":45126,"date":"2014-04-07T09:53:41","date_gmt":"2014-04-07T12:53:41","guid":{"rendered":"http:\/\/www.eltrabajo.cl\/portal\/?p=45126"},"modified":"2014-04-07T09:53:41","modified_gmt":"2014-04-07T12:53:41","slug":"mesa-tecnica-y-secpla-expusieron-propuesta-de-plan-regulador","status":"publish","type":"post","link":"https:\/\/eltrabajo.cl\/portal\/mesa-tecnica-y-secpla-expusieron-propuesta-de-plan-regulador\/","title":{"rendered":"Mesa t\u00e9cnica y Secpla expusieron propuesta de Plan Regulador"},"content":{"rendered":"<figure id=\"attachment_45127\" aria-describedby=\"caption-attachment-45127\" style=\"width: 317px\" class=\"wp-caption alignleft\"><a href=\"https:\/\/i0.wp.com\/www.eltrabajo.cl\/portal\/wp-content\/uploads\/2014\/04\/claudio-paredes.jpg\"><img data-recalc-dims=\"1\" loading=\"lazy\" decoding=\"async\" class=\" wp-image-45127 \" alt=\"Claudio Paredes, Secretario de Planificaci\u00f3n del Municipio.\" src=\"https:\/\/i0.wp.com\/www.eltrabajo.cl\/portal\/wp-content\/uploads\/2014\/04\/claudio-paredes.jpg?resize=317%2C217\" width=\"317\" height=\"217\" srcset=\"https:\/\/i0.wp.com\/eltrabajo.cl\/portal\/wp-content\/uploads\/2014\/04\/claudio-paredes.jpg?w=529&amp;ssl=1 529w, https:\/\/i0.wp.com\/eltrabajo.cl\/portal\/wp-content\/uploads\/2014\/04\/claudio-paredes.jpg?resize=200%2C136&amp;ssl=1 200w, https:\/\/i0.wp.com\/eltrabajo.cl\/portal\/wp-content\/uploads\/2014\/04\/claudio-paredes.jpg?resize=300%2C204&amp;ssl=1 300w, https:\/\/i0.wp.com\/eltrabajo.cl\/portal\/wp-content\/uploads\/2014\/04\/claudio-paredes.jpg?resize=150%2C102&amp;ssl=1 150w, https:\/\/i0.wp.com\/eltrabajo.cl\/portal\/wp-content\/uploads\/2014\/04\/claudio-paredes.jpg?resize=400%2C272&amp;ssl=1 400w\" sizes=\"auto, (max-width: 317px) 100vw, 317px\" \/><\/a><figcaption id=\"caption-attachment-45127\" class=\"wp-caption-text\">Claudio Paredes, Secretario de Planificaci\u00f3n del Municipio.<\/figcaption><\/figure>\n<p>En el \u00faltimo Concejo Municipal, la mesa t\u00e9cnica a cargo del Plan Regulador y la Secretar\u00eda de Planificaci\u00f3n de la Municipalidad de San Felipe, expusieron la propuesta respecto de este instrumento de planificaci\u00f3n, oportunidad en que se acord\u00f3 una serie de sesiones de trabajo con los concejales, con el objetivo de informar con mayor profundidad el tema. El Plan Regulador ha generado el inter\u00e9s de parte de la comunidad y por ello la municipalidad ha planteado que la propuesta que se ha realizado es integral, con visi\u00f3n de futuro y con ejes bastante marcados, seg\u00fan explic\u00f3 el Secretario de Planificaci\u00f3n del Municipio, Claudio Paredes.<\/p>\n<p>El profesional sostuvo que uno de esos ejes es el de equidad, argumentando que lo que se pretende es que todos los habitantes que vivan en la comuna de San Felipe tengan una igualdad de acceso a servicios, a v\u00edas de comunicaci\u00f3n, \u00e1reas verdes y parques.<\/p>\n<p>Otro de los ejes importantes es el que dice relaci\u00f3n con el patrimonio y en ese punto Paredes sostiene que se mantienen zonas de conservaci\u00f3n hist\u00f3rica en el damero central, espec\u00edficamente aquellas que tiene mayor identidad y capacidad de cuidarse y protegerse, as\u00ed como tambi\u00e9n sectores fuera del damero, como la Hacienda de Quilpu\u00e9, Curim\u00f3n y Almendral.<\/p>\n<p>Un tercer elemento importante es que la Municipalidad ha propuesto aumentar la altura en el centro, con el objetivo de subir la densidad poblacional.<\/p>\n<p>\u201cEl damero en ciertas horas de la noche queda pr\u00e1cticamente deshabitado, lo que se busca es que la gente vuelva a vivir en el centro, como hist\u00f3ricamente fue en San Felipe y para ello se requiere poder aumentar altura y que se hagan construcciones para que pueda vivir una mayor cantidad de habitantes. Eso est\u00e1 trabajado t\u00e9cnicamente, conversado con el Minvu, no es un crecimiento espectacular, sino que es progresivo, a partir del damero se va creciendo en altura, se est\u00e1 proponiendo cuatro pisos en el aro m\u00e1s cercano a la plaza, luego seis pisos y se pretende subir altura fuera del damero, es decir nadie est\u00e1 planteando un edifico de ocho pisos al lado de la Catedral, ah\u00ed est\u00e1 planteado como m\u00e1ximo cuatro pisos\u201d, sostuvo Paredes.<\/p>\n<p>Un aspecto importante, de acuerdo al Secpla es que el plan regulador que se est\u00e1 proponiendo es a un plazo de diez a\u00f1os, es decir el instrumento constituye la visi\u00f3n de desarrollo de la autoridad en ese plazo.<\/p>\n<p>\u201cEstamos pensando y proyectando una ciudad de m\u00e1s de cien mil habitantes, en un centro m\u00e1s eficiente, m\u00e1s moderno y que pueda convivir con los aspectos culturales y patrimoniales, aqu\u00ed no hay un quiebre con el patrimonio ni mucho menos, se est\u00e1 planteando zonas de conservaci\u00f3n hist\u00f3rica y crecer en altura en algunos puntos que permitan mejorar la calidad de vida de los habitantes\u201d, plante\u00f3 Paredes.<\/p>\n","protected":false},"excerpt":{"rendered":"<p>En el \u00faltimo Concejo Municipal, la mesa t\u00e9cnica a cargo del Plan Regulador y la Secretar\u00eda de Planificaci\u00f3n de la Municipalidad de San Felipe, expusieron la propuesta respecto de este instrumento de&#8230;<\/p>\n","protected":false},"author":482,"featured_media":45127,"comment_status":"open","ping_status":"closed","sticky":false,"template":"","format":"standard","meta":{"advanced_seo_description":"","jetpack_seo_html_title":"","jetpack_seo_noindex":false,"_jetpack_memberships_contains_paid_content":false,"footnotes":""},"categories":[1],"tags":[],"class_list":["post-45126","post","type-post","status-publish","format-standard","has-post-thumbnail","hentry","category-cronica"],"jetpack_featured_media_url":"https:\/\/i0.wp.com\/eltrabajo.cl\/portal\/wp-content\/uploads\/2014\/04\/claudio-paredes.jpg?fit=529%2C361&ssl=1","jetpack_sharing_enabled":true,"jetpack_likes_enabled":true,"jetpack-related-posts":[],"_links":{"self":[{"href":"https:\/\/eltrabajo.cl\/portal\/wp-json\/wp\/v2\/posts\/45126","targetHints":{"allow":["GET"]}}],"collection":[{"href":"https:\/\/eltrabajo.cl\/portal\/wp-json\/wp\/v2\/posts"}],"about":[{"href":"https:\/\/eltrabajo.cl\/portal\/wp-json\/wp\/v2\/types\/post"}],"author":[{"embeddable":true,"href":"https:\/\/eltrabajo.cl\/portal\/wp-json\/wp\/v2\/users\/482"}],"replies":[{"embeddable":true,"href":"https:\/\/eltrabajo.cl\/portal\/wp-json\/wp\/v2\/comments?post=45126"}],"version-history":[{"count":0,"href":"https:\/\/eltrabajo.cl\/portal\/wp-json\/wp\/v2\/posts\/45126\/revisions"}],"wp:featuredmedia":[{"embeddable":true,"href":"https:\/\/eltrabajo.cl\/portal\/wp-json\/wp\/v2\/media\/45127"}],"wp:attachment":[{"href":"https:\/\/eltrabajo.cl\/portal\/wp-json\/wp\/v2\/media?parent=45126"}],"wp:term":[{"taxonomy":"category","embeddable":true,"href":"https:\/\/eltrabajo.cl\/portal\/wp-json\/wp\/v2\/categories?post=45126"},{"taxonomy":"post_tag","embeddable":true,"href":"https:\/\/eltrabajo.cl\/portal\/wp-json\/wp\/v2\/tags?post=45126"}],"curies":[{"name":"wp","href":"https:\/\/api.w.org\/{rel}","templated":true}]}}