{"id":45134,"date":"2014-04-07T09:56:22","date_gmt":"2014-04-07T12:56:22","guid":{"rendered":"http:\/\/www.eltrabajo.cl\/portal\/?p=45134"},"modified":"2014-04-07T09:56:22","modified_gmt":"2014-04-07T12:56:22","slug":"conductor-quedo-atrapado-luego-de-volcar-en-su-camion-en-sector-la-pena","status":"publish","type":"post","link":"https:\/\/eltrabajo.cl\/portal\/conductor-quedo-atrapado-luego-de-volcar-en-su-camion-en-sector-la-pena\/","title":{"rendered":"Conductor qued\u00f3 atrapado luego de volcar en su cami\u00f3n en sector La Pe\u00f1a"},"content":{"rendered":"<figure id=\"attachment_45135\" aria-describedby=\"caption-attachment-45135\" style=\"width: 529px\" class=\"wp-caption alignnone\"><a href=\"https:\/\/i0.wp.com\/www.eltrabajo.cl\/portal\/wp-content\/uploads\/2014\/04\/Camion1.jpg\"><img data-recalc-dims=\"1\" loading=\"lazy\" decoding=\"async\" class=\"size-full wp-image-45135\" alt=\"EL RESCATE.- Luis Gallardo Lobos habr\u00eda resultado con lesiones de car\u00e1cter leve y fue trasladado hasta el Hospital San Antonio de Putaendo.\" src=\"https:\/\/i0.wp.com\/www.eltrabajo.cl\/portal\/wp-content\/uploads\/2014\/04\/Camion1.jpg?resize=529%2C305\" width=\"529\" height=\"305\" srcset=\"https:\/\/i0.wp.com\/eltrabajo.cl\/portal\/wp-content\/uploads\/2014\/04\/Camion1.jpg?w=529&amp;ssl=1 529w, https:\/\/i0.wp.com\/eltrabajo.cl\/portal\/wp-content\/uploads\/2014\/04\/Camion1.jpg?resize=200%2C115&amp;ssl=1 200w, https:\/\/i0.wp.com\/eltrabajo.cl\/portal\/wp-content\/uploads\/2014\/04\/Camion1.jpg?resize=300%2C172&amp;ssl=1 300w, https:\/\/i0.wp.com\/eltrabajo.cl\/portal\/wp-content\/uploads\/2014\/04\/Camion1.jpg?resize=150%2C86&amp;ssl=1 150w, https:\/\/i0.wp.com\/eltrabajo.cl\/portal\/wp-content\/uploads\/2014\/04\/Camion1.jpg?resize=400%2C230&amp;ssl=1 400w\" sizes=\"auto, (max-width: 529px) 100vw, 529px\" \/><\/a><figcaption id=\"caption-attachment-45135\" class=\"wp-caption-text\">EL RESCATE.- Luis Gallardo Lobos habr\u00eda resultado con lesiones de car\u00e1cter leve y fue trasladado hasta el Hospital San Antonio de Putaendo.<\/figcaption><\/figure>\n<p><strong>PUTAENDO<\/strong>.- La ma\u00f1ana de este domingo un conductor de cami\u00f3n qued\u00f3 atrapado en la cabina del pesado veh\u00edculo tras volcarse en el sector La Pe\u00f1a en Granallas. El accidente se registr\u00f3 a eso de las 11:50 horas, cuando Luis Gallardo Lobos, de 51 a\u00f1os, guiaba su cami\u00f3n \u00be por el sector La Pe\u00f1a desde Guzmanes en direcci\u00f3n a Granallas y despu\u00e9s de una curva, por causas que no est\u00e1n del todo claras, el cami\u00f3n impact\u00f3 la ladera de un cerro y esto origin\u00f3 que se volcara de costado en el centro de la peque\u00f1a pista.<\/p>\n<p>A consecuencia de esto, el conductor qued\u00f3 atrapado en la cabina del cami\u00f3n y fue necesario un arduo trabajo de Bomberos de Putaendo para poder sacarlo desde el habit\u00e1culo sin que fuese necesaria la utilizaci\u00f3n de herramientas hidr\u00e1ulicas.<\/p>\n<p>Preliminarmente Luis Gallardo Lobos habr\u00eda resultado con lesiones de car\u00e1cter leve y fue trasladado hasta el Hospital San Antonio de Putaendo, a pesar que al lugar tambi\u00e9n lleg\u00f3 un m\u00f3vil avanzado del Samu Aconcagua, que descart\u00f3 trasladarlo en forma directa hasta el Hospital San Camilo de San Felipe.<\/p>\n<p>El Primer Comandante de Bomberos, Luis Sep\u00falveda Hidalgo, se\u00f1al\u00f3 que se trat\u00f3 de un rescate pesado y que afortunadamente lograron realizar las maniobras necesarias para sacar al conductor atrapado por la puerta del cami\u00f3n que qued\u00f3 accesible, lo que facilit\u00f3 el trabajo bomberil, que de igual forma debi\u00f3 hacerse con mucho cuidado.<\/p>\n<p>En tanto el Teniente de Carabineros, \u00c1ngelo Acevedo, indic\u00f3 que el conductor mantiene su licencia de conducir al d\u00eda y la documentaci\u00f3n del cami\u00f3n en regla.<\/p>\n<p>Sobre las causas probables del accidente, estas deber\u00e1n ser investigadas por el tribunal y no se descarta que el conductor haya realizado una maniobra de \u00faltimo minuto al encontrarse sorpresivamente con un ciclista que circulaba en sentido contrario por el estrecho camino, lo que deriv\u00f3 en que el cami\u00f3n impactara con el cerro.<\/p>\n<p>&nbsp;<\/p>\n","protected":false},"excerpt":{"rendered":"<p>PUTAENDO.- La ma\u00f1ana de este domingo un conductor de cami\u00f3n qued\u00f3 atrapado en la cabina del pesado veh\u00edculo tras volcarse en el sector La Pe\u00f1a en Granallas. El accidente se registr\u00f3 a&#8230;<\/p>\n","protected":false},"author":482,"featured_media":45135,"comment_status":"open","ping_status":"closed","sticky":false,"template":"","format":"standard","meta":{"advanced_seo_description":"","jetpack_seo_html_title":"","jetpack_seo_noindex":false,"_jetpack_memberships_contains_paid_content":false,"footnotes":""},"categories":[21],"tags":[],"class_list":["post-45134","post","type-post","status-publish","format-standard","has-post-thumbnail","hentry","category-policial"],"jetpack_featured_media_url":"https:\/\/i0.wp.com\/eltrabajo.cl\/portal\/wp-content\/uploads\/2014\/04\/Camion1.jpg?fit=529%2C305&ssl=1","jetpack_sharing_enabled":true,"jetpack_likes_enabled":true,"jetpack-related-posts":[],"_links":{"self":[{"href":"https:\/\/eltrabajo.cl\/portal\/wp-json\/wp\/v2\/posts\/45134","targetHints":{"allow":["GET"]}}],"collection":[{"href":"https:\/\/eltrabajo.cl\/portal\/wp-json\/wp\/v2\/posts"}],"about":[{"href":"https:\/\/eltrabajo.cl\/portal\/wp-json\/wp\/v2\/types\/post"}],"author":[{"embeddable":true,"href":"https:\/\/eltrabajo.cl\/portal\/wp-json\/wp\/v2\/users\/482"}],"replies":[{"embeddable":true,"href":"https:\/\/eltrabajo.cl\/portal\/wp-json\/wp\/v2\/comments?post=45134"}],"version-history":[{"count":0,"href":"https:\/\/eltrabajo.cl\/portal\/wp-json\/wp\/v2\/posts\/45134\/revisions"}],"wp:featuredmedia":[{"embeddable":true,"href":"https:\/\/eltrabajo.cl\/portal\/wp-json\/wp\/v2\/media\/45135"}],"wp:attachment":[{"href":"https:\/\/eltrabajo.cl\/portal\/wp-json\/wp\/v2\/media?parent=45134"}],"wp:term":[{"taxonomy":"category","embeddable":true,"href":"https:\/\/eltrabajo.cl\/portal\/wp-json\/wp\/v2\/categories?post=45134"},{"taxonomy":"post_tag","embeddable":true,"href":"https:\/\/eltrabajo.cl\/portal\/wp-json\/wp\/v2\/tags?post=45134"}],"curies":[{"name":"wp","href":"https:\/\/api.w.org\/{rel}","templated":true}]}}