{"id":45137,"date":"2014-04-07T09:58:02","date_gmt":"2014-04-07T12:58:02","guid":{"rendered":"http:\/\/www.eltrabajo.cl\/portal\/?p=45137"},"modified":"2014-04-07T09:58:02","modified_gmt":"2014-04-07T12:58:02","slug":"fiscalia-presenta-recurso-de-nulidad-por-absolucion-de-el-vampiro","status":"publish","type":"post","link":"https:\/\/eltrabajo.cl\/portal\/fiscalia-presenta-recurso-de-nulidad-por-absolucion-de-el-vampiro\/","title":{"rendered":"Fiscal\u00eda presenta Recurso de Nulidad por absoluci\u00f3n de \u2018El Vampiro\u2019"},"content":{"rendered":"<figure id=\"attachment_45138\" aria-describedby=\"caption-attachment-45138\" style=\"width: 422px\" class=\"wp-caption alignleft\"><a href=\"https:\/\/i0.wp.com\/www.eltrabajo.cl\/portal\/wp-content\/uploads\/2014\/04\/juicio-de-el-vampiro.jpg\"><img data-recalc-dims=\"1\" loading=\"lazy\" decoding=\"async\" class=\" wp-image-45138 \" alt=\"\u2018El Vampiro\u2019 durante el juicio que termin\u00f3 en el mes de marzo pasado y en el que el \u00fanico imputado por el caso fue absuelto de culpa.\" src=\"https:\/\/i0.wp.com\/www.eltrabajo.cl\/portal\/wp-content\/uploads\/2014\/04\/juicio-de-el-vampiro.jpg?resize=422%2C266\" width=\"422\" height=\"266\" srcset=\"https:\/\/i0.wp.com\/eltrabajo.cl\/portal\/wp-content\/uploads\/2014\/04\/juicio-de-el-vampiro.jpg?w=528&amp;ssl=1 528w, https:\/\/i0.wp.com\/eltrabajo.cl\/portal\/wp-content\/uploads\/2014\/04\/juicio-de-el-vampiro.jpg?resize=200%2C125&amp;ssl=1 200w, https:\/\/i0.wp.com\/eltrabajo.cl\/portal\/wp-content\/uploads\/2014\/04\/juicio-de-el-vampiro.jpg?resize=300%2C188&amp;ssl=1 300w, https:\/\/i0.wp.com\/eltrabajo.cl\/portal\/wp-content\/uploads\/2014\/04\/juicio-de-el-vampiro.jpg?resize=150%2C94&amp;ssl=1 150w, https:\/\/i0.wp.com\/eltrabajo.cl\/portal\/wp-content\/uploads\/2014\/04\/juicio-de-el-vampiro.jpg?resize=400%2C251&amp;ssl=1 400w\" sizes=\"auto, (max-width: 422px) 100vw, 422px\" \/><\/a><figcaption id=\"caption-attachment-45138\" class=\"wp-caption-text\">\u2018El Vampiro\u2019 durante el juicio que termin\u00f3 en el mes de marzo pasado y en el que el \u00fanico imputado por el caso fue absuelto de culpa.<\/figcaption><\/figure>\n<p>El Ministerio P\u00fablico, representado por el Fiscal Osvaldo Basso Cerda, present\u00f3 un Recurso de Nulidad en el Tribunal Oral en Lo Penal de San Felipe, en contra de la sentencia absolutoria del \u00fanico imputado por la muerte del Profesor Gonzalo Acevedo Aracena, de 28 a\u00f1os. El hasta ahora \u00fanico acusado, Julio Gonz\u00e1lez, apodado \u2018El Vampiro\u2019, fue formalizado e investigado y acusado por el Ministerio P\u00fablico como ser el autor material del disparo que le cost\u00f3 la vida al profesor, tras una disputa que se levant\u00f3 la tarde del 1 de agosto pasado en la comuna de Llay Llay.<\/p>\n<p>Osvaldo Basso se\u00f1al\u00f3 que el Recurso, una vez presentado, debe ser elevado a la Corte de Apelaciones de Valpara\u00edso, quien en definitiva va a resolver si es procedente o no que la sentencia y el juicio se anulen. En el caso que se anule, se deber\u00e1 realizar otro juicio oral con magistrados distintos a los que ya resolvieron. A\u00f1adi\u00f3 el Fiscal Basso, que en el evento que el Recurso sea rechazado, la sentencia quedar\u00eda a firme y ejecutoriada en lo que respecta a la absoluci\u00f3n del imputado.<\/p>\n<p>En cuanto a los motivos que tuvo el fiscal para presentar el Recurso de Nulidad, se\u00f1al\u00f3 que \u201cel Ministerio P\u00fablico estima que las reglas de la l\u00f3gica en este caso no fueron mencionadas, fundamentadas debidamente en el fallo, y en virtud de esto, nosotros hemos decidido presentar el recurso para que la Corte revise lo que nosotros le queremos hacer ver y plantear en definitiva\u201d, sostuvo Basso.<\/p>\n<p>Sobre este \u00faltimo punto, dijo que tras leer el fallo encontraron vicios de forma, b\u00e1sicamente una infracci\u00f3n a la Regla de la l\u00f3gica.<\/p>\n<p><strong>EL FALLO<\/strong><\/p>\n<p>Es necesario recordar que d\u00edas atr\u00e1s el Tribunal Oral de San Felipe en su fallo, absolvi\u00f3 al imputado por tener una duda razonable en cuanto a la participaci\u00f3n del acusado en los hechos que se le imputan.<\/p>\n<p>Durante el juicio se presentaron pruebas testimoniales, periciales, fotograf\u00edas, planimetr\u00edas, y sin embargo \u201cel tribunal decidi\u00f3 absolver al imputado, ya que no pudo adquirir convicci\u00f3n mas all\u00e1 de la duda razonable, acerca de la participaci\u00f3n culpable en este caso del imputado y, por mandato legal cuando existen dudas razonables el tribunal no tiene otra opci\u00f3n o alternativa que absolver, s\u00f3lo en la medida que el tribunal tenga una convicci\u00f3n plena y absoluta para dictar condena\u201d, fue lo que sostuvo en su momento el Fiscal Basso.<\/p>\n<p><strong>LOS HECHOS<\/strong><\/p>\n<p>Los hechos donde muri\u00f3 el profesor, apodado \u2018El Pelao\u2019, ocurrieron el domingo 19 de agosto del 2013 a eso de las 17:50 horas, cuando la v\u00edctima se encontraba compartiendo una discada con otros individuos, en la intersecci\u00f3n de las calles Vicu\u00f1a Mackenna con Salitre, donde se ubica una antigua sala de m\u00e1quinas de ferrocarriles. En ese momento, y de improviso aparece el imputado, quien tras gritar desafiantes palabras, comenz\u00f3 a disparar dando uno de esos disparos en el t\u00f3rax del Profesor Acevedo quien cay\u00f3 repentinamente al suelo.<\/p>\n<p>De ah\u00ed se llam\u00f3 a Carabineros, se efectuaron maniobras de reanimaci\u00f3n, pero lamentablemente no fueron suficientes y la v\u00edctima falleci\u00f3.<\/p>\n<p>Familiares, amigos de la v\u00edctima y la comunidad llaylla\u00edna, se mostraron muy insatisfechos con la sentencia, y en el aire qued\u00f3 la sensaci\u00f3n de impunidad de este crimen o la simple pregunta: Si no fue \u2018El Vampiro\u2019, \u00bfqui\u00e9n mat\u00f3 al profesor?.<\/p>\n<p>&nbsp;<\/p>\n","protected":false},"excerpt":{"rendered":"<p>El Ministerio P\u00fablico, representado por el Fiscal Osvaldo Basso Cerda, present\u00f3 un Recurso de Nulidad en el Tribunal Oral en Lo Penal de San Felipe, en contra de la sentencia absolutoria del&#8230;<\/p>\n","protected":false},"author":482,"featured_media":45138,"comment_status":"open","ping_status":"closed","sticky":false,"template":"","format":"standard","meta":{"advanced_seo_description":"","jetpack_seo_html_title":"","jetpack_seo_noindex":false,"_jetpack_memberships_contains_paid_content":false,"footnotes":""},"categories":[21],"tags":[],"class_list":["post-45137","post","type-post","status-publish","format-standard","has-post-thumbnail","hentry","category-policial"],"jetpack_featured_media_url":"https:\/\/i0.wp.com\/eltrabajo.cl\/portal\/wp-content\/uploads\/2014\/04\/juicio-de-el-vampiro.jpg?fit=528%2C332&ssl=1","jetpack_sharing_enabled":true,"jetpack_likes_enabled":true,"jetpack-related-posts":[],"_links":{"self":[{"href":"https:\/\/eltrabajo.cl\/portal\/wp-json\/wp\/v2\/posts\/45137","targetHints":{"allow":["GET"]}}],"collection":[{"href":"https:\/\/eltrabajo.cl\/portal\/wp-json\/wp\/v2\/posts"}],"about":[{"href":"https:\/\/eltrabajo.cl\/portal\/wp-json\/wp\/v2\/types\/post"}],"author":[{"embeddable":true,"href":"https:\/\/eltrabajo.cl\/portal\/wp-json\/wp\/v2\/users\/482"}],"replies":[{"embeddable":true,"href":"https:\/\/eltrabajo.cl\/portal\/wp-json\/wp\/v2\/comments?post=45137"}],"version-history":[{"count":0,"href":"https:\/\/eltrabajo.cl\/portal\/wp-json\/wp\/v2\/posts\/45137\/revisions"}],"wp:featuredmedia":[{"embeddable":true,"href":"https:\/\/eltrabajo.cl\/portal\/wp-json\/wp\/v2\/media\/45138"}],"wp:attachment":[{"href":"https:\/\/eltrabajo.cl\/portal\/wp-json\/wp\/v2\/media?parent=45137"}],"wp:term":[{"taxonomy":"category","embeddable":true,"href":"https:\/\/eltrabajo.cl\/portal\/wp-json\/wp\/v2\/categories?post=45137"},{"taxonomy":"post_tag","embeddable":true,"href":"https:\/\/eltrabajo.cl\/portal\/wp-json\/wp\/v2\/tags?post=45137"}],"curies":[{"name":"wp","href":"https:\/\/api.w.org\/{rel}","templated":true}]}}