{"id":45141,"date":"2014-04-07T09:59:43","date_gmt":"2014-04-07T12:59:43","guid":{"rendered":"http:\/\/www.eltrabajo.cl\/portal\/?p=45141"},"modified":"2014-04-07T09:59:43","modified_gmt":"2014-04-07T12:59:43","slug":"condenado-a-6-anos-de-carcel-abusador-sexual-de-dos-menores","status":"publish","type":"post","link":"https:\/\/eltrabajo.cl\/portal\/condenado-a-6-anos-de-carcel-abusador-sexual-de-dos-menores\/","title":{"rendered":"Condenado a 6 a\u00f1os de c\u00e1rcel abusador sexual de dos menores"},"content":{"rendered":"<figure id=\"attachment_45142\" aria-describedby=\"caption-attachment-45142\" style=\"width: 317px\" class=\"wp-caption alignleft\"><a href=\"https:\/\/i0.wp.com\/www.eltrabajo.cl\/portal\/wp-content\/uploads\/2014\/04\/marcelo-figueroa.jpg\"><img data-recalc-dims=\"1\" loading=\"lazy\" decoding=\"async\" class=\" wp-image-45142 \" alt=\"Marcelo Figueroa, padre de la mayor de las menores abusadas.\" src=\"https:\/\/i0.wp.com\/www.eltrabajo.cl\/portal\/wp-content\/uploads\/2014\/04\/marcelo-figueroa.jpg?resize=317%2C208\" width=\"317\" height=\"208\" srcset=\"https:\/\/i0.wp.com\/eltrabajo.cl\/portal\/wp-content\/uploads\/2014\/04\/marcelo-figueroa.jpg?w=529&amp;ssl=1 529w, https:\/\/i0.wp.com\/eltrabajo.cl\/portal\/wp-content\/uploads\/2014\/04\/marcelo-figueroa.jpg?resize=200%2C131&amp;ssl=1 200w, https:\/\/i0.wp.com\/eltrabajo.cl\/portal\/wp-content\/uploads\/2014\/04\/marcelo-figueroa.jpg?resize=300%2C196&amp;ssl=1 300w, https:\/\/i0.wp.com\/eltrabajo.cl\/portal\/wp-content\/uploads\/2014\/04\/marcelo-figueroa.jpg?resize=150%2C98&amp;ssl=1 150w, https:\/\/i0.wp.com\/eltrabajo.cl\/portal\/wp-content\/uploads\/2014\/04\/marcelo-figueroa.jpg?resize=400%2C262&amp;ssl=1 400w\" sizes=\"auto, (max-width: 317px) 100vw, 317px\" \/><\/a><figcaption id=\"caption-attachment-45142\" class=\"wp-caption-text\">Marcelo Figueroa, padre de la mayor de las menores abusadas.<\/figcaption><\/figure>\n<ul>\n<li><strong>Marcela Cortez, madre de las v\u00edctimas: \u00abVoy a pelear con u\u00f1as y dientes, para que se haga realmente justicia y pague lo que tiene que pagar\u00bb.<\/strong><\/li>\n<\/ul>\n<p>El Tribunal Oral en Lo Penal de San Felipe, conden\u00f3 a seis a\u00f1os de c\u00e1rcel efectiva a un sujeto acusado de haber abusado sexualmente en forma reiterada de dos menores de siete y trece a\u00f1os, hijas de su ex-conviviente en el a\u00f1o 2010 en San Felipe. La lectura de la sentencia se dio a conocer este viernes a la 13:00 horas, en el tercer piso del edificio de los Tribunales ubicado en Calle San Mart\u00edn. El sentenciado fue identificado como Ram\u00f3n Francisco Herrera Ampuero.<\/p>\n<p>La abogada defensora del acusado, Mar\u00eda Isabel Montenegro, dijo que ella estaba pidiendo la absoluci\u00f3n del imputado pues, \u00abpensamos que existen motivos para que el imputado hubiera sido absuelto, as\u00ed es que dependiendo cual sea el contenido de la sentencia definitiva, nosotros tenemos diez d\u00edas para instalar un recurso de nulidad y lo m\u00e1s probable es que eso hagamos\u00bb, dijo al defensora.<\/p>\n<p><strong>\u00a0UNA MADRE\u00a0ARREPENTIDA<\/strong><\/p>\n<p>Por su parte, el padre de una de las v\u00edctimas, Marcelo Figueroa, dijo que esta condena le deja una impotencia muy grande, porque no se cumpli\u00f3 la condena que ellos esperaban \u00abmas encima que \u00e9l puede portarse bien adentro y va salir, nuevamente puede hacerle algo a mi hija o a otras, ese es el miedo que tenemos, no es una persona sana, no estoy tranquilo con eso, yo me siento impotente no se qu\u00e9 hacer\u00bb, sostuvo Figueroa.<\/p>\n<p>A\u00f1adi\u00f3 que el da\u00f1o en su hija fue muy notorio, porque no representa los ocho a\u00f1os que tiene. Est\u00e1 con depresi\u00f3n, amargada, con rabia. Seg\u00fan el padre, eso es algo que le \u00abapena mucho porque es una ni\u00f1a inocente, tranquila\u00bb.<\/p>\n<p>Cont\u00f3 que el delito sufrido por las ni\u00f1as consisten en tocaciones en sus partes intimas y que nunca notaron algo extra\u00f1o en las menores, mas encima \u00e9l nunca preguntaba, eso s\u00ed se\u00f1ala que el sentenciado era muy violento cuando consum\u00eda alcohol \u00abme arrepiento de coraz\u00f3n haber dejado sola a mi hija, me arrepiento mucho y me da pena\u00bb, sostiene este padre de una de las peque\u00f1as abusadas.<\/p>\n<p><strong>\u00a0\u00abCOMO LAS PELOTAS\u00bb<\/strong><\/p>\n<p>Mientras tanto la madre de las menores, Marcela Cortez, dijo que el sentenciado era un peligro para la sociedad, \u00abseis a\u00f1os es una burla, porque mis hijas quedaron mal psicol\u00f3gicamente, \u00bfahora qui\u00e9n me las repara? la justicia es bien \u2018como las pelotas\u2019, porque se merec\u00eda mucho m\u00e1s\u00bb, dijo la madre.<\/p>\n<p>Agreg\u00f3 que ella nunca sospech\u00f3 de los hechos, s\u00f3lo hasta cuando una noche se aprestaba a acostarse y la ni\u00f1a no quer\u00eda hacerlo \u00ablloraba\u2026 lloraba\u2026 lloraba, se fue a acostar y se devolvi\u00f3 a mi pieza y ah\u00ed me cont\u00f3, que este hombre le hab\u00eda tocado su vagina y su potito, eso suced\u00eda en la noche, se les met\u00eda a la pieza\u00bb. Ah\u00ed es cuando la madre lanza una sentenciadora frase de amor por su hija: \u00abvoy a pelear con u\u00f1as y dientes, para que se haga realmente justicia y pague lo que tiene que pagar\u00bb.<\/p>\n<p>Las v\u00edctimas fueron identificadas con las iniciales A.S.F.C., actualmente de 17 a\u00f1os, y D.A.D.C., hoy de once a\u00f1os. Ahora quedan diez d\u00edas para presentar alg\u00fan tipo de recurso de nulidad ante la Corte de Apelaciones de Valpara\u00edso, lamentablemente para las familias de las v\u00edctimas, no hab\u00eda representante alguno del Ministerio P\u00fablico, y aunque legalmente pueden no asistir, los padres de las menores no ten\u00edan en qui\u00e9n vaciar sus dudas. Una vez le\u00edda la sentencia, donde se abona el tiempo de prisi\u00f3n preventiva, el acusado fue trasladado nuevamente hasta la c\u00e1rcel de San Felipe.<\/p>\n<p>&nbsp;<\/p>\n","protected":false},"excerpt":{"rendered":"<p>Marcela Cortez, madre de las v\u00edctimas: \u00abVoy a pelear con u\u00f1as y dientes, para que se haga realmente justicia y pague lo que tiene que pagar\u00bb. El Tribunal Oral en Lo Penal&#8230;<\/p>\n","protected":false},"author":482,"featured_media":45142,"comment_status":"open","ping_status":"closed","sticky":false,"template":"","format":"standard","meta":{"advanced_seo_description":"","jetpack_seo_html_title":"","jetpack_seo_noindex":false,"_jetpack_memberships_contains_paid_content":false,"footnotes":""},"categories":[21],"tags":[],"class_list":["post-45141","post","type-post","status-publish","format-standard","has-post-thumbnail","hentry","category-policial"],"jetpack_featured_media_url":"https:\/\/i0.wp.com\/eltrabajo.cl\/portal\/wp-content\/uploads\/2014\/04\/marcelo-figueroa.jpg?fit=529%2C347&ssl=1","jetpack_sharing_enabled":true,"jetpack_likes_enabled":true,"jetpack-related-posts":[],"_links":{"self":[{"href":"https:\/\/eltrabajo.cl\/portal\/wp-json\/wp\/v2\/posts\/45141","targetHints":{"allow":["GET"]}}],"collection":[{"href":"https:\/\/eltrabajo.cl\/portal\/wp-json\/wp\/v2\/posts"}],"about":[{"href":"https:\/\/eltrabajo.cl\/portal\/wp-json\/wp\/v2\/types\/post"}],"author":[{"embeddable":true,"href":"https:\/\/eltrabajo.cl\/portal\/wp-json\/wp\/v2\/users\/482"}],"replies":[{"embeddable":true,"href":"https:\/\/eltrabajo.cl\/portal\/wp-json\/wp\/v2\/comments?post=45141"}],"version-history":[{"count":0,"href":"https:\/\/eltrabajo.cl\/portal\/wp-json\/wp\/v2\/posts\/45141\/revisions"}],"wp:featuredmedia":[{"embeddable":true,"href":"https:\/\/eltrabajo.cl\/portal\/wp-json\/wp\/v2\/media\/45142"}],"wp:attachment":[{"href":"https:\/\/eltrabajo.cl\/portal\/wp-json\/wp\/v2\/media?parent=45141"}],"wp:term":[{"taxonomy":"category","embeddable":true,"href":"https:\/\/eltrabajo.cl\/portal\/wp-json\/wp\/v2\/categories?post=45141"},{"taxonomy":"post_tag","embeddable":true,"href":"https:\/\/eltrabajo.cl\/portal\/wp-json\/wp\/v2\/tags?post=45141"}],"curies":[{"name":"wp","href":"https:\/\/api.w.org\/{rel}","templated":true}]}}