{"id":45149,"date":"2014-04-08T09:34:16","date_gmt":"2014-04-08T12:34:16","guid":{"rendered":"http:\/\/www.eltrabajo.cl\/portal\/?p=45149"},"modified":"2014-04-08T09:34:16","modified_gmt":"2014-04-08T12:34:16","slug":"peques-esc-21-de-mayo-celebran-dia-internacional-de-actividad-deportiva","status":"publish","type":"post","link":"https:\/\/eltrabajo.cl\/portal\/peques-esc-21-de-mayo-celebran-dia-internacional-de-actividad-deportiva\/","title":{"rendered":"Peques Esc. 21 de Mayo celebran D\u00eda Internacional de Actividad Deportiva"},"content":{"rendered":"<figure id=\"attachment_45150\" aria-describedby=\"caption-attachment-45150\" style=\"width: 529px\" class=\"wp-caption alignnone\"><a href=\"https:\/\/i0.wp.com\/www.eltrabajo.cl\/portal\/wp-content\/uploads\/2014\/04\/Deporte11.jpg\"><img data-recalc-dims=\"1\" loading=\"lazy\" decoding=\"async\" class=\"size-full wp-image-45150\" alt=\"SIN PARAR.- Peques y grandes sudaron bastante durante la ma\u00f1ana de este lunes en el gimnasio de la Escuela 21 de Mayo de San Felipe.\" src=\"https:\/\/i0.wp.com\/www.eltrabajo.cl\/portal\/wp-content\/uploads\/2014\/04\/Deporte11.jpg?resize=529%2C366\" width=\"529\" height=\"366\" srcset=\"https:\/\/i0.wp.com\/eltrabajo.cl\/portal\/wp-content\/uploads\/2014\/04\/Deporte11.jpg?w=529&amp;ssl=1 529w, https:\/\/i0.wp.com\/eltrabajo.cl\/portal\/wp-content\/uploads\/2014\/04\/Deporte11.jpg?resize=200%2C138&amp;ssl=1 200w, https:\/\/i0.wp.com\/eltrabajo.cl\/portal\/wp-content\/uploads\/2014\/04\/Deporte11.jpg?resize=300%2C207&amp;ssl=1 300w, https:\/\/i0.wp.com\/eltrabajo.cl\/portal\/wp-content\/uploads\/2014\/04\/Deporte11.jpg?resize=150%2C103&amp;ssl=1 150w, https:\/\/i0.wp.com\/eltrabajo.cl\/portal\/wp-content\/uploads\/2014\/04\/Deporte11.jpg?resize=400%2C276&amp;ssl=1 400w\" sizes=\"auto, (max-width: 529px) 100vw, 529px\" \/><\/a><figcaption id=\"caption-attachment-45150\" class=\"wp-caption-text\">SIN PARAR.- Peques y grandes sudaron bastante durante la ma\u00f1ana de este lunes en el gimnasio de la Escuela 21 de Mayo de San Felipe.<\/figcaption><\/figure>\n<p>Este lunes las celebraciones del D\u00eda Mundial de la Actividad deportiva continuaron en algunas escuelas de nuestra provincia, una de esas escuelas municipalizadas es la de la localidad de 21 de Mayo, en donde cientos de peque\u00f1itos lo pasaron muy alegres y haciendo pr\u00e1cticas deportivas en su gimnasio.<\/p>\n<p>La actividad comenz\u00f3 a las 11:00 horas y congreg\u00f3 a todos los estudiantes, quienes practicaron y disfrutaron por alrededor de tres horas de distintas disciplinas deportivas, entre las que destacaron la zumba, spinning, karate, b\u00e1squetbol y escalada, entre varias otras.<\/p>\n<figure id=\"attachment_45151\" aria-describedby=\"caption-attachment-45151\" style=\"width: 529px\" class=\"wp-caption alignnone\"><a href=\"https:\/\/i0.wp.com\/www.eltrabajo.cl\/portal\/wp-content\/uploads\/2014\/04\/Deporte2.jpg\"><img data-recalc-dims=\"1\" loading=\"lazy\" decoding=\"async\" class=\"size-full wp-image-45151\" alt=\"COMO LOCOS.- Aunque el d\u00eda comenz\u00f3 bastante fr\u00edo, eso no fue impedimento para que el deporte se tomara la Escuela 21 de Mayo.\" src=\"https:\/\/i0.wp.com\/www.eltrabajo.cl\/portal\/wp-content\/uploads\/2014\/04\/Deporte2.jpg?resize=529%2C363\" width=\"529\" height=\"363\" srcset=\"https:\/\/i0.wp.com\/eltrabajo.cl\/portal\/wp-content\/uploads\/2014\/04\/Deporte2.jpg?w=529&amp;ssl=1 529w, https:\/\/i0.wp.com\/eltrabajo.cl\/portal\/wp-content\/uploads\/2014\/04\/Deporte2.jpg?resize=200%2C137&amp;ssl=1 200w, https:\/\/i0.wp.com\/eltrabajo.cl\/portal\/wp-content\/uploads\/2014\/04\/Deporte2.jpg?resize=300%2C205&amp;ssl=1 300w, https:\/\/i0.wp.com\/eltrabajo.cl\/portal\/wp-content\/uploads\/2014\/04\/Deporte2.jpg?resize=150%2C102&amp;ssl=1 150w, https:\/\/i0.wp.com\/eltrabajo.cl\/portal\/wp-content\/uploads\/2014\/04\/Deporte2.jpg?resize=400%2C274&amp;ssl=1 400w\" sizes=\"auto, (max-width: 529px) 100vw, 529px\" \/><\/a><figcaption id=\"caption-attachment-45151\" class=\"wp-caption-text\">COMO LOCOS.- Aunque el d\u00eda comenz\u00f3 bastante fr\u00edo, eso no fue impedimento para que el deporte se tomara la Escuela 21 de Mayo.<\/figcaption><\/figure>\n<p>&nbsp;<\/p>\n","protected":false},"excerpt":{"rendered":"<p>Este lunes las celebraciones del D\u00eda Mundial de la Actividad deportiva continuaron en algunas escuelas de nuestra provincia, una de esas escuelas municipalizadas es la de la localidad de 21 de Mayo,&#8230;<\/p>\n","protected":false},"author":482,"featured_media":45150,"comment_status":"open","ping_status":"closed","sticky":false,"template":"","format":"standard","meta":{"advanced_seo_description":"","jetpack_seo_html_title":"","jetpack_seo_noindex":false,"_jetpack_memberships_contains_paid_content":false,"footnotes":""},"categories":[15],"tags":[],"class_list":["post-45149","post","type-post","status-publish","format-standard","has-post-thumbnail","hentry","category-comunidad"],"jetpack_featured_media_url":"https:\/\/i0.wp.com\/eltrabajo.cl\/portal\/wp-content\/uploads\/2014\/04\/Deporte11.jpg?fit=529%2C366&ssl=1","jetpack_sharing_enabled":true,"jetpack_likes_enabled":true,"jetpack-related-posts":[],"_links":{"self":[{"href":"https:\/\/eltrabajo.cl\/portal\/wp-json\/wp\/v2\/posts\/45149","targetHints":{"allow":["GET"]}}],"collection":[{"href":"https:\/\/eltrabajo.cl\/portal\/wp-json\/wp\/v2\/posts"}],"about":[{"href":"https:\/\/eltrabajo.cl\/portal\/wp-json\/wp\/v2\/types\/post"}],"author":[{"embeddable":true,"href":"https:\/\/eltrabajo.cl\/portal\/wp-json\/wp\/v2\/users\/482"}],"replies":[{"embeddable":true,"href":"https:\/\/eltrabajo.cl\/portal\/wp-json\/wp\/v2\/comments?post=45149"}],"version-history":[{"count":0,"href":"https:\/\/eltrabajo.cl\/portal\/wp-json\/wp\/v2\/posts\/45149\/revisions"}],"wp:featuredmedia":[{"embeddable":true,"href":"https:\/\/eltrabajo.cl\/portal\/wp-json\/wp\/v2\/media\/45150"}],"wp:attachment":[{"href":"https:\/\/eltrabajo.cl\/portal\/wp-json\/wp\/v2\/media?parent=45149"}],"wp:term":[{"taxonomy":"category","embeddable":true,"href":"https:\/\/eltrabajo.cl\/portal\/wp-json\/wp\/v2\/categories?post=45149"},{"taxonomy":"post_tag","embeddable":true,"href":"https:\/\/eltrabajo.cl\/portal\/wp-json\/wp\/v2\/tags?post=45149"}],"curies":[{"name":"wp","href":"https:\/\/api.w.org\/{rel}","templated":true}]}}