{"id":45154,"date":"2014-04-08T09:36:29","date_gmt":"2014-04-08T12:36:29","guid":{"rendered":"http:\/\/www.eltrabajo.cl\/portal\/?p=45154"},"modified":"2014-04-08T09:36:29","modified_gmt":"2014-04-08T12:36:29","slug":"en-centenario-continuan-campana-para-evitar-antena-de-telefonia-movil","status":"publish","type":"post","link":"https:\/\/eltrabajo.cl\/portal\/en-centenario-continuan-campana-para-evitar-antena-de-telefonia-movil\/","title":{"rendered":"En Centenario contin\u00faan campa\u00f1a para evitar antena de telefon\u00eda m\u00f3vil"},"content":{"rendered":"<figure id=\"attachment_45155\" aria-describedby=\"caption-attachment-45155\" style=\"width: 528px\" class=\"wp-caption alignnone\"><a href=\"https:\/\/i0.wp.com\/www.eltrabajo.cl\/portal\/wp-content\/uploads\/2014\/04\/dirigentas-centenario.jpg\"><img data-recalc-dims=\"1\" loading=\"lazy\" decoding=\"async\" class=\"size-full wp-image-45155\" alt=\"Las dirigentes de la junta de vecinos del sector, encabezadas por su presidenta Nancy Salinas, quieren concientizar a la comunidad y autoridades sobre los riesgos de la instalaci\u00f3n de estas antenas en barrios residenciales.\" src=\"https:\/\/i0.wp.com\/www.eltrabajo.cl\/portal\/wp-content\/uploads\/2014\/04\/dirigentas-centenario.jpg?resize=528%2C358\" width=\"528\" height=\"358\" srcset=\"https:\/\/i0.wp.com\/eltrabajo.cl\/portal\/wp-content\/uploads\/2014\/04\/dirigentas-centenario.jpg?w=528&amp;ssl=1 528w, https:\/\/i0.wp.com\/eltrabajo.cl\/portal\/wp-content\/uploads\/2014\/04\/dirigentas-centenario.jpg?resize=200%2C135&amp;ssl=1 200w, https:\/\/i0.wp.com\/eltrabajo.cl\/portal\/wp-content\/uploads\/2014\/04\/dirigentas-centenario.jpg?resize=300%2C203&amp;ssl=1 300w, https:\/\/i0.wp.com\/eltrabajo.cl\/portal\/wp-content\/uploads\/2014\/04\/dirigentas-centenario.jpg?resize=150%2C101&amp;ssl=1 150w, https:\/\/i0.wp.com\/eltrabajo.cl\/portal\/wp-content\/uploads\/2014\/04\/dirigentas-centenario.jpg?resize=400%2C271&amp;ssl=1 400w\" sizes=\"auto, (max-width: 528px) 100vw, 528px\" \/><\/a><figcaption id=\"caption-attachment-45155\" class=\"wp-caption-text\">Las dirigentes de la junta de vecinos del sector, encabezadas por su presidenta Nancy Salinas, quieren concientizar a la comunidad y autoridades sobre los riesgos de la instalaci\u00f3n de estas antenas en barrios residenciales.<\/figcaption><\/figure>\n<ul>\n<li><strong>Exhibir\u00e1n un video con las consecuencias que acarrean las ondas electromagn\u00e9ticas a la salud de las personas.<\/strong><\/li>\n<\/ul>\n<p><strong>LOS ANDES.<\/strong>&#8211; Con una marcha y la posterior exhibici\u00f3n de un video con los riesgos que implican las ondas electromagn\u00e9ticas para la salud humana, los vecinos del barrio Centenario continuar\u00e1n con su campa\u00f1a para evitar la instalaci\u00f3n de una antena de telefon\u00eda m\u00f3vil en calle Paraguay.<\/p>\n<p>La presidenta de la junta de vecinos del sector, Nancy Salinas, indic\u00f3 que quieren concientizar a la comunidad andina y tambi\u00e9n a las autoridades sobre los riesgos que implica la instalaci\u00f3n de estas antenas en barrios residenciales, sobre todo en Centenario donde existe una mayor poblaci\u00f3n de adultos mayores.<\/p>\n<p>Manifest\u00f3 que la marcha partir\u00e1 desde su sede ubicada en calle Rep\u00fablica Argentina N\u00ba 177 para llegar hasta el lugar donde se pretende instalar la antena y as\u00ed motivar a la comunidad para su rechazo.<\/p>\n<p>No obstante, dijo que est\u00e1n plenamente conscientes de que si la empresa Entel cumple con todos los requisitos legales, no podr\u00e1n oponerse a que sea levantada.<\/p>\n<p>Es por ello que como junta de vecinos enviaron una carta al Alcalde Navarro y al concejo municipal para que se realice un plan regulador que identifique cu\u00e1les son las zonas en las que se pueden levantar las antenas y cu\u00e1les no.<\/p>\n<p>&nbsp;<\/p>\n","protected":false},"excerpt":{"rendered":"<p>Exhibir\u00e1n un video con las consecuencias que acarrean las ondas electromagn\u00e9ticas a la salud de las personas. LOS ANDES.&#8211; Con una marcha y la posterior exhibici\u00f3n de un video con los riesgos&#8230;<\/p>\n","protected":false},"author":482,"featured_media":45155,"comment_status":"open","ping_status":"closed","sticky":false,"template":"","format":"standard","meta":{"advanced_seo_description":"","jetpack_seo_html_title":"","jetpack_seo_noindex":false,"_jetpack_memberships_contains_paid_content":false,"footnotes":""},"categories":[15],"tags":[],"class_list":["post-45154","post","type-post","status-publish","format-standard","has-post-thumbnail","hentry","category-comunidad"],"jetpack_featured_media_url":"https:\/\/i0.wp.com\/eltrabajo.cl\/portal\/wp-content\/uploads\/2014\/04\/dirigentas-centenario.jpg?fit=528%2C358&ssl=1","jetpack_sharing_enabled":true,"jetpack_likes_enabled":true,"jetpack-related-posts":[],"_links":{"self":[{"href":"https:\/\/eltrabajo.cl\/portal\/wp-json\/wp\/v2\/posts\/45154","targetHints":{"allow":["GET"]}}],"collection":[{"href":"https:\/\/eltrabajo.cl\/portal\/wp-json\/wp\/v2\/posts"}],"about":[{"href":"https:\/\/eltrabajo.cl\/portal\/wp-json\/wp\/v2\/types\/post"}],"author":[{"embeddable":true,"href":"https:\/\/eltrabajo.cl\/portal\/wp-json\/wp\/v2\/users\/482"}],"replies":[{"embeddable":true,"href":"https:\/\/eltrabajo.cl\/portal\/wp-json\/wp\/v2\/comments?post=45154"}],"version-history":[{"count":0,"href":"https:\/\/eltrabajo.cl\/portal\/wp-json\/wp\/v2\/posts\/45154\/revisions"}],"wp:featuredmedia":[{"embeddable":true,"href":"https:\/\/eltrabajo.cl\/portal\/wp-json\/wp\/v2\/media\/45155"}],"wp:attachment":[{"href":"https:\/\/eltrabajo.cl\/portal\/wp-json\/wp\/v2\/media?parent=45154"}],"wp:term":[{"taxonomy":"category","embeddable":true,"href":"https:\/\/eltrabajo.cl\/portal\/wp-json\/wp\/v2\/categories?post=45154"},{"taxonomy":"post_tag","embeddable":true,"href":"https:\/\/eltrabajo.cl\/portal\/wp-json\/wp\/v2\/tags?post=45154"}],"curies":[{"name":"wp","href":"https:\/\/api.w.org\/{rel}","templated":true}]}}