{"id":45157,"date":"2014-04-08T09:41:37","date_gmt":"2014-04-08T12:41:37","guid":{"rendered":"http:\/\/www.eltrabajo.cl\/portal\/?p=45157"},"modified":"2014-04-08T09:41:37","modified_gmt":"2014-04-08T12:41:37","slug":"mcgyver-chileno-y-reparador-de-parlantes-fabrico-un-cargador-de-imanes","status":"publish","type":"post","link":"https:\/\/eltrabajo.cl\/portal\/mcgyver-chileno-y-reparador-de-parlantes-fabrico-un-cargador-de-imanes\/","title":{"rendered":"\u2018McGyver\u2019 chileno y reparador de parlantes fabric\u00f3 un cargador de imanes"},"content":{"rendered":"<figure id=\"attachment_45158\" aria-describedby=\"caption-attachment-45158\" style=\"width: 317px\" class=\"wp-caption alignleft\"><a href=\"https:\/\/i0.wp.com\/www.eltrabajo.cl\/portal\/wp-content\/uploads\/2014\/04\/CargadordeIman.jpg\"><img data-recalc-dims=\"1\" loading=\"lazy\" decoding=\"async\" class=\" wp-image-45158 \" alt=\"McGYVER CHILENO.- Este es el cargador de imanes que con paciencia y mucho ingenio fabric\u00f3 Camilo \u2018Charrito\u2019 D\u00edaz en su casa-bodega en La Pirca de Panquehue.\" src=\"https:\/\/i0.wp.com\/www.eltrabajo.cl\/portal\/wp-content\/uploads\/2014\/04\/CargadordeIman.jpg?resize=317%2C245\" width=\"317\" height=\"245\" srcset=\"https:\/\/i0.wp.com\/eltrabajo.cl\/portal\/wp-content\/uploads\/2014\/04\/CargadordeIman.jpg?w=529&amp;ssl=1 529w, https:\/\/i0.wp.com\/eltrabajo.cl\/portal\/wp-content\/uploads\/2014\/04\/CargadordeIman.jpg?resize=194%2C150&amp;ssl=1 194w, https:\/\/i0.wp.com\/eltrabajo.cl\/portal\/wp-content\/uploads\/2014\/04\/CargadordeIman.jpg?resize=300%2C231&amp;ssl=1 300w, https:\/\/i0.wp.com\/eltrabajo.cl\/portal\/wp-content\/uploads\/2014\/04\/CargadordeIman.jpg?resize=150%2C115&amp;ssl=1 150w, https:\/\/i0.wp.com\/eltrabajo.cl\/portal\/wp-content\/uploads\/2014\/04\/CargadordeIman.jpg?resize=400%2C308&amp;ssl=1 400w\" sizes=\"auto, (max-width: 317px) 100vw, 317px\" \/><\/a><figcaption id=\"caption-attachment-45158\" class=\"wp-caption-text\">McGYVER CHILENO.- Este es el cargador de imanes que con paciencia y mucho ingenio fabric\u00f3 Camilo \u2018Charrito\u2019 D\u00edaz en su casa-bodega en La Pirca de Panquehue.<\/figcaption><\/figure>\n<p><strong>PANQUEHUE<\/strong>.- Es muy dif\u00edcil imaginar una actividad del ser humano en la que no tengamos que utilizar equipos de sonido; parlantes y todo lo relacionado con los efectos sonoros para que estas mismas actividades se desarrollen con \u00e9xito. Los parlantes est\u00e1n en la Telet\u00f3n; en los conciertos musicales; en los discursos de las autoridades; en las ceremonias religiosas y festivales de la chaya.<\/p>\n<p>Si bien es cierto esto viene siendo as\u00ed desde que Antonio Meucci inventara el tel\u00e9fono, como \u00e9ste, casi todos los dispositivos que usan parlantes dependen de peque\u00f1os o grandes imanes, los imanes de estos parlantes generalmente pierden su capacidad magn\u00e9tica cuando se sobrecalientan por su uso, llegando en muchas ocasiones a dejar de funcionar. Esta es la historia de un sanfelipe\u00f1o que invent\u00f3, aunque usted no lo crea, un artefacto capaz de re-cargar los imanes en una fracci\u00f3n de segundo, permitiendo as\u00ed que los parlantes que cre\u00edamos ya material de chatarra, sigan teniendo una vida \u00fatil por muchos a\u00f1os.<\/p>\n<p><strong>\u00a0EL CHARRITO\u00a0CORRALERO<\/strong><\/p>\n<p>Hablamos de Camilo D\u00edaz Carre\u00f1o, nacido en San Felipe el viernes 29 de septiembre de 1950 y ahora vecino de La Pirca, en Panquehue. Diario El Trabajo habl\u00f3 con este inventor y polifac\u00e9tico aconcag\u00fcino durante una visita realizada a su casa-taller, lugar donde \u00e9l repara y recarga imanes y parlantes.<\/p>\n<p>Don Camilo es conocido en nuestro pa\u00eds como \u2018El Charrito corralero\u2019, pues durante mucho tiempo tambi\u00e9n se dedic\u00f3 a brindar soporte a las agrupaciones musicales, repar\u00e1ndoles cuanto artefacto musical a ellos se les da\u00f1ara.<\/p>\n<p><strong>&#8211; \u00bfD\u00f3nde se capacit\u00f3 usted para haber desarrollado estos inventos?<\/strong><\/p>\n<p>&#8211; \u00abYo soy el \u00fanico egresado de la Escuela Industrial Superior de San Felipe que cuento con dos carreras de dicha escuela, termin\u00e9 en 1970 Mec\u00e1nica Industrial y en 1971 la de Electromec\u00e1nica, eso es como un Guinness R\u00e9cord, pues entiendo que la ley no lo permite, a m\u00ed se me permiti\u00f3 ese privilegio\u00bb.<\/p>\n<p><strong>&#8211; \u00bfEn qu\u00e9 ha trabajado usted?<\/strong><\/p>\n<p>&#8211; \u00abYo trabaj\u00e9 como profesor en Educaci\u00f3n T\u00e9cnico-manual en un colegio andino, ah\u00ed se me permiti\u00f3 desarrollar talleres exploratorios y con mis alumnos realizamos muchos trabajos de ciencias\u00bb.<\/p>\n<p><strong>&#8211; \u00bfSiempre fue profesor?<\/strong><\/p>\n<p>&#8211; \u00abNo. Trabaj\u00e9 tambi\u00e9n en otras cosas durante mi juventud, hasta labor\u00e9 como cinco a\u00f1os en la Minera Candelaria de Copiap\u00f3; fabriqu\u00e9 guitarras y reparo hasta las canciones que a veces son hirientes para la Mujer, ya que hago versiones musicales y les quito esas frases en donde a ellas se les denigra\u00bb.<\/p>\n<p><strong>&#8211; \u00bfC\u00f3mo es que logra recargar los imanes?<\/strong><\/p>\n<p>&#8211; \u00abEn cuanto a la recarga de imanes, yo invent\u00e9 un proceso de ionizado magn\u00e9tico con el cual logro cargar por ambas parte a los imanes, no como los imanes de f\u00e1brica, que vienen cargados a la mitad y s\u00f3lo por una parte, regularmente llegan m\u00fasicos para que les repare sus parlantes, tambi\u00e9n invent\u00e9 un \u2018power de sonido\u2019 a 220 v con restos de culatas de motor de motocicletas\u00bb.<\/p>\n<p>\u2018El Charrito corralero\u2019 tambi\u00e9n ha participado en teletones provinciales; fiestas comunales y actividades religiosas. Ha sido premiado por varios municipios de Chile y tuvo tres bellas hijas y un hijo, quienes ahora son profesionales en nuestro pa\u00eds.<\/p>\n<p>Roberto Gonz\u00e1lez Short<\/p>\n<p>diario@eltrabajo.cl<\/p>\n<div class=\"tiled-gallery type-rectangular tiled-gallery-unresized\" data-original-width=\"640\" data-carousel-extra='null' itemscope itemtype=\"http:\/\/schema.org\/ImageGallery\" > <div class=\"gallery-row\" style=\"width: 640px; height: 299px;\" data-original-width=\"640\" data-original-height=\"299\" > <div class=\"gallery-group images-1\" style=\"width: 440px; height: 299px;\" data-original-width=\"440\" data-original-height=\"299\" > <div class=\"tiled-gallery-item tiled-gallery-item-large\" itemprop=\"associatedMedia\" itemscope itemtype=\"http:\/\/schema.org\/ImageObject\"> <a href=\"https:\/\/eltrabajo.cl\/portal\/mcgyver-chileno-y-reparador-de-parlantes-fabrico-un-cargador-de-imanes\/camilo_pujillay\/\" border=\"0\" itemprop=\"url\"> <meta itemprop=\"width\" content=\"436\"> <meta itemprop=\"height\" content=\"295\"> <img decoding=\"async\" class=\"\" data-attachment-id=\"45159\" data-orig-file=\"https:\/\/eltrabajo.cl\/portal\/wp-content\/uploads\/2014\/04\/Camilo_Pujillay.jpg\" data-orig-size=\"529,358\" data-comments-opened=\"1\" data-image-meta=\"{&quot;aperture&quot;:&quot;4.5&quot;,&quot;credit&quot;:&quot;&quot;,&quot;camera&quot;:&quot;NEX-F3&quot;,&quot;caption&quot;:&quot;&quot;,&quot;created_timestamp&quot;:&quot;1396877329&quot;,&quot;copyright&quot;:&quot;&quot;,&quot;focal_length&quot;:&quot;34&quot;,&quot;iso&quot;:&quot;3200&quot;,&quot;shutter_speed&quot;:&quot;0.0125&quot;,&quot;title&quot;:&quot;&quot;}\" data-image-title=\"Camilo_Pujillay\" data-image-description=\"&lt;p&gt;M\u00daSICO TAMBI\u00c9N.- Al centro, con chaleco gris y pantal\u00f3n caf\u00e9, se encuentra Camilo D\u00edaz con el Grupo humor\u00edstico Pujillay, en el Hotel Antofagasta en agosto 1990. \u2018El Charrito\u2019 viaj\u00f3 con artistas por nuestro pa\u00eds como el que todo lo reparaba.&lt;\/p&gt; \" data-medium-file=\"https:\/\/i0.wp.com\/eltrabajo.cl\/portal\/wp-content\/uploads\/2014\/04\/Camilo_Pujillay.jpg?fit=300%2C203&#038;ssl=1\" data-large-file=\"https:\/\/i0.wp.com\/eltrabajo.cl\/portal\/wp-content\/uploads\/2014\/04\/Camilo_Pujillay.jpg?fit=529%2C358&#038;ssl=1\" src=\"https:\/\/i0.wp.com\/eltrabajo.cl\/portal\/wp-content\/uploads\/2014\/04\/Camilo_Pujillay.jpg?w=436&#038;h=295&#038;ssl=1\" srcset=\"https:\/\/i0.wp.com\/eltrabajo.cl\/portal\/wp-content\/uploads\/2014\/04\/Camilo_Pujillay.jpg?w=529&amp;ssl=1 529w, https:\/\/i0.wp.com\/eltrabajo.cl\/portal\/wp-content\/uploads\/2014\/04\/Camilo_Pujillay.jpg?resize=200%2C135&amp;ssl=1 200w, https:\/\/i0.wp.com\/eltrabajo.cl\/portal\/wp-content\/uploads\/2014\/04\/Camilo_Pujillay.jpg?resize=300%2C203&amp;ssl=1 300w, https:\/\/i0.wp.com\/eltrabajo.cl\/portal\/wp-content\/uploads\/2014\/04\/Camilo_Pujillay.jpg?resize=150%2C101&amp;ssl=1 150w, https:\/\/i0.wp.com\/eltrabajo.cl\/portal\/wp-content\/uploads\/2014\/04\/Camilo_Pujillay.jpg?resize=400%2C270&amp;ssl=1 400w\" width=\"436\" height=\"295\" loading=\"lazy\" data-original-width=\"436\" data-original-height=\"295\" itemprop=\"http:\/\/schema.org\/image\" title=\"Camilo_Pujillay\" alt=\"M\u00daSICO TAMBI\u00c9N.- Al centro, con chaleco gris y pantal\u00f3n caf\u00e9, se encuentra Camilo D\u00edaz con el Grupo humor\u00edstico Pujillay, en el Hotel Antofagasta en agosto 1990. \u2018El Charrito\u2019 viaj\u00f3 con artistas por nuestro pa\u00eds como el que todo lo reparaba.\" style=\"width: 436px; height: 295px;\" \/> <\/a> <div class=\"tiled-gallery-caption\" itemprop=\"caption description\"> M\u00daSICO TAMBI\u00c9N.- Al centro, con chaleco gris y pantal\u00f3n caf\u00e9, se encuentra Camilo D\u00edaz con el Grupo humor\u00edstico Pujillay, en el Hotel Antofagasta en agosto 1990. \u2018El Charrito\u2019 viaj\u00f3 con artistas por nuestro pa\u00eds como el que todo lo reparaba. <\/div> <\/div> <\/div> <!-- close group --> <div class=\"gallery-group images-1\" style=\"width: 200px; height: 299px;\" data-original-width=\"200\" data-original-height=\"299\" > <div class=\"tiled-gallery-item tiled-gallery-item-small\" itemprop=\"associatedMedia\" itemscope itemtype=\"http:\/\/schema.org\/ImageObject\"> <a href=\"https:\/\/eltrabajo.cl\/portal\/mcgyver-chileno-y-reparador-de-parlantes-fabrico-un-cargador-de-imanes\/musical1\/\" border=\"0\" itemprop=\"url\"> <meta itemprop=\"width\" content=\"196\"> <meta itemprop=\"height\" content=\"295\"> <img decoding=\"async\" class=\"\" data-attachment-id=\"45160\" data-orig-file=\"https:\/\/eltrabajo.cl\/portal\/wp-content\/uploads\/2014\/04\/Musical1.jpg\" data-orig-size=\"529,796\" data-comments-opened=\"1\" data-image-meta=\"{&quot;aperture&quot;:&quot;4.5&quot;,&quot;credit&quot;:&quot;&quot;,&quot;camera&quot;:&quot;NEX-F3&quot;,&quot;caption&quot;:&quot;&quot;,&quot;created_timestamp&quot;:&quot;1396877280&quot;,&quot;copyright&quot;:&quot;&quot;,&quot;focal_length&quot;:&quot;35&quot;,&quot;iso&quot;:&quot;3200&quot;,&quot;shutter_speed&quot;:&quot;0.00625&quot;,&quot;title&quot;:&quot;&quot;}\" data-image-title=\"Musical1\" data-image-description=\"&lt;p&gt;GUITARRISTA.- Tambi\u00e9n \u2018El Charrito\u2019 es m\u00fasico, \u00e9l supo ganarse a su p\u00fablico en cada una de sus presentaciones en los mejores hoteles de Antofagasta hace ya unos 25 a\u00f1os.&lt;\/p&gt; \" data-medium-file=\"https:\/\/i0.wp.com\/eltrabajo.cl\/portal\/wp-content\/uploads\/2014\/04\/Musical1.jpg?fit=199%2C300&#038;ssl=1\" data-large-file=\"https:\/\/i0.wp.com\/eltrabajo.cl\/portal\/wp-content\/uploads\/2014\/04\/Musical1.jpg?fit=529%2C796&#038;ssl=1\" src=\"https:\/\/i0.wp.com\/eltrabajo.cl\/portal\/wp-content\/uploads\/2014\/04\/Musical1.jpg?w=196&#038;h=295&#038;ssl=1\" srcset=\"https:\/\/i0.wp.com\/eltrabajo.cl\/portal\/wp-content\/uploads\/2014\/04\/Musical1.jpg?w=529&amp;ssl=1 529w, https:\/\/i0.wp.com\/eltrabajo.cl\/portal\/wp-content\/uploads\/2014\/04\/Musical1.jpg?resize=99%2C150&amp;ssl=1 99w, https:\/\/i0.wp.com\/eltrabajo.cl\/portal\/wp-content\/uploads\/2014\/04\/Musical1.jpg?resize=199%2C300&amp;ssl=1 199w, https:\/\/i0.wp.com\/eltrabajo.cl\/portal\/wp-content\/uploads\/2014\/04\/Musical1.jpg?resize=400%2C601&amp;ssl=1 400w\" width=\"196\" height=\"295\" loading=\"lazy\" data-original-width=\"196\" data-original-height=\"295\" itemprop=\"http:\/\/schema.org\/image\" title=\"Musical1\" alt=\"GUITARRISTA.- Tambi\u00e9n \u2018El Charrito\u2019 es m\u00fasico, \u00e9l supo ganarse a su p\u00fablico en cada una de sus presentaciones en los mejores hoteles de Antofagasta hace ya unos 25 a\u00f1os.\" style=\"width: 196px; height: 295px;\" \/> <\/a> <div class=\"tiled-gallery-caption\" itemprop=\"caption description\"> GUITARRISTA.- Tambi\u00e9n \u2018El Charrito\u2019 es m\u00fasico, \u00e9l supo ganarse a su p\u00fablico en cada una de sus presentaciones en los mejores hoteles de Antofagasta hace ya unos 25 a\u00f1os. <\/div> <\/div> <\/div> <!-- close group --> <\/div> <!-- close row --> <div class=\"gallery-row\" style=\"width: 640px; height: 486px;\" data-original-width=\"640\" data-original-height=\"486\" > <div class=\"gallery-group images-1\" style=\"width: 640px; height: 486px;\" data-original-width=\"640\" data-original-height=\"486\" > <div class=\"tiled-gallery-item tiled-gallery-item-large\" itemprop=\"associatedMedia\" itemscope itemtype=\"http:\/\/schema.org\/ImageObject\"> <a href=\"https:\/\/eltrabajo.cl\/portal\/mcgyver-chileno-y-reparador-de-parlantes-fabrico-un-cargador-de-imanes\/power1\/\" border=\"0\" itemprop=\"url\"> <meta itemprop=\"width\" content=\"636\"> <meta itemprop=\"height\" content=\"482\"> <img decoding=\"async\" class=\"\" data-attachment-id=\"45161\" data-orig-file=\"https:\/\/eltrabajo.cl\/portal\/wp-content\/uploads\/2014\/04\/Power1.jpg\" data-orig-size=\"529,401\" data-comments-opened=\"1\" data-image-meta=\"{&quot;aperture&quot;:&quot;3.1&quot;,&quot;credit&quot;:&quot;&quot;,&quot;camera&quot;:&quot;DSC-H100&quot;,&quot;caption&quot;:&quot;&quot;,&quot;created_timestamp&quot;:&quot;1396875330&quot;,&quot;copyright&quot;:&quot;Copyright 2009&quot;,&quot;focal_length&quot;:&quot;4.5&quot;,&quot;iso&quot;:&quot;80&quot;,&quot;shutter_speed&quot;:&quot;0.033333333333333&quot;,&quot;title&quot;:&quot;&quot;}\" data-image-title=\"Power1\" data-image-description=\"&lt;p&gt;REUTILIZA.- Camilo D\u00edaz invent\u00f3 este \u2018power de sonido\u2019 a 220 v con restos de culatas de motor de motocicletas.&lt;\/p&gt; \" data-medium-file=\"https:\/\/i0.wp.com\/eltrabajo.cl\/portal\/wp-content\/uploads\/2014\/04\/Power1.jpg?fit=300%2C227&#038;ssl=1\" data-large-file=\"https:\/\/i0.wp.com\/eltrabajo.cl\/portal\/wp-content\/uploads\/2014\/04\/Power1.jpg?fit=529%2C401&#038;ssl=1\" src=\"https:\/\/i0.wp.com\/eltrabajo.cl\/portal\/wp-content\/uploads\/2014\/04\/Power1.jpg?w=636&#038;h=482&#038;ssl=1\" srcset=\"https:\/\/i0.wp.com\/eltrabajo.cl\/portal\/wp-content\/uploads\/2014\/04\/Power1.jpg?w=529&amp;ssl=1 529w, https:\/\/i0.wp.com\/eltrabajo.cl\/portal\/wp-content\/uploads\/2014\/04\/Power1.jpg?resize=197%2C150&amp;ssl=1 197w, https:\/\/i0.wp.com\/eltrabajo.cl\/portal\/wp-content\/uploads\/2014\/04\/Power1.jpg?resize=300%2C227&amp;ssl=1 300w, https:\/\/i0.wp.com\/eltrabajo.cl\/portal\/wp-content\/uploads\/2014\/04\/Power1.jpg?resize=150%2C113&amp;ssl=1 150w, https:\/\/i0.wp.com\/eltrabajo.cl\/portal\/wp-content\/uploads\/2014\/04\/Power1.jpg?resize=400%2C303&amp;ssl=1 400w\" width=\"636\" height=\"482\" loading=\"lazy\" data-original-width=\"636\" data-original-height=\"482\" itemprop=\"http:\/\/schema.org\/image\" title=\"Power1\" alt=\"REUTILIZA.- Camilo D\u00edaz invent\u00f3 este \u2018power de sonido\u2019 a 220 v con restos de culatas de motor de motocicletas.\" style=\"width: 636px; height: 482px;\" \/> <\/a> <div class=\"tiled-gallery-caption\" itemprop=\"caption description\"> REUTILIZA.- Camilo D\u00edaz invent\u00f3 este \u2018power de sonido\u2019 a 220 v con restos de culatas de motor de motocicletas. <\/div> <\/div> <\/div> <!-- close group --> <\/div> <!-- close row --> <\/div>\n","protected":false},"excerpt":{"rendered":"<p>PANQUEHUE.- Es muy dif\u00edcil imaginar una actividad del ser humano en la que no tengamos que utilizar equipos de sonido; parlantes y todo lo relacionado con los efectos sonoros para que estas&#8230;<\/p>\n","protected":false},"author":482,"featured_media":45158,"comment_status":"open","ping_status":"closed","sticky":false,"template":"","format":"standard","meta":{"advanced_seo_description":"","jetpack_seo_html_title":"","jetpack_seo_noindex":false,"_jetpack_memberships_contains_paid_content":false,"footnotes":""},"categories":[15],"tags":[],"class_list":["post-45157","post","type-post","status-publish","format-standard","has-post-thumbnail","hentry","category-comunidad"],"jetpack_featured_media_url":"https:\/\/i0.wp.com\/eltrabajo.cl\/portal\/wp-content\/uploads\/2014\/04\/CargadordeIman.jpg?fit=529%2C408&ssl=1","jetpack_sharing_enabled":true,"jetpack_likes_enabled":true,"jetpack-related-posts":[],"_links":{"self":[{"href":"https:\/\/eltrabajo.cl\/portal\/wp-json\/wp\/v2\/posts\/45157","targetHints":{"allow":["GET"]}}],"collection":[{"href":"https:\/\/eltrabajo.cl\/portal\/wp-json\/wp\/v2\/posts"}],"about":[{"href":"https:\/\/eltrabajo.cl\/portal\/wp-json\/wp\/v2\/types\/post"}],"author":[{"embeddable":true,"href":"https:\/\/eltrabajo.cl\/portal\/wp-json\/wp\/v2\/users\/482"}],"replies":[{"embeddable":true,"href":"https:\/\/eltrabajo.cl\/portal\/wp-json\/wp\/v2\/comments?post=45157"}],"version-history":[{"count":0,"href":"https:\/\/eltrabajo.cl\/portal\/wp-json\/wp\/v2\/posts\/45157\/revisions"}],"wp:featuredmedia":[{"embeddable":true,"href":"https:\/\/eltrabajo.cl\/portal\/wp-json\/wp\/v2\/media\/45158"}],"wp:attachment":[{"href":"https:\/\/eltrabajo.cl\/portal\/wp-json\/wp\/v2\/media?parent=45157"}],"wp:term":[{"taxonomy":"category","embeddable":true,"href":"https:\/\/eltrabajo.cl\/portal\/wp-json\/wp\/v2\/categories?post=45157"},{"taxonomy":"post_tag","embeddable":true,"href":"https:\/\/eltrabajo.cl\/portal\/wp-json\/wp\/v2\/tags?post=45157"}],"curies":[{"name":"wp","href":"https:\/\/api.w.org\/{rel}","templated":true}]}}