{"id":45164,"date":"2014-04-08T09:44:12","date_gmt":"2014-04-08T12:44:12","guid":{"rendered":"http:\/\/www.eltrabajo.cl\/portal\/?p=45164"},"modified":"2014-04-08T09:44:12","modified_gmt":"2014-04-08T12:44:12","slug":"bafova-inicia-gira-internacional-2014-a-tierras-orientales-del-uruguay","status":"publish","type":"post","link":"https:\/\/eltrabajo.cl\/portal\/bafova-inicia-gira-internacional-2014-a-tierras-orientales-del-uruguay\/","title":{"rendered":"Bafova inicia gira internacional 2014 a tierras orientales del Uruguay"},"content":{"rendered":"<figure id=\"attachment_45165\" aria-describedby=\"caption-attachment-45165\" style=\"width: 529px\" class=\"wp-caption alignnone\"><a href=\"https:\/\/i0.wp.com\/www.eltrabajo.cl\/portal\/wp-content\/uploads\/2014\/04\/Bafova1.jpg\"><img data-recalc-dims=\"1\" loading=\"lazy\" decoding=\"async\" class=\"size-full wp-image-45165\" alt=\"DE EXPORTACI\u00d3N.- Con un total de trece presentaciones fuera de nuestro pa\u00eds, el Ballet Folkl\u00f3rico Valle Aconcagua, Bafova, har\u00e1 su cometido en Uruguay.\" src=\"https:\/\/i0.wp.com\/www.eltrabajo.cl\/portal\/wp-content\/uploads\/2014\/04\/Bafova1.jpg?resize=529%2C381\" width=\"529\" height=\"381\" srcset=\"https:\/\/i0.wp.com\/eltrabajo.cl\/portal\/wp-content\/uploads\/2014\/04\/Bafova1.jpg?w=529&amp;ssl=1 529w, https:\/\/i0.wp.com\/eltrabajo.cl\/portal\/wp-content\/uploads\/2014\/04\/Bafova1.jpg?resize=200%2C144&amp;ssl=1 200w, https:\/\/i0.wp.com\/eltrabajo.cl\/portal\/wp-content\/uploads\/2014\/04\/Bafova1.jpg?resize=300%2C216&amp;ssl=1 300w, https:\/\/i0.wp.com\/eltrabajo.cl\/portal\/wp-content\/uploads\/2014\/04\/Bafova1.jpg?resize=150%2C108&amp;ssl=1 150w, https:\/\/i0.wp.com\/eltrabajo.cl\/portal\/wp-content\/uploads\/2014\/04\/Bafova1.jpg?resize=400%2C288&amp;ssl=1 400w\" sizes=\"auto, (max-width: 529px) 100vw, 529px\" \/><\/a><figcaption id=\"caption-attachment-45165\" class=\"wp-caption-text\">DE EXPORTACI\u00d3N.- Con un total de trece presentaciones fuera de nuestro pa\u00eds, el Ballet Folkl\u00f3rico Valle Aconcagua, Bafova, har\u00e1 su cometido en Uruguay.<\/figcaption><\/figure>\n<p>Con un total de trece presentaciones fuera de nuestro pa\u00eds, el Ballet Folkl\u00f3rico Valle Aconcagua, Bafova, har\u00e1 su cometido en Uruguay, propiamente en diferentes escenarios y teatros de Montevideo, Pirian\u00e1polis, Durazno, Las Piedras y Canelones, adem\u00e1s de ser parte de la 89\u00aa Semana Criolla Fiesta Nacional Costumbrista.<\/p>\n<figure id=\"attachment_45166\" aria-describedby=\"caption-attachment-45166\" style=\"width: 222px\" class=\"wp-caption alignright\"><a href=\"https:\/\/i0.wp.com\/www.eltrabajo.cl\/portal\/wp-content\/uploads\/2014\/04\/Juan-Cabrera.jpg\"><img data-recalc-dims=\"1\" loading=\"lazy\" decoding=\"async\" class=\" wp-image-45166  \" alt=\"Fundador y Director Art\u00edstico de Bafova, Juan Cabrera Fuentes.\" src=\"https:\/\/i0.wp.com\/www.eltrabajo.cl\/portal\/wp-content\/uploads\/2014\/04\/Juan-Cabrera.jpg?resize=222%2C305\" width=\"222\" height=\"305\" srcset=\"https:\/\/i0.wp.com\/eltrabajo.cl\/portal\/wp-content\/uploads\/2014\/04\/Juan-Cabrera.jpg?w=529&amp;ssl=1 529w, https:\/\/i0.wp.com\/eltrabajo.cl\/portal\/wp-content\/uploads\/2014\/04\/Juan-Cabrera.jpg?resize=109%2C150&amp;ssl=1 109w, https:\/\/i0.wp.com\/eltrabajo.cl\/portal\/wp-content\/uploads\/2014\/04\/Juan-Cabrera.jpg?resize=218%2C300&amp;ssl=1 218w, https:\/\/i0.wp.com\/eltrabajo.cl\/portal\/wp-content\/uploads\/2014\/04\/Juan-Cabrera.jpg?resize=400%2C549&amp;ssl=1 400w\" sizes=\"auto, (max-width: 222px) 100vw, 222px\" \/><\/a><figcaption id=\"caption-attachment-45166\" class=\"wp-caption-text\">Fundador y Director Art\u00edstico de Bafova, Juan Cabrera Fuentes.<\/figcaption><\/figure>\n<p>La gira se inicia el domingo 13 de abril y finaliza el d\u00eda 20, con un total de 17 integrantes, el Bafova se presentar\u00e1 en el Teatro Bicentenario en Las piedras y Canelones, presentaci\u00f3n que realizar\u00e1 junto al Ballet Estampas Criollas, instituci\u00f3n que ha hecho esta invitaci\u00f3n para participar y ser parte de los diferentes mega-eventos que su pa\u00eds promueve.<\/p>\n<p><strong>\u00a0CIUDADANOS\u00a0DEL MUNDO<\/strong><\/p>\n<p>Las actividades se centran en el prado lugar que se realiza la 89\u00aa Semana Criolla, donde el elenco deber\u00e1 asumir la responsabilidad de representar a Chile y San Felipe en m\u00e1s de 15 escenarios ante grupos de diferentes lugares del mundo que proyectan la feria costumbrista llena de color, m\u00fasica y tradiciones.<\/p>\n<p>El fundador y Director Art\u00edstico de Bafova, Juan Cabrera Fuentes, nos coment\u00f3 a Diario El Trabajo que \u00abestamos muy contentos y agradecidos con nuestro Alcalde Patricio Freire, por su gran aporte que nos hiciera para poder iniciar los preparativos de esta visita, tambi\u00e9n las gracias al Concejo Municipal, por potenciarnos en cada proceso, a la Daem, la sensibilizaci\u00f3n de las diversas empresas y particulares que se han sumado a nuestra proyecci\u00f3n en el extranjero con aportes significativos de varias empresas y comerciantes de nuestra provincia y a muchos m\u00e1s que han querido ser parte de este nuevo impulso, me encuentro sumamente sorprendido como director y gestor, de promover la cultura y arte con j\u00f3venes, familias y padres con una estructura familiar s\u00f3lida en apoyar a sus hijos que aman el folklore\u00bb.<\/p>\n<p><strong>&#8211; \u00bfDe regreso de su gira, qu\u00e9 eventos o nuevos viajes tiene Bafova proyectados?<\/strong><\/p>\n<p>&#8211; \u00abEn el mes de junio pasamos a nuestra hermana Rep\u00fablica Argentina para ser parte de un mega-evento aniversario del Ballet Aonik\u00e9n De Luj\u00e1n de Cuyo, con quienes hemos compartido grandes momentos. Nos preparamos para el mes de julio para visitar el hermoso pa\u00eds de Costa Rica. Hace mucho que nos est\u00e1n invitando y esta vez s\u00ed estaremos participando de una Itinerancia de 15 d\u00edas en diversos festivales\u00bb.<\/p>\n<p><strong>&#8211; \u00bfCu\u00e1les son los futuros proyectos de Bafova?<\/strong><\/p>\n<p>&#8211; \u00abEste a\u00f1o estamos cumpliendo 18 a\u00f1os de trayectoria, contamos con 2.000 presentaciones que celebraremos el 14 de agosto en el Teatro Municipal, con tres funciones con nuestro VII Encuentro Internacional Itinerante, festival que nace a ra\u00edz de devolver esas excelentes atenciones que grupos extranjero nos brindan a\u00f1o a a\u00f1o, participar\u00e1n Jucuam de Per\u00fa; Senderos de Ibat\u00edn de Tucum\u00e1n, Argentina; R\u00edo Bambas de Ecuador y el Ballet Nacional de Paraguay. Hay agrupaciones que aun est\u00e1n en proceso de confirmaci\u00f3n de acuerdo a nuestra convocatoria y plazos que se tiene para confirmar\u00bb.<\/p>\n<p><strong>&#8211; \u00bfCu\u00e1ntos integrantes tiene en la actualidad Bafova y qui\u00e9nes lo componen?<\/strong><\/p>\n<p>&#8211; \u00abBafova est\u00e1 conformado por estudiantes de la Escuela Jos\u00e9 de San Mart\u00edn E-62 y del Sistema de Educaci\u00f3n Municipal, elencos divididos en Bafova 19 integrantes juvenil; 20 juvenil inicial, e infantil 30, que son nuestros futuros integrantes. Feliz por los logros alcanzados en las \u00e1reas de educaci\u00f3n y el desarrollo ininterrumpido durante estos 18 a\u00f1os de vida y trayectoria, muchas generaciones y alumnos se han formado con nosotros, hoy algunos viajan por el mundo en grandes compa\u00f1\u00edas nacionales y quienes han elegido continuar en la danza\u00bb.<\/p>\n<p>&nbsp;<\/p>\n","protected":false},"excerpt":{"rendered":"<p>Con un total de trece presentaciones fuera de nuestro pa\u00eds, el Ballet Folkl\u00f3rico Valle Aconcagua, Bafova, har\u00e1 su cometido en Uruguay, propiamente en diferentes escenarios y teatros de Montevideo, Pirian\u00e1polis, Durazno, Las&#8230;<\/p>\n","protected":false},"author":482,"featured_media":45165,"comment_status":"open","ping_status":"closed","sticky":false,"template":"","format":"standard","meta":{"advanced_seo_description":"","jetpack_seo_html_title":"","jetpack_seo_noindex":false,"_jetpack_memberships_contains_paid_content":false,"footnotes":""},"categories":[15],"tags":[],"class_list":["post-45164","post","type-post","status-publish","format-standard","has-post-thumbnail","hentry","category-comunidad"],"jetpack_featured_media_url":"https:\/\/i0.wp.com\/eltrabajo.cl\/portal\/wp-content\/uploads\/2014\/04\/Bafova1.jpg?fit=529%2C381&ssl=1","jetpack_sharing_enabled":true,"jetpack_likes_enabled":true,"jetpack-related-posts":[],"_links":{"self":[{"href":"https:\/\/eltrabajo.cl\/portal\/wp-json\/wp\/v2\/posts\/45164","targetHints":{"allow":["GET"]}}],"collection":[{"href":"https:\/\/eltrabajo.cl\/portal\/wp-json\/wp\/v2\/posts"}],"about":[{"href":"https:\/\/eltrabajo.cl\/portal\/wp-json\/wp\/v2\/types\/post"}],"author":[{"embeddable":true,"href":"https:\/\/eltrabajo.cl\/portal\/wp-json\/wp\/v2\/users\/482"}],"replies":[{"embeddable":true,"href":"https:\/\/eltrabajo.cl\/portal\/wp-json\/wp\/v2\/comments?post=45164"}],"version-history":[{"count":0,"href":"https:\/\/eltrabajo.cl\/portal\/wp-json\/wp\/v2\/posts\/45164\/revisions"}],"wp:featuredmedia":[{"embeddable":true,"href":"https:\/\/eltrabajo.cl\/portal\/wp-json\/wp\/v2\/media\/45165"}],"wp:attachment":[{"href":"https:\/\/eltrabajo.cl\/portal\/wp-json\/wp\/v2\/media?parent=45164"}],"wp:term":[{"taxonomy":"category","embeddable":true,"href":"https:\/\/eltrabajo.cl\/portal\/wp-json\/wp\/v2\/categories?post=45164"},{"taxonomy":"post_tag","embeddable":true,"href":"https:\/\/eltrabajo.cl\/portal\/wp-json\/wp\/v2\/tags?post=45164"}],"curies":[{"name":"wp","href":"https:\/\/api.w.org\/{rel}","templated":true}]}}