{"id":45170,"date":"2014-04-08T09:45:29","date_gmt":"2014-04-08T12:45:29","guid":{"rendered":"http:\/\/www.eltrabajo.cl\/portal\/?p=45170"},"modified":"2014-04-08T09:45:29","modified_gmt":"2014-04-08T12:45:29","slug":"internos-transforman-durmiente-en-un-imponente-barco-vikingo","status":"publish","type":"post","link":"https:\/\/eltrabajo.cl\/portal\/internos-transforman-durmiente-en-un-imponente-barco-vikingo\/","title":{"rendered":"Internos transforman durmiente en un imponente barco vikingo"},"content":{"rendered":"<figure id=\"attachment_45171\" aria-describedby=\"caption-attachment-45171\" style=\"width: 529px\" class=\"wp-caption alignnone\"><a href=\"https:\/\/i0.wp.com\/www.eltrabajo.cl\/portal\/wp-content\/uploads\/2014\/04\/BARCO-VIKINGO.jpg\"><img data-recalc-dims=\"1\" loading=\"lazy\" decoding=\"async\" class=\"size-full wp-image-45171\" alt=\"Los internos posan junto a su barco vikingo, trabajo que les demand\u00f3 m\u00e1s de un mes de dedicaci\u00f3n.\" src=\"https:\/\/i0.wp.com\/www.eltrabajo.cl\/portal\/wp-content\/uploads\/2014\/04\/BARCO-VIKINGO.jpg?resize=529%2C358\" width=\"529\" height=\"358\" srcset=\"https:\/\/i0.wp.com\/eltrabajo.cl\/portal\/wp-content\/uploads\/2014\/04\/BARCO-VIKINGO.jpg?w=529&amp;ssl=1 529w, https:\/\/i0.wp.com\/eltrabajo.cl\/portal\/wp-content\/uploads\/2014\/04\/BARCO-VIKINGO.jpg?resize=200%2C135&amp;ssl=1 200w, https:\/\/i0.wp.com\/eltrabajo.cl\/portal\/wp-content\/uploads\/2014\/04\/BARCO-VIKINGO.jpg?resize=300%2C203&amp;ssl=1 300w, https:\/\/i0.wp.com\/eltrabajo.cl\/portal\/wp-content\/uploads\/2014\/04\/BARCO-VIKINGO.jpg?resize=150%2C101&amp;ssl=1 150w, https:\/\/i0.wp.com\/eltrabajo.cl\/portal\/wp-content\/uploads\/2014\/04\/BARCO-VIKINGO.jpg?resize=400%2C270&amp;ssl=1 400w\" sizes=\"auto, (max-width: 529px) 100vw, 529px\" \/><\/a><figcaption id=\"caption-attachment-45171\" class=\"wp-caption-text\">Los internos posan junto a su barco vikingo, trabajo que les demand\u00f3 m\u00e1s de un mes de dedicaci\u00f3n.<\/figcaption><\/figure>\n<ul>\n<li><strong>Reclusos del taller de madera del centro penitenciario de Los Andes se beneficiar\u00e1n de proyecto por medio del cual reemplazar\u00e1n el mobiliario.<\/strong><\/li>\n<\/ul>\n<p><strong>LOS ANDES<\/strong>.- Durante todo un mes Carlos Acevedo y Mario Pacheco, ambos integrantes del taller productivo de madera del Centro de Cumplimiento Penitenciario (CCP) de Los Andes, dedicaron sus ma\u00f1anas exclusivamente a darle vida a un durmiente, logrando crear un barco vikingo lleno de detalles y armas propias de este pueblo n\u00f3rdico.<\/p>\n<p>Carlos lleva tan solo seis meses en el taller y confiesa que \u201ces algo que aprend\u00ed aqu\u00ed en la c\u00e1rcel, fue una oportunidad que me dieron. Con un durmiente le di vida a algo muerto. La idea parti\u00f3 haciendo un barco normal, com\u00fan y corriente, pero como no se dieron las cosas empez\u00f3 la idea de uno vikingo, hasta que naci\u00f3.<\/p>\n<p>\u201cEn la ma\u00f1ana trabajamos desde las diez hasta la una y despu\u00e9s tenemos que ir al colegio desde la una y media hasta las cinco de la tarde. Igual tenemos hartas responsabilidades\u201d, agreg\u00f3 Acevedo.<\/p>\n<p>Es as\u00ed, con un trabajo met\u00f3dico y constante, que Carlos y Mario convierten trozos de madera en verdaderas obras de arte, entre las que se encuentran trenes, veleros y otro tipo de embarcaciones.<\/p>\n<p><strong>INVERSI\u00d3N<\/strong><\/p>\n<p>Estos internos, as\u00ed como los dem\u00e1s integrantes del taller, que llegan a sumar cerca de 60, podr\u00e1n utilizar nuevas maquinarias gracias a que la unidad penitenciaria se adjudic\u00f3 un proyecto cuya inversi\u00f3n alcanza a $2.946.500.<\/p>\n<p>La jefa del \u00e1rea t\u00e9cnica del Centro, Hada Lisana, sostuvo que el dinero ser\u00e1 empleado en la adquisici\u00f3n del mobiliario necesario para que los internos del taller puedan realizar sus labores de la manera adecuada.<\/p>\n<p>\u201cHay que renovar la maquinaria cada cierto tiempo. Adem\u00e1s se adquirir\u00e1n materiales de uso corriente como lo son los set de brocas, martillos, lijas de madera y muchos otros\u201d.<\/p>\n<p>A esta iniciativa se suma la denominada \u201cOrnamentaci\u00f3n y hermoseamiento de espacios educativos\u201d, por medio de la cual se efectuar\u00e1n diversas reparaciones en las salas de clases y su entorno, para lo cual se contar\u00e1 con $1.654.709.<\/p>\n<p>&nbsp;<\/p>\n","protected":false},"excerpt":{"rendered":"<p>Reclusos del taller de madera del centro penitenciario de Los Andes se beneficiar\u00e1n de proyecto por medio del cual reemplazar\u00e1n el mobiliario. LOS ANDES.- Durante todo un mes Carlos Acevedo y Mario&#8230;<\/p>\n","protected":false},"author":482,"featured_media":45171,"comment_status":"open","ping_status":"closed","sticky":false,"template":"","format":"standard","meta":{"advanced_seo_description":"","jetpack_seo_html_title":"","jetpack_seo_noindex":false,"_jetpack_memberships_contains_paid_content":false,"footnotes":""},"categories":[15],"tags":[],"class_list":["post-45170","post","type-post","status-publish","format-standard","has-post-thumbnail","hentry","category-comunidad"],"jetpack_featured_media_url":"https:\/\/i0.wp.com\/eltrabajo.cl\/portal\/wp-content\/uploads\/2014\/04\/BARCO-VIKINGO.jpg?fit=529%2C358&ssl=1","jetpack_sharing_enabled":true,"jetpack_likes_enabled":true,"jetpack-related-posts":[],"_links":{"self":[{"href":"https:\/\/eltrabajo.cl\/portal\/wp-json\/wp\/v2\/posts\/45170","targetHints":{"allow":["GET"]}}],"collection":[{"href":"https:\/\/eltrabajo.cl\/portal\/wp-json\/wp\/v2\/posts"}],"about":[{"href":"https:\/\/eltrabajo.cl\/portal\/wp-json\/wp\/v2\/types\/post"}],"author":[{"embeddable":true,"href":"https:\/\/eltrabajo.cl\/portal\/wp-json\/wp\/v2\/users\/482"}],"replies":[{"embeddable":true,"href":"https:\/\/eltrabajo.cl\/portal\/wp-json\/wp\/v2\/comments?post=45170"}],"version-history":[{"count":0,"href":"https:\/\/eltrabajo.cl\/portal\/wp-json\/wp\/v2\/posts\/45170\/revisions"}],"wp:featuredmedia":[{"embeddable":true,"href":"https:\/\/eltrabajo.cl\/portal\/wp-json\/wp\/v2\/media\/45171"}],"wp:attachment":[{"href":"https:\/\/eltrabajo.cl\/portal\/wp-json\/wp\/v2\/media?parent=45170"}],"wp:term":[{"taxonomy":"category","embeddable":true,"href":"https:\/\/eltrabajo.cl\/portal\/wp-json\/wp\/v2\/categories?post=45170"},{"taxonomy":"post_tag","embeddable":true,"href":"https:\/\/eltrabajo.cl\/portal\/wp-json\/wp\/v2\/tags?post=45170"}],"curies":[{"name":"wp","href":"https:\/\/api.w.org\/{rel}","templated":true}]}}