{"id":45173,"date":"2014-04-08T09:46:54","date_gmt":"2014-04-08T12:46:54","guid":{"rendered":"http:\/\/www.eltrabajo.cl\/portal\/?p=45173"},"modified":"2014-04-08T09:46:54","modified_gmt":"2014-04-08T12:46:54","slug":"mujer-con-discapacidad-acusa-maltrato-de-personal-de-chilquinta","status":"publish","type":"post","link":"https:\/\/eltrabajo.cl\/portal\/mujer-con-discapacidad-acusa-maltrato-de-personal-de-chilquinta\/","title":{"rendered":"Mujer con discapacidad acusa maltrato de personal de Chilquinta"},"content":{"rendered":"<figure id=\"attachment_45174\" aria-describedby=\"caption-attachment-45174\" style=\"width: 370px\" class=\"wp-caption alignleft\"><a href=\"https:\/\/i0.wp.com\/www.eltrabajo.cl\/portal\/wp-content\/uploads\/2014\/04\/monica-vidal-denuncia-a-chilquinta-1.jpg\"><img data-recalc-dims=\"1\" loading=\"lazy\" decoding=\"async\" class=\" wp-image-45174 \" alt=\"La se\u00f1ora M\u00f3nica Vidal asegura que su casa la tuvo en arriendo, siendo los arrendatarios los que no cumplieron con pagar la energ\u00eda el\u00e9ctrica.\" src=\"https:\/\/i0.wp.com\/www.eltrabajo.cl\/portal\/wp-content\/uploads\/2014\/04\/monica-vidal-denuncia-a-chilquinta-1.jpg?resize=370%2C251\" width=\"370\" height=\"251\" srcset=\"https:\/\/i0.wp.com\/eltrabajo.cl\/portal\/wp-content\/uploads\/2014\/04\/monica-vidal-denuncia-a-chilquinta-1.jpg?w=529&amp;ssl=1 529w, https:\/\/i0.wp.com\/eltrabajo.cl\/portal\/wp-content\/uploads\/2014\/04\/monica-vidal-denuncia-a-chilquinta-1.jpg?resize=200%2C135&amp;ssl=1 200w, https:\/\/i0.wp.com\/eltrabajo.cl\/portal\/wp-content\/uploads\/2014\/04\/monica-vidal-denuncia-a-chilquinta-1.jpg?resize=300%2C203&amp;ssl=1 300w, https:\/\/i0.wp.com\/eltrabajo.cl\/portal\/wp-content\/uploads\/2014\/04\/monica-vidal-denuncia-a-chilquinta-1.jpg?resize=150%2C101&amp;ssl=1 150w, https:\/\/i0.wp.com\/eltrabajo.cl\/portal\/wp-content\/uploads\/2014\/04\/monica-vidal-denuncia-a-chilquinta-1.jpg?resize=400%2C270&amp;ssl=1 400w\" sizes=\"auto, (max-width: 370px) 100vw, 370px\" \/><\/a><figcaption id=\"caption-attachment-45174\" class=\"wp-caption-text\">La se\u00f1ora M\u00f3nica Vidal asegura que su casa la tuvo en arriendo, siendo los arrendatarios los que no cumplieron con pagar la energ\u00eda el\u00e9ctrica.<\/figcaption><\/figure>\n<p>M\u00f3nica Vidal es una vecina de la comuna de San Esteban que el a\u00f1o 2010 arrend\u00f3 una vivienda a unas personas que no solo no le pagaron su arriendo, sino que adem\u00e1s le quedaron debiendo una abultada cuenta de suministro el\u00e9ctrico.<\/p>\n<p>La afectada asegura haberse acercado hasta las oficinas de Chilquinta Energ\u00eda en San Felipe donde le explicaron que la deuda suma ya cerca del mill\u00f3n de pesos y donde no le informaron otra forma de pago que no fuera abonar un mill\u00f3n en efectivo.<\/p>\n<p>El problema es que la mujer acusa malos tratos verbales para explicarle los pasos a seguir, por lo que decidi\u00f3 denunciar lo ocurrido a Diario El Trabajo.<\/p>\n<p>\u201cYo vivo en el Cari\u00f1o Botado, tengo artrosis en las dos piernas y adem\u00e1s soy asm\u00e1tica. Vine con buenas palabras a pedir una ayuda para pagar la deuda con alguna facilidad, pero la se\u00f1orita que me atendi\u00f3 me trat\u00f3 muy mal y no me dio una soluci\u00f3n, sino que me dijo que me fuera de all\u00ed y volviera con el mill\u00f3n de pesos. Entonces fui a decirle a un guardia y \u00e9l me dijo que pagara y ah\u00ed reci\u00e9n volviera. Despu\u00e9s me ech\u00f3 con malas palabras\u201d, relat\u00f3 la afligida mujer.<\/p>\n<p>Una testigo de la situaci\u00f3n, acompa\u00f1\u00f3 a la se\u00f1ora M\u00f3nica hasta las oficinas de Diario El Trabajo para dar fe de lo que relataba la se\u00f1ora, explicando que efectivamente \u201cel guardia trat\u00f3 muy mal a la se\u00f1ora\u201d.<\/p>\n<p>Diario El Trabajo intent\u00f3 tomar contacto con la gerencia de Chilquinta, pero hasta el cierre de esta edici\u00f3n no fue posible obtener una versi\u00f3n de lo sucedido. Nuestro medio intent\u00f3 conocer en l\u00ednea la situaci\u00f3n de mora de la denunciante, pero en la p\u00e1gina de Chilquinta el n\u00famero de cliente que exhibe la cuenta de la se\u00f1ora M\u00f3nica no figura como vigente.<\/p>\n<p>&nbsp;<\/p>\n","protected":false},"excerpt":{"rendered":"<p>M\u00f3nica Vidal es una vecina de la comuna de San Esteban que el a\u00f1o 2010 arrend\u00f3 una vivienda a unas personas que no solo no le pagaron su arriendo, sino que adem\u00e1s&#8230;<\/p>\n","protected":false},"author":482,"featured_media":45174,"comment_status":"open","ping_status":"closed","sticky":false,"template":"","format":"standard","meta":{"advanced_seo_description":"","jetpack_seo_html_title":"","jetpack_seo_noindex":false,"_jetpack_memberships_contains_paid_content":false,"footnotes":""},"categories":[15],"tags":[],"class_list":["post-45173","post","type-post","status-publish","format-standard","has-post-thumbnail","hentry","category-comunidad"],"jetpack_featured_media_url":"https:\/\/i0.wp.com\/eltrabajo.cl\/portal\/wp-content\/uploads\/2014\/04\/monica-vidal-denuncia-a-chilquinta-1.jpg?fit=529%2C358&ssl=1","jetpack_sharing_enabled":true,"jetpack_likes_enabled":true,"jetpack-related-posts":[],"_links":{"self":[{"href":"https:\/\/eltrabajo.cl\/portal\/wp-json\/wp\/v2\/posts\/45173","targetHints":{"allow":["GET"]}}],"collection":[{"href":"https:\/\/eltrabajo.cl\/portal\/wp-json\/wp\/v2\/posts"}],"about":[{"href":"https:\/\/eltrabajo.cl\/portal\/wp-json\/wp\/v2\/types\/post"}],"author":[{"embeddable":true,"href":"https:\/\/eltrabajo.cl\/portal\/wp-json\/wp\/v2\/users\/482"}],"replies":[{"embeddable":true,"href":"https:\/\/eltrabajo.cl\/portal\/wp-json\/wp\/v2\/comments?post=45173"}],"version-history":[{"count":0,"href":"https:\/\/eltrabajo.cl\/portal\/wp-json\/wp\/v2\/posts\/45173\/revisions"}],"wp:featuredmedia":[{"embeddable":true,"href":"https:\/\/eltrabajo.cl\/portal\/wp-json\/wp\/v2\/media\/45174"}],"wp:attachment":[{"href":"https:\/\/eltrabajo.cl\/portal\/wp-json\/wp\/v2\/media?parent=45173"}],"wp:term":[{"taxonomy":"category","embeddable":true,"href":"https:\/\/eltrabajo.cl\/portal\/wp-json\/wp\/v2\/categories?post=45173"},{"taxonomy":"post_tag","embeddable":true,"href":"https:\/\/eltrabajo.cl\/portal\/wp-json\/wp\/v2\/tags?post=45173"}],"curies":[{"name":"wp","href":"https:\/\/api.w.org\/{rel}","templated":true}]}}