{"id":45177,"date":"2014-04-08T09:48:52","date_gmt":"2014-04-08T12:48:52","guid":{"rendered":"http:\/\/www.eltrabajo.cl\/portal\/?p=45177"},"modified":"2014-04-08T09:48:52","modified_gmt":"2014-04-08T12:48:52","slug":"trabajador-denuncia-discriminacion-al-solicitar-empleo-en-obras-del-psiquiatrico","status":"publish","type":"post","link":"https:\/\/eltrabajo.cl\/portal\/trabajador-denuncia-discriminacion-al-solicitar-empleo-en-obras-del-psiquiatrico\/","title":{"rendered":"Trabajador denuncia discriminaci\u00f3n al solicitar empleo en obras del Psiqui\u00e1trico"},"content":{"rendered":"<figure id=\"attachment_45178\" aria-describedby=\"caption-attachment-45178\" style=\"width: 317px\" class=\"wp-caption alignleft\"><a href=\"https:\/\/i0.wp.com\/www.eltrabajo.cl\/portal\/wp-content\/uploads\/2014\/04\/jose-silva-denuncia-discriminacion.jpg\"><img data-recalc-dims=\"1\" loading=\"lazy\" decoding=\"async\" class=\" wp-image-45178 \" alt=\"Jos\u00e9 Silva Vergara (57), fue discriminado por pertener al antiguo sistema previsional. La empresa, en todo caso, rectific\u00f3 el error y pidi\u00f3 disculpas al trabajador.\" src=\"https:\/\/i0.wp.com\/www.eltrabajo.cl\/portal\/wp-content\/uploads\/2014\/04\/jose-silva-denuncia-discriminacion.jpg?resize=317%2C215\" width=\"317\" height=\"215\" srcset=\"https:\/\/i0.wp.com\/eltrabajo.cl\/portal\/wp-content\/uploads\/2014\/04\/jose-silva-denuncia-discriminacion.jpg?w=528&amp;ssl=1 528w, https:\/\/i0.wp.com\/eltrabajo.cl\/portal\/wp-content\/uploads\/2014\/04\/jose-silva-denuncia-discriminacion.jpg?resize=200%2C135&amp;ssl=1 200w, https:\/\/i0.wp.com\/eltrabajo.cl\/portal\/wp-content\/uploads\/2014\/04\/jose-silva-denuncia-discriminacion.jpg?resize=300%2C203&amp;ssl=1 300w, https:\/\/i0.wp.com\/eltrabajo.cl\/portal\/wp-content\/uploads\/2014\/04\/jose-silva-denuncia-discriminacion.jpg?resize=150%2C101&amp;ssl=1 150w, https:\/\/i0.wp.com\/eltrabajo.cl\/portal\/wp-content\/uploads\/2014\/04\/jose-silva-denuncia-discriminacion.jpg?resize=400%2C271&amp;ssl=1 400w\" sizes=\"auto, (max-width: 317px) 100vw, 317px\" \/><\/a><figcaption id=\"caption-attachment-45178\" class=\"wp-caption-text\">Jos\u00e9 Silva Vergara (57), fue discriminado por pertener al antiguo sistema previsional. La empresa, en todo caso, rectific\u00f3 el error y pidi\u00f3 disculpas al trabajador.<\/figcaption><\/figure>\n<ul>\n<li><strong>Empresa denunciada corrigi\u00f3 de inmediato error de empleado administrativo y pidi\u00f3 disculpas al trabajador.<\/strong><\/li>\n<\/ul>\n<p><strong>PUTAENDO.-\u00a0<\/strong> Jos\u00e9 Silva Vergara, de 57 a\u00f1os de edad, vecino del sector Las Coimas, asegur\u00f3 que fue discriminado por ejecutivos de la Empresa Pixel cuando fue a pedir empleo para las obras de remodelaci\u00f3n del Hospital Psiqui\u00e1trico de Putaendo.<\/p>\n<p>El trabajador asegura que cuando se dirigi\u00f3 a solicitar trabajo como carpintero, le realizaron una evaluaci\u00f3n que aprob\u00f3 sin mayores inconvenientes y que incluso ya le hab\u00edan indicado que obtuvo el empleo, sin embargo, el inconveniente surgi\u00f3 cuando un administrativo de la empresa le se\u00f1al\u00f3 que lamentablemente no pod\u00eda entrar a trabajar a la obra pues a\u00fan pertenece al antiguo sistema de previsi\u00f3n social (INP) y que esto obedec\u00eda a una pol\u00edtica de la empresa.<\/p>\n<p>Jos\u00e9 Silva asegura que es primera vez que sufre este inconveniente y afirm\u00f3 que se siente discriminado, pues le coartan la libertad de trabajar, ya que necesita con suma urgencia una fuente laboral para mantener a su familia y considera sentirse capacitado para desempe\u00f1ar un buen trabajo, adem\u00e1s no entiende como su situaci\u00f3n previsional se transforma en un inconveniente para poder trabajar, por lo que asegur\u00f3 que literalmente la empresa le cort\u00f3 los brazos al negarle la oportunidad de entrar a trabajar en las obras de remodelaci\u00f3n del Philippe Pinel.<\/p>\n<p>Con esta denuncia, Diario El Trabajo acudi\u00f3 hasta las obras de remodelaci\u00f3n del Hospital Psiqui\u00e1trico y se entrevist\u00f3 con el residente y encargado de la obra, Jos\u00e9 de la Rosa, que luego de recopilar los antecedentes reconoci\u00f3 que se trat\u00f3 de un lamentable error por parte de un administrativo, ya que la empresa cuando recibe a trabajadores que a\u00fan est\u00e1n adscritos al INP, cotizan su previsi\u00f3n en la AFP Modelo, justamente con la finalidad de otorgarles una oportunidad laboral, por lo que ofreci\u00f3 disculpas p\u00fablicas al trabajador y su familia, adem\u00e1s de indicar que Jos\u00e9 Silva no tiene problemas para entrar a trabajar y que se presente nuevamente en la obra donde ser\u00e1 recibido en forma inmediata.<\/p>\n<p>Patricio Gallardo M.<\/p>\n","protected":false},"excerpt":{"rendered":"<p>Empresa denunciada corrigi\u00f3 de inmediato error de empleado administrativo y pidi\u00f3 disculpas al trabajador. PUTAENDO.-\u00a0 Jos\u00e9 Silva Vergara, de 57 a\u00f1os de edad, vecino del sector Las Coimas, asegur\u00f3 que fue discriminado&#8230;<\/p>\n","protected":false},"author":482,"featured_media":45178,"comment_status":"open","ping_status":"closed","sticky":false,"template":"","format":"standard","meta":{"advanced_seo_description":"","jetpack_seo_html_title":"","jetpack_seo_noindex":false,"_jetpack_memberships_contains_paid_content":false,"footnotes":""},"categories":[15],"tags":[],"class_list":["post-45177","post","type-post","status-publish","format-standard","has-post-thumbnail","hentry","category-comunidad"],"jetpack_featured_media_url":"https:\/\/i0.wp.com\/eltrabajo.cl\/portal\/wp-content\/uploads\/2014\/04\/jose-silva-denuncia-discriminacion.jpg?fit=528%2C358&ssl=1","jetpack_sharing_enabled":true,"jetpack_likes_enabled":true,"jetpack-related-posts":[],"_links":{"self":[{"href":"https:\/\/eltrabajo.cl\/portal\/wp-json\/wp\/v2\/posts\/45177","targetHints":{"allow":["GET"]}}],"collection":[{"href":"https:\/\/eltrabajo.cl\/portal\/wp-json\/wp\/v2\/posts"}],"about":[{"href":"https:\/\/eltrabajo.cl\/portal\/wp-json\/wp\/v2\/types\/post"}],"author":[{"embeddable":true,"href":"https:\/\/eltrabajo.cl\/portal\/wp-json\/wp\/v2\/users\/482"}],"replies":[{"embeddable":true,"href":"https:\/\/eltrabajo.cl\/portal\/wp-json\/wp\/v2\/comments?post=45177"}],"version-history":[{"count":0,"href":"https:\/\/eltrabajo.cl\/portal\/wp-json\/wp\/v2\/posts\/45177\/revisions"}],"wp:featuredmedia":[{"embeddable":true,"href":"https:\/\/eltrabajo.cl\/portal\/wp-json\/wp\/v2\/media\/45178"}],"wp:attachment":[{"href":"https:\/\/eltrabajo.cl\/portal\/wp-json\/wp\/v2\/media?parent=45177"}],"wp:term":[{"taxonomy":"category","embeddable":true,"href":"https:\/\/eltrabajo.cl\/portal\/wp-json\/wp\/v2\/categories?post=45177"},{"taxonomy":"post_tag","embeddable":true,"href":"https:\/\/eltrabajo.cl\/portal\/wp-json\/wp\/v2\/tags?post=45177"}],"curies":[{"name":"wp","href":"https:\/\/api.w.org\/{rel}","templated":true}]}}