{"id":45181,"date":"2014-04-08T09:51:04","date_gmt":"2014-04-08T12:51:04","guid":{"rendered":"http:\/\/www.eltrabajo.cl\/portal\/?p=45181"},"modified":"2014-04-08T09:51:04","modified_gmt":"2014-04-08T12:51:04","slug":"liceo-roberto-humeres-pone-enfasis-en-proyecto-integral-hacia-el-alumnado","status":"publish","type":"post","link":"https:\/\/eltrabajo.cl\/portal\/liceo-roberto-humeres-pone-enfasis-en-proyecto-integral-hacia-el-alumnado\/","title":{"rendered":"Liceo Roberto Humeres pone \u00e9nfasis en proyecto integral hacia el alumnado"},"content":{"rendered":"<figure id=\"attachment_45182\" aria-describedby=\"caption-attachment-45182\" style=\"width: 528px\" class=\"wp-caption alignnone\"><a href=\"https:\/\/i0.wp.com\/www.eltrabajo.cl\/portal\/wp-content\/uploads\/2014\/04\/asistentes.jpg\"><img data-recalc-dims=\"1\" loading=\"lazy\" decoding=\"async\" class=\"size-full wp-image-45182\" alt=\"Con una sencilla ceremonia se dio por inaugurado el a\u00f1o escolar en el Liceo Roberto Humeres.\" src=\"https:\/\/i0.wp.com\/www.eltrabajo.cl\/portal\/wp-content\/uploads\/2014\/04\/asistentes.jpg?resize=528%2C350\" width=\"528\" height=\"350\" srcset=\"https:\/\/i0.wp.com\/eltrabajo.cl\/portal\/wp-content\/uploads\/2014\/04\/asistentes.jpg?w=528&amp;ssl=1 528w, https:\/\/i0.wp.com\/eltrabajo.cl\/portal\/wp-content\/uploads\/2014\/04\/asistentes.jpg?resize=200%2C132&amp;ssl=1 200w, https:\/\/i0.wp.com\/eltrabajo.cl\/portal\/wp-content\/uploads\/2014\/04\/asistentes.jpg?resize=300%2C198&amp;ssl=1 300w, https:\/\/i0.wp.com\/eltrabajo.cl\/portal\/wp-content\/uploads\/2014\/04\/asistentes.jpg?resize=150%2C99&amp;ssl=1 150w, https:\/\/i0.wp.com\/eltrabajo.cl\/portal\/wp-content\/uploads\/2014\/04\/asistentes.jpg?resize=400%2C265&amp;ssl=1 400w\" sizes=\"auto, (max-width: 528px) 100vw, 528px\" \/><\/a><figcaption id=\"caption-attachment-45182\" class=\"wp-caption-text\">Con una sencilla ceremonia se dio por inaugurado el a\u00f1o escolar en el Liceo Roberto Humeres.<\/figcaption><\/figure>\n<p>Este lunes, el Liceo Roberto Humeres realiz\u00f3 la ceremonia central de inicio del a\u00f1o escolar 2014, poniendo como \u00e9nfasis una nueva visi\u00f3n del establecimiento.<\/p>\n<p>La ceremonia, que cont\u00f3 con la presencia de las autoridades a nivel provincial, encabezadas por el Gobernador Eduardo Le\u00f3n, el Alcalde Patricio Freire, directores de establecimientos, ex directores del Liceo Roberto Humeres, padres y apoderados y alumnos del establecimiento, se realiz\u00f3 en el mes de abril, pensando en el nuevo \u00e9nfasis que la directora, Romina Fumey, quiere darle al liceo.<\/p>\n<p>\u201cHab\u00eda que conocernos, darnos cuenta a d\u00f3nde \u00edbamos a orientarnos como proyecto educativo, y hoy d\u00eda estamos dando el pie de partida con un proyecto 2014 a corto plazo, y queremos probar la educaci\u00f3n como proyecto integral, un estudiante que no s\u00f3lo tenga buenas notas, excelencia acad\u00e9mica, sino que tambi\u00e9n valores\u201d, dijo Fumey.<\/p>\n<figure id=\"attachment_45183\" aria-describedby=\"caption-attachment-45183\" style=\"width: 370px\" class=\"wp-caption alignright\"><a href=\"https:\/\/i0.wp.com\/www.eltrabajo.cl\/portal\/wp-content\/uploads\/2014\/04\/alcalde-y-directora.jpg\"><img data-recalc-dims=\"1\" loading=\"lazy\" decoding=\"async\" class=\" wp-image-45183 \" alt=\"El Alcalde Patricio Freire junto a la Directora del Liceo, Romina Fumey.\" src=\"https:\/\/i0.wp.com\/www.eltrabajo.cl\/portal\/wp-content\/uploads\/2014\/04\/alcalde-y-directora.jpg?resize=370%2C470\" width=\"370\" height=\"470\" srcset=\"https:\/\/i0.wp.com\/eltrabajo.cl\/portal\/wp-content\/uploads\/2014\/04\/alcalde-y-directora.jpg?w=529&amp;ssl=1 529w, https:\/\/i0.wp.com\/eltrabajo.cl\/portal\/wp-content\/uploads\/2014\/04\/alcalde-y-directora.jpg?resize=118%2C150&amp;ssl=1 118w, https:\/\/i0.wp.com\/eltrabajo.cl\/portal\/wp-content\/uploads\/2014\/04\/alcalde-y-directora.jpg?resize=236%2C300&amp;ssl=1 236w, https:\/\/i0.wp.com\/eltrabajo.cl\/portal\/wp-content\/uploads\/2014\/04\/alcalde-y-directora.jpg?resize=400%2C507&amp;ssl=1 400w\" sizes=\"auto, (max-width: 370px) 100vw, 370px\" \/><\/a><figcaption id=\"caption-attachment-45183\" class=\"wp-caption-text\">El Alcalde Patricio Freire junto a la Directora del Liceo, Romina Fumey.<\/figcaption><\/figure>\n<p>Y para lograr ese objetivo, existe el compromiso de toda la comunidad educativa, sostuvo la directora, por ello nuevamente invit\u00f3 a estudiantes, profesores, asistentes de la educaci\u00f3n y padres y apoderados a trabajar en torno a esta meta.<\/p>\n<p>El Alcalde Patricio Freire valor\u00f3 este nuevo comienzo, con el que se busca instalar al liceo en el lugar destacado que tuvo por a\u00f1os incluso a nivel nacional.<\/p>\n<p>\u201cEl Liceo Roberto Humeres debe volver a lo que siempre fue, un establecimiento emblem\u00e1tico del valle de Aconcagua y en eso estamos trabajando, para que vuelva a ser un gran liceo para la comuna de San Felipe\u201d, dijo el jefe comunal.<\/p>\n<p>&nbsp;<\/p>\n","protected":false},"excerpt":{"rendered":"<p>Este lunes, el Liceo Roberto Humeres realiz\u00f3 la ceremonia central de inicio del a\u00f1o escolar 2014, poniendo como \u00e9nfasis una nueva visi\u00f3n del establecimiento. La ceremonia, que cont\u00f3 con la presencia de&#8230;<\/p>\n","protected":false},"author":482,"featured_media":45182,"comment_status":"open","ping_status":"closed","sticky":false,"template":"","format":"standard","meta":{"advanced_seo_description":"","jetpack_seo_html_title":"","jetpack_seo_noindex":false,"_jetpack_memberships_contains_paid_content":false,"footnotes":""},"categories":[1],"tags":[],"class_list":["post-45181","post","type-post","status-publish","format-standard","has-post-thumbnail","hentry","category-cronica"],"jetpack_featured_media_url":"https:\/\/i0.wp.com\/eltrabajo.cl\/portal\/wp-content\/uploads\/2014\/04\/asistentes.jpg?fit=528%2C350&ssl=1","jetpack_sharing_enabled":true,"jetpack_likes_enabled":true,"jetpack-related-posts":[],"_links":{"self":[{"href":"https:\/\/eltrabajo.cl\/portal\/wp-json\/wp\/v2\/posts\/45181","targetHints":{"allow":["GET"]}}],"collection":[{"href":"https:\/\/eltrabajo.cl\/portal\/wp-json\/wp\/v2\/posts"}],"about":[{"href":"https:\/\/eltrabajo.cl\/portal\/wp-json\/wp\/v2\/types\/post"}],"author":[{"embeddable":true,"href":"https:\/\/eltrabajo.cl\/portal\/wp-json\/wp\/v2\/users\/482"}],"replies":[{"embeddable":true,"href":"https:\/\/eltrabajo.cl\/portal\/wp-json\/wp\/v2\/comments?post=45181"}],"version-history":[{"count":0,"href":"https:\/\/eltrabajo.cl\/portal\/wp-json\/wp\/v2\/posts\/45181\/revisions"}],"wp:featuredmedia":[{"embeddable":true,"href":"https:\/\/eltrabajo.cl\/portal\/wp-json\/wp\/v2\/media\/45182"}],"wp:attachment":[{"href":"https:\/\/eltrabajo.cl\/portal\/wp-json\/wp\/v2\/media?parent=45181"}],"wp:term":[{"taxonomy":"category","embeddable":true,"href":"https:\/\/eltrabajo.cl\/portal\/wp-json\/wp\/v2\/categories?post=45181"},{"taxonomy":"post_tag","embeddable":true,"href":"https:\/\/eltrabajo.cl\/portal\/wp-json\/wp\/v2\/tags?post=45181"}],"curies":[{"name":"wp","href":"https:\/\/api.w.org\/{rel}","templated":true}]}}