{"id":45186,"date":"2014-04-08T09:54:03","date_gmt":"2014-04-08T12:54:03","guid":{"rendered":"http:\/\/www.eltrabajo.cl\/portal\/?p=45186"},"modified":"2014-04-08T09:54:03","modified_gmt":"2014-04-08T12:54:03","slug":"gobernador-leon-se-reunio-con-nueva-junta-vecinal-de-la-villa-250-anos","status":"publish","type":"post","link":"https:\/\/eltrabajo.cl\/portal\/gobernador-leon-se-reunio-con-nueva-junta-vecinal-de-la-villa-250-anos\/","title":{"rendered":"Gobernador Le\u00f3n se reuni\u00f3 con nueva junta vecinal de la Villa 250 A\u00f1os"},"content":{"rendered":"<figure id=\"attachment_45187\" aria-describedby=\"caption-attachment-45187\" style=\"width: 529px\" class=\"wp-caption alignnone\"><a href=\"https:\/\/i0.wp.com\/www.eltrabajo.cl\/portal\/wp-content\/uploads\/2014\/04\/reunion-gobernador-250-anos.jpg\"><img data-recalc-dims=\"1\" loading=\"lazy\" decoding=\"async\" class=\"size-full wp-image-45187\" alt=\"Fueron numerosos los vecinos que participaron del encuentro con el Gobernador en la Villa 250 A\u00f1os.\" src=\"https:\/\/i0.wp.com\/www.eltrabajo.cl\/portal\/wp-content\/uploads\/2014\/04\/reunion-gobernador-250-anos.jpg?resize=529%2C322\" width=\"529\" height=\"322\" srcset=\"https:\/\/i0.wp.com\/eltrabajo.cl\/portal\/wp-content\/uploads\/2014\/04\/reunion-gobernador-250-anos.jpg?w=529&amp;ssl=1 529w, https:\/\/i0.wp.com\/eltrabajo.cl\/portal\/wp-content\/uploads\/2014\/04\/reunion-gobernador-250-anos.jpg?resize=200%2C121&amp;ssl=1 200w, https:\/\/i0.wp.com\/eltrabajo.cl\/portal\/wp-content\/uploads\/2014\/04\/reunion-gobernador-250-anos.jpg?resize=300%2C182&amp;ssl=1 300w, https:\/\/i0.wp.com\/eltrabajo.cl\/portal\/wp-content\/uploads\/2014\/04\/reunion-gobernador-250-anos.jpg?resize=150%2C91&amp;ssl=1 150w, https:\/\/i0.wp.com\/eltrabajo.cl\/portal\/wp-content\/uploads\/2014\/04\/reunion-gobernador-250-anos.jpg?resize=400%2C243&amp;ssl=1 400w\" sizes=\"auto, (max-width: 529px) 100vw, 529px\" \/><\/a><figcaption id=\"caption-attachment-45187\" class=\"wp-caption-text\">Fueron numerosos los vecinos que participaron del encuentro con el Gobernador en la Villa 250 A\u00f1os.<\/figcaption><\/figure>\n<ul>\n<li><strong>Objetivo del encuentro fue verificar en terreno las necesidades y prioridades de los vecinos.<\/strong><\/li>\n<\/ul>\n<p>Un interesante encuentro solicitado por la Junta de Vecinos Futura Esperanza de la Villa 250 A\u00f1os, sostuvo el Gobernador Eduardo Le\u00f3n en visita a terreno efectuada a dicho sector poblacional, ocasi\u00f3n en la que pudo enterarse de las necesidades y prioridades que tienen.<\/p>\n<p>En la actividad se congregaron m\u00e1s de 48 vecinos, de acuerdo al secretario de la Junta de Vecinos Futura Esperanza, Giovanni Irarr\u00e1zaval, quien manifest\u00f3 que \u201clo principal es que la gente tiene mucho miedo, los vecinos necesitan sentirse resguardados y que la autoridad pueda hacer algo en este tema, para que puedan salir de sus casas tranquilamente, que puedan ir al consultorio, a trabajar, sin que los asalten\u201d, dijo el dirigente, quien remat\u00f3: \u201cLa delincuencia no tiene l\u00edmites y los asaltos son a cualquier hora del d\u00eda\u201d.<\/p>\n<figure id=\"attachment_45188\" aria-describedby=\"caption-attachment-45188\" style=\"width: 370px\" class=\"wp-caption alignright\"><a href=\"https:\/\/i0.wp.com\/www.eltrabajo.cl\/portal\/wp-content\/uploads\/2014\/04\/gobernador-leon-dirigentes-villa-250.jpg\"><img data-recalc-dims=\"1\" loading=\"lazy\" decoding=\"async\" class=\" wp-image-45188 \" alt=\"El Gobernador Eduardo Le\u00f3n junto a dirigentes de la reci\u00e9n creada Junta de Vecinos Futura Esperanza.\" src=\"https:\/\/i0.wp.com\/www.eltrabajo.cl\/portal\/wp-content\/uploads\/2014\/04\/gobernador-leon-dirigentes-villa-250.jpg?resize=370%2C216\" width=\"370\" height=\"216\" srcset=\"https:\/\/i0.wp.com\/eltrabajo.cl\/portal\/wp-content\/uploads\/2014\/04\/gobernador-leon-dirigentes-villa-250.jpg?w=529&amp;ssl=1 529w, https:\/\/i0.wp.com\/eltrabajo.cl\/portal\/wp-content\/uploads\/2014\/04\/gobernador-leon-dirigentes-villa-250.jpg?resize=200%2C116&amp;ssl=1 200w, https:\/\/i0.wp.com\/eltrabajo.cl\/portal\/wp-content\/uploads\/2014\/04\/gobernador-leon-dirigentes-villa-250.jpg?resize=300%2C174&amp;ssl=1 300w, https:\/\/i0.wp.com\/eltrabajo.cl\/portal\/wp-content\/uploads\/2014\/04\/gobernador-leon-dirigentes-villa-250.jpg?resize=150%2C87&amp;ssl=1 150w, https:\/\/i0.wp.com\/eltrabajo.cl\/portal\/wp-content\/uploads\/2014\/04\/gobernador-leon-dirigentes-villa-250.jpg?resize=400%2C232&amp;ssl=1 400w\" sizes=\"auto, (max-width: 370px) 100vw, 370px\" \/><\/a><figcaption id=\"caption-attachment-45188\" class=\"wp-caption-text\">El Gobernador Eduardo Le\u00f3n junto a dirigentes de la reci\u00e9n creada Junta de Vecinos Futura Esperanza.<\/figcaption><\/figure>\n<p>Principalmente los vecinos de la Calle Estadio est\u00e1n solicitando mejorar la iluminaci\u00f3n y la posibilidad de colocar lomos de toro para que los inescrupulosos no tomen esta arteria como pista de carrera, y as\u00ed evitar que un ni\u00f1o sea atropellado.<\/p>\n<p>Esta Junta de Vecinos Futura Esperanza fue constituida el 05 de marzo de este a\u00f1o, con personalidad jur\u00eddica, su principal inter\u00e9s es trabajar en conjunto con todas las juntas de vecinos del sector.<\/p>\n<p>La presidenta de la unidad vecinal, en tanto, Georgina Irarr\u00e1zaval, expres\u00f3 que esta visita \u201ces muy buena, porque anteriormente no se ha tenido el respaldo de ninguna autoridad, es por eso que realizamos un recorrido junto al Gobernador Eduardo Le\u00f3n por diferentes puntos de la villa que son los m\u00e1s conflictivos y cr\u00edticos, como las casas abandonadas, las calles que est\u00e1n intransitables, donde se espera tener una respuesta a corto plazo, y que vuelva el Plan Cuadrante, ya que cuando se realizaba, todo estaba m\u00e1s tranquilo, se pod\u00eda vivir, ahora esperamos tener el apoyo necesario\u201d.<\/p>\n<p>El Gobernador Eduardo Le\u00f3n enfatiz\u00f3 que \u201ces de suma importancia tener este tipo de reuniones en terreno para apreciar cu\u00e1l es su verdadera realidad, sobre todo esta Villa que tiene una connotaci\u00f3n a nivel nacional, sabiendo que existen vecinos y vecinas de trabajo y esfuerzo, por eso es el apoyo del Gobierno Provincial, para ser realistas y comenzar a trabajar en medidas, la idea es hacer un seguimiento y mantener en el tiempo estas reuniones de trabajo\u201d.<\/p>\n<p>Finalmente los dirigentes de la Junta de Vecinos Futura Esperanza, destacaron la presencia del Gobernador Eduardo Le\u00f3n, ya que ha sido la primera autoridad que ha estado con ellos en terreno: \u201cQue venga el Gobernador Eduardo Le\u00f3n que est\u00e1 reci\u00e9n asumido y escuche a la gente eso es muy bueno, las prioridades que se plantearon son muy similares a las que \u00e9l tiene con respecto a las polic\u00edas, municipales, seguridad y espacios para los ni\u00f1os y ni\u00f1as de la Villa. Con esta reuni\u00f3n realizada en terreno se ha sentido el apoyo y preocupaci\u00f3n de la primera autoridad provincial\u201d.<\/p>\n<p>&nbsp;<\/p>\n","protected":false},"excerpt":{"rendered":"<p>Objetivo del encuentro fue verificar en terreno las necesidades y prioridades de los vecinos. Un interesante encuentro solicitado por la Junta de Vecinos Futura Esperanza de la Villa 250 A\u00f1os, sostuvo el&#8230;<\/p>\n","protected":false},"author":482,"featured_media":45187,"comment_status":"open","ping_status":"closed","sticky":false,"template":"","format":"standard","meta":{"advanced_seo_description":"","jetpack_seo_html_title":"","jetpack_seo_noindex":false,"_jetpack_memberships_contains_paid_content":false,"footnotes":""},"categories":[1],"tags":[],"class_list":["post-45186","post","type-post","status-publish","format-standard","has-post-thumbnail","hentry","category-cronica"],"jetpack_featured_media_url":"https:\/\/i0.wp.com\/eltrabajo.cl\/portal\/wp-content\/uploads\/2014\/04\/reunion-gobernador-250-anos.jpg?fit=529%2C322&ssl=1","jetpack_sharing_enabled":true,"jetpack_likes_enabled":true,"jetpack-related-posts":[],"_links":{"self":[{"href":"https:\/\/eltrabajo.cl\/portal\/wp-json\/wp\/v2\/posts\/45186","targetHints":{"allow":["GET"]}}],"collection":[{"href":"https:\/\/eltrabajo.cl\/portal\/wp-json\/wp\/v2\/posts"}],"about":[{"href":"https:\/\/eltrabajo.cl\/portal\/wp-json\/wp\/v2\/types\/post"}],"author":[{"embeddable":true,"href":"https:\/\/eltrabajo.cl\/portal\/wp-json\/wp\/v2\/users\/482"}],"replies":[{"embeddable":true,"href":"https:\/\/eltrabajo.cl\/portal\/wp-json\/wp\/v2\/comments?post=45186"}],"version-history":[{"count":0,"href":"https:\/\/eltrabajo.cl\/portal\/wp-json\/wp\/v2\/posts\/45186\/revisions"}],"wp:featuredmedia":[{"embeddable":true,"href":"https:\/\/eltrabajo.cl\/portal\/wp-json\/wp\/v2\/media\/45187"}],"wp:attachment":[{"href":"https:\/\/eltrabajo.cl\/portal\/wp-json\/wp\/v2\/media?parent=45186"}],"wp:term":[{"taxonomy":"category","embeddable":true,"href":"https:\/\/eltrabajo.cl\/portal\/wp-json\/wp\/v2\/categories?post=45186"},{"taxonomy":"post_tag","embeddable":true,"href":"https:\/\/eltrabajo.cl\/portal\/wp-json\/wp\/v2\/tags?post=45186"}],"curies":[{"name":"wp","href":"https:\/\/api.w.org\/{rel}","templated":true}]}}