{"id":45191,"date":"2014-04-08T09:56:00","date_gmt":"2014-04-08T12:56:00","guid":{"rendered":"http:\/\/www.eltrabajo.cl\/portal\/?p=45191"},"modified":"2014-04-08T09:56:00","modified_gmt":"2014-04-08T12:56:00","slug":"intimido-a-transeunte-con-tijera-podadora-para-robarle-10-mil-pesos","status":"publish","type":"post","link":"https:\/\/eltrabajo.cl\/portal\/intimido-a-transeunte-con-tijera-podadora-para-robarle-10-mil-pesos\/","title":{"rendered":"Intimid\u00f3 a transe\u00fante con tijera podadora para robarle 10 mil pesos"},"content":{"rendered":"<figure id=\"attachment_45192\" aria-describedby=\"caption-attachment-45192\" style=\"width: 423px\" class=\"wp-caption alignleft\"><a href=\"https:\/\/i0.wp.com\/www.eltrabajo.cl\/portal\/wp-content\/uploads\/2014\/04\/DETENIDO-POR-ROBO.jpg\"><img data-recalc-dims=\"1\" loading=\"lazy\" decoding=\"async\" class=\" wp-image-45192 \" alt=\"El imputado qued\u00f3 con prisi\u00f3n preventiva tras el control de detenci\u00f3n.\" src=\"https:\/\/i0.wp.com\/www.eltrabajo.cl\/portal\/wp-content\/uploads\/2014\/04\/DETENIDO-POR-ROBO.jpg?resize=423%2C430\" width=\"423\" height=\"430\" srcset=\"https:\/\/i0.wp.com\/eltrabajo.cl\/portal\/wp-content\/uploads\/2014\/04\/DETENIDO-POR-ROBO.jpg?w=529&amp;ssl=1 529w, https:\/\/i0.wp.com\/eltrabajo.cl\/portal\/wp-content\/uploads\/2014\/04\/DETENIDO-POR-ROBO.jpg?resize=147%2C150&amp;ssl=1 147w, https:\/\/i0.wp.com\/eltrabajo.cl\/portal\/wp-content\/uploads\/2014\/04\/DETENIDO-POR-ROBO.jpg?resize=294%2C300&amp;ssl=1 294w, https:\/\/i0.wp.com\/eltrabajo.cl\/portal\/wp-content\/uploads\/2014\/04\/DETENIDO-POR-ROBO.jpg?resize=400%2C406&amp;ssl=1 400w\" sizes=\"auto, (max-width: 423px) 100vw, 423px\" \/><\/a><figcaption id=\"caption-attachment-45192\" class=\"wp-caption-text\">El imputado qued\u00f3 con prisi\u00f3n preventiva tras el control de detenci\u00f3n.<\/figcaption><\/figure>\n<p><strong>PUTAENDO.<\/strong>&#8211; Un sujeto de 35 a\u00f1os de edad identificado como Pedro Maldonado Navarrete, fue detenido por Carabineros acusado de intimidar, usando una tijera podadora, a un transe\u00fante al cual le robaron dinero.<\/p>\n<p>La informaci\u00f3n oficial fue entregada a Diario El Trabajo por el Teniente de Carabineros \u00c1ngelo Acevedo, quien indic\u00f3 que cerca de las 01:45 horas de la madrugada del domingo, la v\u00edctima cuya identidad se mantiene en reserva, transitaba por calle Chacabuco en las inmediaciones del Liceo Manuel Mar\u00edn Fritis y en ese momento sorpresivamente un sujeto lo tom\u00f3 por la espalda, lo amenaz\u00f3 con un elemento corto-punzante y le sustrajo la billetera con la suma de $10.000 en dinero en efectivo.<\/p>\n<p>La v\u00edctima logr\u00f3 reconocer al delincuente y se percat\u00f3 que este portaba una tijera podadora con la cual lo intimid\u00f3, ante lo cual dio aviso a Carabineros que inici\u00f3 un r\u00e1pido patrullaje por el centro de Putaendo.<\/p>\n<p>El Teniente Acevedo dijo que el personal policial divis\u00f3 a un sujeto en la intersecci\u00f3n de las calles Bulnes y Comercio, con las caracter\u00edsticas de las vestimentas entregadas por la v\u00edctima y al ver la presencia policial, el delincuente comenz\u00f3 a caminar r\u00e1pidamente a trav\u00e9s de Calle Chacabuco en direcci\u00f3n al sur y la unidad policial ingres\u00f3 contra el sentido del tr\u00e1nsito hasta interceptarlo.<\/p>\n<p>Tras su detenci\u00f3n la v\u00edctima reconoci\u00f3 al sujeto que lo hab\u00eda asaltado, por lo que el delincuente fue trasladado hasta la Tenencia de Carabineros donde se encontraron los medios de prueba como el dinero y la tijera podadora, adem\u00e1s de una cantidad de marihuana que portaba entre sus vestimentas.<\/p>\n<p>El Teniente Acevedo se\u00f1al\u00f3 que el detenido posee antecedentes policiales por robo, ante lo cual y por instrucci\u00f3n del fiscal de turno, pas\u00f3 a control de detenci\u00f3n el d\u00eda domingo bajo los cargos de robo con intimidaci\u00f3n.<\/p>\n<p>En la audiencia realizada en el Tribunal Mixto de Putaendo y debido a la gravedad de los hechos, adem\u00e1s de los antecedentes del imputado, fue acogida la solicitud de la fiscal\u00eda y dej\u00f3 en prisi\u00f3n preventiva a Maldonado Navarrete por un plazo de 45 d\u00edas que fueron fijados para la investigaci\u00f3n de los hechos.<\/p>\n<p>Patricio Gallardo M.<\/p>\n<p>&nbsp;<\/p>\n","protected":false},"excerpt":{"rendered":"<p>PUTAENDO.&#8211; Un sujeto de 35 a\u00f1os de edad identificado como Pedro Maldonado Navarrete, fue detenido por Carabineros acusado de intimidar, usando una tijera podadora, a un transe\u00fante al cual le robaron dinero&#8230;.<\/p>\n","protected":false},"author":482,"featured_media":45192,"comment_status":"open","ping_status":"closed","sticky":false,"template":"","format":"standard","meta":{"advanced_seo_description":"","jetpack_seo_html_title":"","jetpack_seo_noindex":false,"_jetpack_memberships_contains_paid_content":false,"footnotes":""},"categories":[21],"tags":[],"class_list":["post-45191","post","type-post","status-publish","format-standard","has-post-thumbnail","hentry","category-policial"],"jetpack_featured_media_url":"https:\/\/i0.wp.com\/eltrabajo.cl\/portal\/wp-content\/uploads\/2014\/04\/DETENIDO-POR-ROBO.jpg?fit=529%2C538&ssl=1","jetpack_sharing_enabled":true,"jetpack_likes_enabled":true,"jetpack-related-posts":[],"_links":{"self":[{"href":"https:\/\/eltrabajo.cl\/portal\/wp-json\/wp\/v2\/posts\/45191","targetHints":{"allow":["GET"]}}],"collection":[{"href":"https:\/\/eltrabajo.cl\/portal\/wp-json\/wp\/v2\/posts"}],"about":[{"href":"https:\/\/eltrabajo.cl\/portal\/wp-json\/wp\/v2\/types\/post"}],"author":[{"embeddable":true,"href":"https:\/\/eltrabajo.cl\/portal\/wp-json\/wp\/v2\/users\/482"}],"replies":[{"embeddable":true,"href":"https:\/\/eltrabajo.cl\/portal\/wp-json\/wp\/v2\/comments?post=45191"}],"version-history":[{"count":0,"href":"https:\/\/eltrabajo.cl\/portal\/wp-json\/wp\/v2\/posts\/45191\/revisions"}],"wp:featuredmedia":[{"embeddable":true,"href":"https:\/\/eltrabajo.cl\/portal\/wp-json\/wp\/v2\/media\/45192"}],"wp:attachment":[{"href":"https:\/\/eltrabajo.cl\/portal\/wp-json\/wp\/v2\/media?parent=45191"}],"wp:term":[{"taxonomy":"category","embeddable":true,"href":"https:\/\/eltrabajo.cl\/portal\/wp-json\/wp\/v2\/categories?post=45191"},{"taxonomy":"post_tag","embeddable":true,"href":"https:\/\/eltrabajo.cl\/portal\/wp-json\/wp\/v2\/tags?post=45191"}],"curies":[{"name":"wp","href":"https:\/\/api.w.org\/{rel}","templated":true}]}}