{"id":45195,"date":"2014-04-08T09:58:11","date_gmt":"2014-04-08T12:58:11","guid":{"rendered":"http:\/\/www.eltrabajo.cl\/portal\/?p=45195"},"modified":"2014-04-08T09:58:11","modified_gmt":"2014-04-08T12:58:11","slug":"roban-mas-de-4-millones-en-joyeria-de-joven-emprendedor-sanfelipeno","status":"publish","type":"post","link":"https:\/\/eltrabajo.cl\/portal\/roban-mas-de-4-millones-en-joyeria-de-joven-emprendedor-sanfelipeno\/","title":{"rendered":"Roban m\u00e1s de 4 millones en joyer\u00eda de joven emprendedor sanfelipe\u00f1o"},"content":{"rendered":"<figure id=\"attachment_45196\" aria-describedby=\"caption-attachment-45196\" style=\"width: 529px\" class=\"wp-caption alignnone\"><a href=\"https:\/\/i0.wp.com\/www.eltrabajo.cl\/portal\/wp-content\/uploads\/2014\/04\/robo-joyeria-porta.jpg\"><img data-recalc-dims=\"1\" loading=\"lazy\" decoding=\"async\" class=\"size-full wp-image-45196\" alt=\"Agust\u00edn Marambio, apesadumbrado por el robo en la joyer\u00eda de su propiedad, fruto de su emprendimiento de m\u00e1s de un a\u00f1o. S\u00f3lo atin\u00f3 a llamar a las Polic\u00edas a realizar m\u00e1s rondas preventivas.\" src=\"https:\/\/i0.wp.com\/www.eltrabajo.cl\/portal\/wp-content\/uploads\/2014\/04\/robo-joyeria-porta.jpg?resize=529%2C358\" width=\"529\" height=\"358\" srcset=\"https:\/\/i0.wp.com\/eltrabajo.cl\/portal\/wp-content\/uploads\/2014\/04\/robo-joyeria-porta.jpg?w=529&amp;ssl=1 529w, https:\/\/i0.wp.com\/eltrabajo.cl\/portal\/wp-content\/uploads\/2014\/04\/robo-joyeria-porta.jpg?resize=200%2C135&amp;ssl=1 200w, https:\/\/i0.wp.com\/eltrabajo.cl\/portal\/wp-content\/uploads\/2014\/04\/robo-joyeria-porta.jpg?resize=300%2C203&amp;ssl=1 300w, https:\/\/i0.wp.com\/eltrabajo.cl\/portal\/wp-content\/uploads\/2014\/04\/robo-joyeria-porta.jpg?resize=150%2C101&amp;ssl=1 150w, https:\/\/i0.wp.com\/eltrabajo.cl\/portal\/wp-content\/uploads\/2014\/04\/robo-joyeria-porta.jpg?resize=400%2C270&amp;ssl=1 400w\" sizes=\"auto, (max-width: 529px) 100vw, 529px\" \/><\/a><figcaption id=\"caption-attachment-45196\" class=\"wp-caption-text\">Agust\u00edn Marambio, apesadumbrado por el robo en la joyer\u00eda de su propiedad, fruto de su emprendimiento de m\u00e1s de un a\u00f1o. S\u00f3lo atin\u00f3 a llamar a las Polic\u00edas a realizar m\u00e1s rondas preventivas.<\/figcaption><\/figure>\n<p>Una vez m\u00e1s, una joyer\u00eda es robada en San Felipe durante el fin de semana. Esta vez el atraco afect\u00f3 a la Joyer\u00eda Terra D\u2019argento ubicada en la galer\u00eda comercial de Calle Prat N\u00b082 justo al lado de las Oficinas de Impuestos Internos.<\/p>\n<p>Los antisociales ingresaron por una propiedad contigua que est\u00e1 abandonada y escalando un muro de unos 4 metros, subieron al tejado de la parte trasera de la galer\u00eda para realizar un forado por el que ingresaron a la galer\u00eda.<\/p>\n<p>Una vez adentro y con la ayuda de un \u2018caim\u00e1n\u2019 y un \u2018diablito\u2019, rompieron uno de los vidrios de la mampara, accediendo hasta las vitrinas donde se exhiben las joyas, sustrayendo el total de las pulseras y cadenas de oro y plata que en ella hab\u00eda.<\/p>\n<figure id=\"attachment_45197\" aria-describedby=\"caption-attachment-45197\" style=\"width: 422px\" class=\"wp-caption alignright\"><a href=\"https:\/\/i0.wp.com\/www.eltrabajo.cl\/portal\/wp-content\/uploads\/2014\/04\/robo-joyer%C3%ADa-1.jpg\"><img data-recalc-dims=\"1\" loading=\"lazy\" decoding=\"async\" class=\" wp-image-45197 \" alt=\"Con estas herramientas los delincuentes ingresaron a la galer\u00eda y robaron las vitrinas de la joyer\u00eda \u201cTerra d\u2019argento\u201d ubicada en pleno centro de San Felipe.\" src=\"https:\/\/i0.wp.com\/www.eltrabajo.cl\/portal\/wp-content\/uploads\/2014\/04\/robo-joyer%C3%ADa-1.jpg?resize=422%2C322\" width=\"422\" height=\"322\" srcset=\"https:\/\/i0.wp.com\/eltrabajo.cl\/portal\/wp-content\/uploads\/2014\/04\/robo-joyer%C3%ADa-1.jpg?w=528&amp;ssl=1 528w, https:\/\/i0.wp.com\/eltrabajo.cl\/portal\/wp-content\/uploads\/2014\/04\/robo-joyer%C3%ADa-1.jpg?resize=197%2C150&amp;ssl=1 197w, https:\/\/i0.wp.com\/eltrabajo.cl\/portal\/wp-content\/uploads\/2014\/04\/robo-joyer%C3%ADa-1.jpg?resize=300%2C228&amp;ssl=1 300w, https:\/\/i0.wp.com\/eltrabajo.cl\/portal\/wp-content\/uploads\/2014\/04\/robo-joyer%C3%ADa-1.jpg?resize=150%2C114&amp;ssl=1 150w, https:\/\/i0.wp.com\/eltrabajo.cl\/portal\/wp-content\/uploads\/2014\/04\/robo-joyer%C3%ADa-1.jpg?resize=400%2C304&amp;ssl=1 400w\" sizes=\"auto, (max-width: 422px) 100vw, 422px\" \/><\/a><figcaption id=\"caption-attachment-45197\" class=\"wp-caption-text\">Con estas herramientas los delincuentes ingresaron a la galer\u00eda y robaron las vitrinas de la joyer\u00eda \u201cTerra d\u2019argento\u201d ubicada en pleno centro de San Felipe.<\/figcaption><\/figure>\n<p>El propietario de la joyer\u00eda es Agust\u00edn Marambio, un joven emprendedor que inici\u00f3 su proyecto hace cuatro a\u00f1os con su taller propio, pero que hace un a\u00f1o solamente comenz\u00f3 la atenci\u00f3n de p\u00fablico en el local saqueado durante el fin de semana.<\/p>\n<p>\u201cMe estaba duchando para salir a trabajar y una vecina de local me llam\u00f3 para avisarme que hab\u00edan robado. Cuando llegu\u00e9 y vi lo que hicieron llam\u00e9 r\u00e1pidamente a Carabineros, y claro, ellos llegaron r\u00e1pido y revisaron todo, pero me da rabia que uno hace esto con tanto esfuerzo y en unas horas esta gente se lleva lo que uno ha logrado ganar\u201d, dijo el conmocionado propietario.<\/p>\n<p>El joven joyero se\u00f1al\u00f3 que \u201ces frustrante, porque yo s\u00e9 que ellos van a investigar, van a mandar los datos a tribunales, pero no va a pasar nada. As\u00ed ha sido y as\u00ed ser\u00e1 en este caso tambi\u00e9n. No pasar\u00e1 nada, porque estos tipos roban cincuenta mil veces y si los llegaran a pillar, estos tipos quedan libres y vuelven a hacer lo mismo otra vez\u201d.<\/p>\n<p>Los maleantes sustrajeron de la vitrina una cifra superior a los 4 millones de pesos e intentaron ingresar a las oficinas del Servicio de Impuestos Internos que queda al lado de la galer\u00eda, pero la activaci\u00f3n de la alarma de la joyer\u00eda impidi\u00f3 que ingresaran a las oficinas mismas del SII, y se llevaran m\u00e1s art\u00edculos de la joyer\u00eda.<\/p>\n<p>&nbsp;<\/p>\n","protected":false},"excerpt":{"rendered":"<p>Una vez m\u00e1s, una joyer\u00eda es robada en San Felipe durante el fin de semana. Esta vez el atraco afect\u00f3 a la Joyer\u00eda Terra D\u2019argento ubicada en la galer\u00eda comercial de Calle&#8230;<\/p>\n","protected":false},"author":482,"featured_media":45196,"comment_status":"open","ping_status":"closed","sticky":false,"template":"","format":"standard","meta":{"advanced_seo_description":"","jetpack_seo_html_title":"","jetpack_seo_noindex":false,"_jetpack_memberships_contains_paid_content":false,"footnotes":""},"categories":[21],"tags":[],"class_list":["post-45195","post","type-post","status-publish","format-standard","has-post-thumbnail","hentry","category-policial"],"jetpack_featured_media_url":"https:\/\/i0.wp.com\/eltrabajo.cl\/portal\/wp-content\/uploads\/2014\/04\/robo-joyeria-porta.jpg?fit=529%2C358&ssl=1","jetpack_sharing_enabled":true,"jetpack_likes_enabled":true,"jetpack-related-posts":[],"_links":{"self":[{"href":"https:\/\/eltrabajo.cl\/portal\/wp-json\/wp\/v2\/posts\/45195","targetHints":{"allow":["GET"]}}],"collection":[{"href":"https:\/\/eltrabajo.cl\/portal\/wp-json\/wp\/v2\/posts"}],"about":[{"href":"https:\/\/eltrabajo.cl\/portal\/wp-json\/wp\/v2\/types\/post"}],"author":[{"embeddable":true,"href":"https:\/\/eltrabajo.cl\/portal\/wp-json\/wp\/v2\/users\/482"}],"replies":[{"embeddable":true,"href":"https:\/\/eltrabajo.cl\/portal\/wp-json\/wp\/v2\/comments?post=45195"}],"version-history":[{"count":0,"href":"https:\/\/eltrabajo.cl\/portal\/wp-json\/wp\/v2\/posts\/45195\/revisions"}],"wp:featuredmedia":[{"embeddable":true,"href":"https:\/\/eltrabajo.cl\/portal\/wp-json\/wp\/v2\/media\/45196"}],"wp:attachment":[{"href":"https:\/\/eltrabajo.cl\/portal\/wp-json\/wp\/v2\/media?parent=45195"}],"wp:term":[{"taxonomy":"category","embeddable":true,"href":"https:\/\/eltrabajo.cl\/portal\/wp-json\/wp\/v2\/categories?post=45195"},{"taxonomy":"post_tag","embeddable":true,"href":"https:\/\/eltrabajo.cl\/portal\/wp-json\/wp\/v2\/tags?post=45195"}],"curies":[{"name":"wp","href":"https:\/\/api.w.org\/{rel}","templated":true}]}}