{"id":45204,"date":"2014-04-09T09:50:47","date_gmt":"2014-04-09T12:50:47","guid":{"rendered":"http:\/\/www.eltrabajo.cl\/portal\/?p=45204"},"modified":"2014-04-09T09:50:47","modified_gmt":"2014-04-09T12:50:47","slug":"camara-de-comercio-destaca-labor-de-carabinero-tras-robo-a-local-comercial","status":"publish","type":"post","link":"https:\/\/eltrabajo.cl\/portal\/camara-de-comercio-destaca-labor-de-carabinero-tras-robo-a-local-comercial\/","title":{"rendered":"C\u00e1mara de Comercio destaca labor de carabinero tras robo a local comercial"},"content":{"rendered":"<figure id=\"attachment_45205\" aria-describedby=\"caption-attachment-45205\" style=\"width: 529px\" class=\"wp-caption alignnone\"><a href=\"https:\/\/i0.wp.com\/www.eltrabajo.cl\/portal\/wp-content\/uploads\/2014\/04\/CAMARA-DE-COMERCIO-1.jpg\"><img data-recalc-dims=\"1\" loading=\"lazy\" decoding=\"async\" class=\"size-full wp-image-45205\" alt=\"Dirigentes de la C\u00e1mara de Comercio de Putaendo junto al Teniente Angelo Acevedo y el Cabo 1ro Wladimir Bahamondes Bernal.\" src=\"https:\/\/i0.wp.com\/www.eltrabajo.cl\/portal\/wp-content\/uploads\/2014\/04\/CAMARA-DE-COMERCIO-1.jpg?resize=529%2C277\" width=\"529\" height=\"277\" srcset=\"https:\/\/i0.wp.com\/eltrabajo.cl\/portal\/wp-content\/uploads\/2014\/04\/CAMARA-DE-COMERCIO-1.jpg?w=529&amp;ssl=1 529w, https:\/\/i0.wp.com\/eltrabajo.cl\/portal\/wp-content\/uploads\/2014\/04\/CAMARA-DE-COMERCIO-1.jpg?resize=200%2C104&amp;ssl=1 200w, https:\/\/i0.wp.com\/eltrabajo.cl\/portal\/wp-content\/uploads\/2014\/04\/CAMARA-DE-COMERCIO-1.jpg?resize=300%2C157&amp;ssl=1 300w, https:\/\/i0.wp.com\/eltrabajo.cl\/portal\/wp-content\/uploads\/2014\/04\/CAMARA-DE-COMERCIO-1.jpg?resize=150%2C78&amp;ssl=1 150w, https:\/\/i0.wp.com\/eltrabajo.cl\/portal\/wp-content\/uploads\/2014\/04\/CAMARA-DE-COMERCIO-1.jpg?resize=400%2C209&amp;ssl=1 400w\" sizes=\"auto, (max-width: 529px) 100vw, 529px\" \/><\/a><figcaption id=\"caption-attachment-45205\" class=\"wp-caption-text\">Dirigentes de la C\u00e1mara de Comercio de Putaendo junto al Teniente Angelo Acevedo y el Cabo 1ro Wladimir Bahamondes Bernal.<\/figcaption><\/figure>\n<p><strong>PUTAENDO.<\/strong>&#8211; La C\u00e1mara de Comercio y Turismo de Putaendo visit\u00f3 al Teniente de Carabineros de la comuna, \u00c1ngelo Acevedo, para reconocer la acci\u00f3n del Cabo 1ro Wladimir Bahamondes Bernal, que estando en calidad de civil y fuera de su horario de trabajo, detuvo a un joven delincuente que minutos antes perpetr\u00f3 un robo en un local comercial del centro de Putaendo.<\/p>\n<p>Hern\u00e1n Araya Sa\u00e1, Presidente de la C\u00e1mara de Comercio y Turismo de Putaendo, acompa\u00f1ado por la mayor\u00eda de la directiva, lleg\u00f3 hasta la Tenencia de Carabineros de Putaendo y se reuni\u00f3 con el Teniente Acevedo, a quien agradeci\u00f3 el ejemplo de compromiso del Cabo 1ro Bahamondes que el domingo, en horas de la noche, logr\u00f3 detener a un menor de 16 a\u00f1os de edad que hab\u00eda cometido un robo en el Minimarket \u2018La Esquina\u2019 de propiedad de Patricia Casas.<\/p>\n<figure id=\"attachment_45206\" aria-describedby=\"caption-attachment-45206\" style=\"width: 423px\" class=\"wp-caption alignright\"><a href=\"https:\/\/i0.wp.com\/www.eltrabajo.cl\/portal\/wp-content\/uploads\/2014\/04\/CAMARA-DE-COMERCIO-2.jpg\"><img data-recalc-dims=\"1\" loading=\"lazy\" decoding=\"async\" class=\" wp-image-45206 \" alt=\"Hern\u00e1n Araya, Presidente de la C\u00e1mara de Comercio y Turismo de Putaendo, junto a la directiva se reuni\u00f3 con el Teniente Acevedo para agradecer la preocupaci\u00f3n de Carabineros.\" src=\"https:\/\/i0.wp.com\/www.eltrabajo.cl\/portal\/wp-content\/uploads\/2014\/04\/CAMARA-DE-COMERCIO-2.jpg?resize=423%2C287\" width=\"423\" height=\"287\" srcset=\"https:\/\/i0.wp.com\/eltrabajo.cl\/portal\/wp-content\/uploads\/2014\/04\/CAMARA-DE-COMERCIO-2.jpg?w=529&amp;ssl=1 529w, https:\/\/i0.wp.com\/eltrabajo.cl\/portal\/wp-content\/uploads\/2014\/04\/CAMARA-DE-COMERCIO-2.jpg?resize=200%2C135&amp;ssl=1 200w, https:\/\/i0.wp.com\/eltrabajo.cl\/portal\/wp-content\/uploads\/2014\/04\/CAMARA-DE-COMERCIO-2.jpg?resize=300%2C203&amp;ssl=1 300w, https:\/\/i0.wp.com\/eltrabajo.cl\/portal\/wp-content\/uploads\/2014\/04\/CAMARA-DE-COMERCIO-2.jpg?resize=150%2C101&amp;ssl=1 150w, https:\/\/i0.wp.com\/eltrabajo.cl\/portal\/wp-content\/uploads\/2014\/04\/CAMARA-DE-COMERCIO-2.jpg?resize=400%2C271&amp;ssl=1 400w\" sizes=\"auto, (max-width: 423px) 100vw, 423px\" \/><\/a><figcaption id=\"caption-attachment-45206\" class=\"wp-caption-text\">Hern\u00e1n Araya, Presidente de la C\u00e1mara de Comercio y Turismo de Putaendo, junto a la directiva se reuni\u00f3 con el Teniente Acevedo para agradecer la preocupaci\u00f3n de Carabineros.<\/figcaption><\/figure>\n<p>En la ocasi\u00f3n el dirigente se\u00f1al\u00f3 que muchas veces Carabineros es criticado por su trabajo, pero que en muy pocas ocasiones se reconocen gestos y hechos que a diario realiza la instituci\u00f3n, y que en este caso la actitud del carabinero es un fiel ejemplo de c\u00f3mo las cosas han empezado a cambiar en Putaendo de la mano del Teniente Acevedo, por lo que consideraron oportuno entregar el saludo y reconocer estos hechos al Jefe de Tenencia de Putaendo.<\/p>\n<p>El Teniente \u00c1ngelo Acevedo pidi\u00f3 que el Cabo 1ro Wladimir Bahamondes estuviera presente y fuese saludado por los dirigentes, adem\u00e1s indic\u00f3 sentirse orgulloso, pues sabe que al asumir el mando de la Tenencia de Putaendo hay muchas expectativas de la comunidad sobre su labor y dijo que desde un principio ha trabajado a la par con el personal policial y le ha pedido a todos los carabineros que le ayuden dando lo mejor de s\u00ed mismos para realizar una buena labor.<\/p>\n<p>El oficial de Carabineros indic\u00f3 que el Cabo 1ro Bahamondes, estando en la tenencia despu\u00e9s de un turno nocturno y mientras realizaba un tr\u00e1mite personal, se enter\u00f3 del procedimiento policial y al ver que los otros efectivos policiales se encontraban atendiendo dos procedimientos distintos, tom\u00f3 su veh\u00edculo particular y con los antecedentes entregados por la v\u00edctima logr\u00f3 detener, a bordo de un microb\u00fas, a un delincuente de 16 a\u00f1os de edad que minutos antes hab\u00eda perpetrado un robo en el c\u00e9ntrico local comercial.<\/p>\n<p>La propietaria del Minimarket La Esquina, Patricia Casas, mostr\u00f3 su agradecimiento hacia Carabineros y en especial hacia el Cabo Bahamondes, mientras que la C\u00e1mara de Comercio y Turismo de Putaendo aprovech\u00f3 la ocasi\u00f3n para mantener la primera reuni\u00f3n con el nuevo jefe de tenencia de Putaendo, con quien coordinaron una reuni\u00f3n ampliada con sus socios para trabajar en conjunto en el combate a la delincuencia.<\/p>\n<p>Patricio Gallardo M.<\/p>\n<p>&nbsp;<\/p>\n","protected":false},"excerpt":{"rendered":"<p>PUTAENDO.&#8211; La C\u00e1mara de Comercio y Turismo de Putaendo visit\u00f3 al Teniente de Carabineros de la comuna, \u00c1ngelo Acevedo, para reconocer la acci\u00f3n del Cabo 1ro Wladimir Bahamondes Bernal, que estando en&#8230;<\/p>\n","protected":false},"author":482,"featured_media":45205,"comment_status":"open","ping_status":"closed","sticky":false,"template":"","format":"standard","meta":{"advanced_seo_description":"","jetpack_seo_html_title":"","jetpack_seo_noindex":false,"_jetpack_memberships_contains_paid_content":false,"footnotes":""},"categories":[15],"tags":[],"class_list":["post-45204","post","type-post","status-publish","format-standard","has-post-thumbnail","hentry","category-comunidad"],"jetpack_featured_media_url":"https:\/\/i0.wp.com\/eltrabajo.cl\/portal\/wp-content\/uploads\/2014\/04\/CAMARA-DE-COMERCIO-1.jpg?fit=529%2C277&ssl=1","jetpack_sharing_enabled":true,"jetpack_likes_enabled":true,"jetpack-related-posts":[],"_links":{"self":[{"href":"https:\/\/eltrabajo.cl\/portal\/wp-json\/wp\/v2\/posts\/45204","targetHints":{"allow":["GET"]}}],"collection":[{"href":"https:\/\/eltrabajo.cl\/portal\/wp-json\/wp\/v2\/posts"}],"about":[{"href":"https:\/\/eltrabajo.cl\/portal\/wp-json\/wp\/v2\/types\/post"}],"author":[{"embeddable":true,"href":"https:\/\/eltrabajo.cl\/portal\/wp-json\/wp\/v2\/users\/482"}],"replies":[{"embeddable":true,"href":"https:\/\/eltrabajo.cl\/portal\/wp-json\/wp\/v2\/comments?post=45204"}],"version-history":[{"count":0,"href":"https:\/\/eltrabajo.cl\/portal\/wp-json\/wp\/v2\/posts\/45204\/revisions"}],"wp:featuredmedia":[{"embeddable":true,"href":"https:\/\/eltrabajo.cl\/portal\/wp-json\/wp\/v2\/media\/45205"}],"wp:attachment":[{"href":"https:\/\/eltrabajo.cl\/portal\/wp-json\/wp\/v2\/media?parent=45204"}],"wp:term":[{"taxonomy":"category","embeddable":true,"href":"https:\/\/eltrabajo.cl\/portal\/wp-json\/wp\/v2\/categories?post=45204"},{"taxonomy":"post_tag","embeddable":true,"href":"https:\/\/eltrabajo.cl\/portal\/wp-json\/wp\/v2\/tags?post=45204"}],"curies":[{"name":"wp","href":"https:\/\/api.w.org\/{rel}","templated":true}]}}