{"id":45210,"date":"2014-04-09T09:56:09","date_gmt":"2014-04-09T12:56:09","guid":{"rendered":"http:\/\/www.eltrabajo.cl\/portal\/?p=45210"},"modified":"2014-04-09T09:56:09","modified_gmt":"2014-04-09T12:56:09","slug":"desarrollan-programa-bilingue-mapudungun-espanol-en-escuela-la-higuera","status":"publish","type":"post","link":"https:\/\/eltrabajo.cl\/portal\/desarrollan-programa-bilingue-mapudungun-espanol-en-escuela-la-higuera\/","title":{"rendered":"Desarrollan programa biling\u00fce mapudungun-espa\u00f1ol en Escuela La Higuera"},"content":{"rendered":"<figure id=\"attachment_45211\" aria-describedby=\"caption-attachment-45211\" style=\"width: 528px\" class=\"wp-caption alignnone\"><a href=\"https:\/\/i0.wp.com\/www.eltrabajo.cl\/portal\/wp-content\/uploads\/2014\/04\/Mapuches2.jpg\"><img data-recalc-dims=\"1\" loading=\"lazy\" decoding=\"async\" class=\"size-full wp-image-45211\" alt=\"SOMOS HERMANOS.- Es gracias al Peib que tanto mapuches como nuestros hijos, ahora est\u00e1n trabajando abiertamente dentro del marco del respeto, la tolerancia y la cooperaci\u00f3n.\" src=\"https:\/\/i0.wp.com\/www.eltrabajo.cl\/portal\/wp-content\/uploads\/2014\/04\/Mapuches2.jpg?resize=528%2C347\" width=\"528\" height=\"347\" srcset=\"https:\/\/i0.wp.com\/eltrabajo.cl\/portal\/wp-content\/uploads\/2014\/04\/Mapuches2.jpg?w=528&amp;ssl=1 528w, https:\/\/i0.wp.com\/eltrabajo.cl\/portal\/wp-content\/uploads\/2014\/04\/Mapuches2.jpg?resize=200%2C131&amp;ssl=1 200w, https:\/\/i0.wp.com\/eltrabajo.cl\/portal\/wp-content\/uploads\/2014\/04\/Mapuches2.jpg?resize=300%2C197&amp;ssl=1 300w, https:\/\/i0.wp.com\/eltrabajo.cl\/portal\/wp-content\/uploads\/2014\/04\/Mapuches2.jpg?resize=150%2C98&amp;ssl=1 150w, https:\/\/i0.wp.com\/eltrabajo.cl\/portal\/wp-content\/uploads\/2014\/04\/Mapuches2.jpg?resize=400%2C262&amp;ssl=1 400w\" sizes=\"auto, (max-width: 528px) 100vw, 528px\" \/><\/a><figcaption id=\"caption-attachment-45211\" class=\"wp-caption-text\">SOMOS HERMANOS.- Es gracias al Peib que tanto mapuches como nuestros hijos, ahora est\u00e1n trabajando abiertamente dentro del marco del respeto, la tolerancia y la cooperaci\u00f3n.<\/figcaption><\/figure>\n<p><strong>SANTA MAR\u00cdA<\/strong>.- Siendo que aquellas escuelas que tengan matriculados al menos un 20% de estudiantes de una etnia distinta al castellano chileno pasan autom\u00e1ticamente a la categor\u00eda \u2018Multicultural\u2019, hoy en Diario El Trabajo presentamos a la Escuela B\u00e1sica La Higuera, en la poblaci\u00f3n con el mismo nombre y que figura como la \u00fanica en nuestra provincia que imparte clases en tres idiomas: mapudungun, castellano e ingl\u00e9s.<\/p>\n<p>Nuestro medio visit\u00f3 este martes las aulas de esa escuelita rural para conocer c\u00f3mo es que el Mineduc adapt\u00f3 el plan de estudios escolar para que los alumnos mapuches puedan crecer acad\u00e9micamente sin perder de vista los lineamientos culturales de sus ra\u00edces culturales e hist\u00f3ricas, a la vez que ayuda a los dem\u00e1s ni\u00f1os a la asimilaci\u00f3n de la ancestral cultura.<\/p>\n<p>\u00abEl Programa Educativo Intercultural Biling\u00fce (Peib) consiste en fusionar nuestra cultura con la de los mapuches de una manera positiva y constructiva en beneficio del crecimiento y tolerancia de ambas para el alumnado, las lenguas castellano y mapudungun (mapuzugun) son asimiladas por nuestros estudiantes en este programa\u00bb, explic\u00f3 a Diario El Trabajo la Profesora Diferencial, Liliana D\u00edaz.<\/p>\n<p>La docente inform\u00f3 tambi\u00e9n a nuestro medio que \u00abdurante este primer a\u00f1o de implementar el Peib, los ni\u00f1os; y nosotros tambi\u00e9n como docentes, hemos profundizado m\u00e1s sobre lo que sab\u00edamos de la cultura mapuche, sus creencias religiosas; las semillas que comen; sus bases culturales y para ellos tambi\u00e9n ha sido \u00fatil aprender c\u00f3mo funciona nuestra sociedad chilena\u00bb, agreg\u00f3 D\u00edaz.<\/p>\n<p><strong>TRES IDIOMAS<\/strong><\/p>\n<p>La Escuela B\u00e1sica de La Higuera cuenta con 57 estudiantes entre pre-k\u00ednder y 6\u00ba b\u00e1sico, de los cuales doces son mapuches, en este centro educativo tambi\u00e9n funciona el PIE (Programa de Integraci\u00f3n Escolar). La directora de la escuela, Nelly Antim\u00e1n Bello, confirm\u00f3 a Diario El Trabajo que \u00abde esos 57 alumnos, catorce pertenecen al PIE; de entre los cuales atendemos a peque\u00f1os con trastornos espec\u00edficos; lim\u00edtrofes; deficiencias mentales; d\u00e9ficit atencional y de lenguajes\u00bb.<\/p>\n<p>Esta escuela fundada el viernes 1\u00ba de octubre de 1920; actualmente es atendida por nueve docentes; cuenta con sala de c\u00f3mputo; jornada completa para los estudiantes de b\u00e1sica; se imparten adem\u00e1s clases de m\u00fasica y hasta una tercera lengua, el ingl\u00e9s.<\/p>\n<p>Roberto Gonz\u00e1lez Short<\/p>\n<p>diario@eltrabajo.cl<\/p>\n<div class=\"tiled-gallery type-rectangular tiled-gallery-unresized\" data-original-width=\"640\" data-carousel-extra='null' itemscope itemtype=\"http:\/\/schema.org\/ImageGallery\" > <div class=\"gallery-row\" style=\"width: 640px; height: 487px;\" data-original-width=\"640\" data-original-height=\"487\" > <div class=\"gallery-group images-2\" style=\"width: 261px; height: 487px;\" data-original-width=\"261\" data-original-height=\"487\" > <div class=\"tiled-gallery-item tiled-gallery-item-large\" itemprop=\"associatedMedia\" itemscope itemtype=\"http:\/\/schema.org\/ImageObject\"> <a href=\"https:\/\/eltrabajo.cl\/portal\/desarrollan-programa-bilingue-mapudungun-espanol-en-escuela-la-higuera\/clases1\/\" border=\"0\" itemprop=\"url\"> <meta itemprop=\"width\" content=\"257\"> <meta itemprop=\"height\" content=\"218\"> <img decoding=\"async\" class=\"\" data-attachment-id=\"45212\" data-orig-file=\"https:\/\/eltrabajo.cl\/portal\/wp-content\/uploads\/2014\/04\/Clases1.jpg\" data-orig-size=\"528,449\" data-comments-opened=\"1\" data-image-meta=\"{&quot;aperture&quot;:&quot;3.3&quot;,&quot;credit&quot;:&quot;&quot;,&quot;camera&quot;:&quot;DSC-W690&quot;,&quot;caption&quot;:&quot;&quot;,&quot;created_timestamp&quot;:&quot;1396609084&quot;,&quot;copyright&quot;:&quot;&quot;,&quot;focal_length&quot;:&quot;4.45&quot;,&quot;iso&quot;:&quot;160&quot;,&quot;shutter_speed&quot;:&quot;0.033333333333333&quot;,&quot;title&quot;:&quot;&quot;}\" data-image-title=\"Clases1\" data-image-description=\"&lt;p&gt;FUSI\u00d3N CULTURAL.- Conocer las semillas, el lenguaje mismo y hasta los valores religiosos y culturales de los mapuches y el \u2018Hombre blanco\u2019, es la tarea fundamental del Peib en la Escuela La Higuera.&lt;\/p&gt; \" data-medium-file=\"https:\/\/i0.wp.com\/eltrabajo.cl\/portal\/wp-content\/uploads\/2014\/04\/Clases1.jpg?fit=300%2C255&#038;ssl=1\" data-large-file=\"https:\/\/i0.wp.com\/eltrabajo.cl\/portal\/wp-content\/uploads\/2014\/04\/Clases1.jpg?fit=528%2C449&#038;ssl=1\" src=\"https:\/\/i0.wp.com\/eltrabajo.cl\/portal\/wp-content\/uploads\/2014\/04\/Clases1.jpg?w=257&#038;h=218&#038;ssl=1\" srcset=\"https:\/\/i0.wp.com\/eltrabajo.cl\/portal\/wp-content\/uploads\/2014\/04\/Clases1.jpg?w=528&amp;ssl=1 528w, https:\/\/i0.wp.com\/eltrabajo.cl\/portal\/wp-content\/uploads\/2014\/04\/Clases1.jpg?resize=176%2C150&amp;ssl=1 176w, https:\/\/i0.wp.com\/eltrabajo.cl\/portal\/wp-content\/uploads\/2014\/04\/Clases1.jpg?resize=300%2C255&amp;ssl=1 300w, https:\/\/i0.wp.com\/eltrabajo.cl\/portal\/wp-content\/uploads\/2014\/04\/Clases1.jpg?resize=150%2C127&amp;ssl=1 150w, https:\/\/i0.wp.com\/eltrabajo.cl\/portal\/wp-content\/uploads\/2014\/04\/Clases1.jpg?resize=400%2C340&amp;ssl=1 400w\" width=\"257\" height=\"218\" loading=\"lazy\" data-original-width=\"257\" data-original-height=\"218\" itemprop=\"http:\/\/schema.org\/image\" title=\"Clases1\" alt=\"FUSI\u00d3N CULTURAL.- Conocer las semillas, el lenguaje mismo y hasta los valores religiosos y culturales de los mapuches y el \u2018Hombre blanco\u2019, es la tarea fundamental del Peib en la Escuela La Higuera.\" style=\"width: 257px; height: 218px;\" \/> <\/a> <div class=\"tiled-gallery-caption\" itemprop=\"caption description\"> FUSI\u00d3N CULTURAL.- Conocer las semillas, el lenguaje mismo y hasta los valores religiosos y culturales de los mapuches y el \u2018Hombre blanco\u2019, es la tarea fundamental del Peib en la Escuela La Higuera. <\/div> <\/div> <div class=\"tiled-gallery-item tiled-gallery-item-large\" itemprop=\"associatedMedia\" itemscope itemtype=\"http:\/\/schema.org\/ImageObject\"> <a href=\"https:\/\/eltrabajo.cl\/portal\/desarrollan-programa-bilingue-mapudungun-espanol-en-escuela-la-higuera\/isabel-rozas\/\" border=\"0\" itemprop=\"url\"> <meta itemprop=\"width\" content=\"257\"> <meta itemprop=\"height\" content=\"261\"> <img decoding=\"async\" class=\"\" data-attachment-id=\"45213\" data-orig-file=\"https:\/\/eltrabajo.cl\/portal\/wp-content\/uploads\/2014\/04\/Isabel-Rozas.jpg\" data-orig-size=\"529,538\" data-comments-opened=\"1\" data-image-meta=\"{&quot;aperture&quot;:&quot;3.3&quot;,&quot;credit&quot;:&quot;&quot;,&quot;camera&quot;:&quot;DSC-H100&quot;,&quot;caption&quot;:&quot;&quot;,&quot;created_timestamp&quot;:&quot;1396961651&quot;,&quot;copyright&quot;:&quot;Copyright 2009&quot;,&quot;focal_length&quot;:&quot;6.1&quot;,&quot;iso&quot;:&quot;80&quot;,&quot;shutter_speed&quot;:&quot;0.0125&quot;,&quot;title&quot;:&quot;&quot;}\" data-image-title=\"Isabel Rozas\" data-image-description=\"&lt;p&gt;ISABEL ROZAS, ESTUDIANTE MAPUCHE: \u00abEstoy contenta con este aprendizaje, mis pap\u00e1s a veces me ense\u00f1an palabras mapudungun y aqu\u00ed en la escuela aprendo m\u00e1s de mi lengua original\u00bb.&lt;\/p&gt; \" data-medium-file=\"https:\/\/i0.wp.com\/eltrabajo.cl\/portal\/wp-content\/uploads\/2014\/04\/Isabel-Rozas.jpg?fit=294%2C300&#038;ssl=1\" data-large-file=\"https:\/\/i0.wp.com\/eltrabajo.cl\/portal\/wp-content\/uploads\/2014\/04\/Isabel-Rozas.jpg?fit=529%2C538&#038;ssl=1\" src=\"https:\/\/i0.wp.com\/eltrabajo.cl\/portal\/wp-content\/uploads\/2014\/04\/Isabel-Rozas.jpg?w=257&#038;h=261&#038;ssl=1\" srcset=\"https:\/\/i0.wp.com\/eltrabajo.cl\/portal\/wp-content\/uploads\/2014\/04\/Isabel-Rozas.jpg?w=529&amp;ssl=1 529w, https:\/\/i0.wp.com\/eltrabajo.cl\/portal\/wp-content\/uploads\/2014\/04\/Isabel-Rozas.jpg?resize=147%2C150&amp;ssl=1 147w, https:\/\/i0.wp.com\/eltrabajo.cl\/portal\/wp-content\/uploads\/2014\/04\/Isabel-Rozas.jpg?resize=294%2C300&amp;ssl=1 294w, https:\/\/i0.wp.com\/eltrabajo.cl\/portal\/wp-content\/uploads\/2014\/04\/Isabel-Rozas.jpg?resize=400%2C406&amp;ssl=1 400w\" width=\"257\" height=\"261\" loading=\"lazy\" data-original-width=\"257\" data-original-height=\"261\" itemprop=\"http:\/\/schema.org\/image\" title=\"Isabel Rozas\" alt=\"ISABEL ROZAS, ESTUDIANTE MAPUCHE: \u00abEstoy contenta con este aprendizaje, mis pap\u00e1s a veces me ense\u00f1an palabras mapudungun y aqu\u00ed en la escuela aprendo m\u00e1s de mi lengua original\u00bb.\" style=\"width: 257px; height: 261px;\" \/> <\/a> <div class=\"tiled-gallery-caption\" itemprop=\"caption description\"> ISABEL ROZAS, ESTUDIANTE MAPUCHE: \u00abEstoy contenta con este aprendizaje, mis pap\u00e1s a veces me ense\u00f1an palabras mapudungun y aqu\u00ed en la escuela aprendo m\u00e1s de mi lengua original\u00bb. <\/div> <\/div> <\/div> <!-- close group --> <div class=\"gallery-group images-1\" style=\"width: 379px; height: 487px;\" data-original-width=\"379\" data-original-height=\"487\" > <div class=\"tiled-gallery-item tiled-gallery-item-large\" itemprop=\"associatedMedia\" itemscope itemtype=\"http:\/\/schema.org\/ImageObject\"> <a href=\"https:\/\/eltrabajo.cl\/portal\/desarrollan-programa-bilingue-mapudungun-espanol-en-escuela-la-higuera\/libros1-3\/\" border=\"0\" itemprop=\"url\"> <meta itemprop=\"width\" content=\"375\"> <meta itemprop=\"height\" content=\"483\"> <img decoding=\"async\" class=\"\" data-attachment-id=\"45214\" data-orig-file=\"https:\/\/eltrabajo.cl\/portal\/wp-content\/uploads\/2014\/04\/Libros1.jpg\" data-orig-size=\"529,681\" data-comments-opened=\"1\" data-image-meta=\"{&quot;aperture&quot;:&quot;3.1&quot;,&quot;credit&quot;:&quot;&quot;,&quot;camera&quot;:&quot;DSC-H100&quot;,&quot;caption&quot;:&quot;&quot;,&quot;created_timestamp&quot;:&quot;1396959668&quot;,&quot;copyright&quot;:&quot;Copyright 2009&quot;,&quot;focal_length&quot;:&quot;4.5&quot;,&quot;iso&quot;:&quot;80&quot;,&quot;shutter_speed&quot;:&quot;0.033333333333333&quot;,&quot;title&quot;:&quot;&quot;}\" data-image-title=\"Libros1\" data-image-description=\"&lt;p&gt;LIBROS ACTUALIZADOS.- Este libro es parte del material did\u00e1ctico con el que los ni\u00f1os deben trabajar en este singular programa escolar.&lt;\/p&gt; \" data-medium-file=\"https:\/\/i0.wp.com\/eltrabajo.cl\/portal\/wp-content\/uploads\/2014\/04\/Libros1.jpg?fit=233%2C300&#038;ssl=1\" data-large-file=\"https:\/\/i0.wp.com\/eltrabajo.cl\/portal\/wp-content\/uploads\/2014\/04\/Libros1.jpg?fit=529%2C681&#038;ssl=1\" src=\"https:\/\/i0.wp.com\/eltrabajo.cl\/portal\/wp-content\/uploads\/2014\/04\/Libros1.jpg?w=375&#038;h=483&#038;ssl=1\" srcset=\"https:\/\/i0.wp.com\/eltrabajo.cl\/portal\/wp-content\/uploads\/2014\/04\/Libros1.jpg?w=529&amp;ssl=1 529w, https:\/\/i0.wp.com\/eltrabajo.cl\/portal\/wp-content\/uploads\/2014\/04\/Libros1.jpg?resize=116%2C150&amp;ssl=1 116w, https:\/\/i0.wp.com\/eltrabajo.cl\/portal\/wp-content\/uploads\/2014\/04\/Libros1.jpg?resize=233%2C300&amp;ssl=1 233w, https:\/\/i0.wp.com\/eltrabajo.cl\/portal\/wp-content\/uploads\/2014\/04\/Libros1.jpg?resize=400%2C514&amp;ssl=1 400w\" width=\"375\" height=\"483\" loading=\"lazy\" data-original-width=\"375\" data-original-height=\"483\" itemprop=\"http:\/\/schema.org\/image\" title=\"Libros1\" alt=\"LIBROS ACTUALIZADOS.- Este libro es parte del material did\u00e1ctico con el que los ni\u00f1os deben trabajar en este singular programa escolar.\" style=\"width: 375px; height: 483px;\" \/> <\/a> <div class=\"tiled-gallery-caption\" itemprop=\"caption description\"> LIBROS ACTUALIZADOS.- Este libro es parte del material did\u00e1ctico con el que los ni\u00f1os deben trabajar en este singular programa escolar. <\/div> <\/div> <\/div> <!-- close group --> <\/div> <!-- close row --> <div class=\"gallery-row\" style=\"width: 640px; height: 396px;\" data-original-width=\"640\" data-original-height=\"396\" > <div class=\"gallery-group images-1\" style=\"width: 380px; height: 396px;\" data-original-width=\"380\" data-original-height=\"396\" > <div class=\"tiled-gallery-item tiled-gallery-item-large\" itemprop=\"associatedMedia\" itemscope itemtype=\"http:\/\/schema.org\/ImageObject\"> <a href=\"https:\/\/eltrabajo.cl\/portal\/desarrollan-programa-bilingue-mapudungun-espanol-en-escuela-la-higuera\/liliana-diaz\/\" border=\"0\" itemprop=\"url\"> <meta itemprop=\"width\" content=\"376\"> <meta itemprop=\"height\" content=\"392\"> <img decoding=\"async\" class=\"\" data-attachment-id=\"45215\" data-orig-file=\"https:\/\/eltrabajo.cl\/portal\/wp-content\/uploads\/2014\/04\/Liliana-Diaz.jpg\" data-orig-size=\"529,551\" data-comments-opened=\"1\" data-image-meta=\"{&quot;aperture&quot;:&quot;3.1&quot;,&quot;credit&quot;:&quot;&quot;,&quot;camera&quot;:&quot;DSC-H100&quot;,&quot;caption&quot;:&quot;&quot;,&quot;created_timestamp&quot;:&quot;1396960292&quot;,&quot;copyright&quot;:&quot;Copyright 2009&quot;,&quot;focal_length&quot;:&quot;4.5&quot;,&quot;iso&quot;:&quot;80&quot;,&quot;shutter_speed&quot;:&quot;0.033333333333333&quot;,&quot;title&quot;:&quot;&quot;}\" data-image-title=\"Liliana Diaz\" data-image-description=\"&lt;p&gt;Profesora Diferencial de la Escuela B\u00e1sica La Higuera, Liliana D\u00edaz.&lt;\/p&gt; \" data-medium-file=\"https:\/\/i0.wp.com\/eltrabajo.cl\/portal\/wp-content\/uploads\/2014\/04\/Liliana-Diaz.jpg?fit=288%2C300&#038;ssl=1\" data-large-file=\"https:\/\/i0.wp.com\/eltrabajo.cl\/portal\/wp-content\/uploads\/2014\/04\/Liliana-Diaz.jpg?fit=529%2C551&#038;ssl=1\" src=\"https:\/\/i0.wp.com\/eltrabajo.cl\/portal\/wp-content\/uploads\/2014\/04\/Liliana-Diaz.jpg?w=376&#038;h=392&#038;ssl=1\" srcset=\"https:\/\/i0.wp.com\/eltrabajo.cl\/portal\/wp-content\/uploads\/2014\/04\/Liliana-Diaz.jpg?w=529&amp;ssl=1 529w, https:\/\/i0.wp.com\/eltrabajo.cl\/portal\/wp-content\/uploads\/2014\/04\/Liliana-Diaz.jpg?resize=144%2C150&amp;ssl=1 144w, https:\/\/i0.wp.com\/eltrabajo.cl\/portal\/wp-content\/uploads\/2014\/04\/Liliana-Diaz.jpg?resize=288%2C300&amp;ssl=1 288w, https:\/\/i0.wp.com\/eltrabajo.cl\/portal\/wp-content\/uploads\/2014\/04\/Liliana-Diaz.jpg?resize=400%2C416&amp;ssl=1 400w\" width=\"376\" height=\"392\" loading=\"lazy\" data-original-width=\"376\" data-original-height=\"392\" itemprop=\"http:\/\/schema.org\/image\" title=\"Liliana Diaz\" alt=\"Profesora Diferencial de la Escuela B\u00e1sica La Higuera, Liliana D\u00edaz.\" style=\"width: 376px; height: 392px;\" \/> <\/a> <div class=\"tiled-gallery-caption\" itemprop=\"caption description\"> Profesora Diferencial de la Escuela B\u00e1sica La Higuera, Liliana D\u00edaz. <\/div> <\/div> <\/div> <!-- close group --> <div class=\"gallery-group images-2\" style=\"width: 260px; height: 396px;\" data-original-width=\"260\" data-original-height=\"396\" > <div class=\"tiled-gallery-item tiled-gallery-item-large\" itemprop=\"associatedMedia\" itemscope itemtype=\"http:\/\/schema.org\/ImageObject\"> <a href=\"https:\/\/eltrabajo.cl\/portal\/desarrollan-programa-bilingue-mapudungun-espanol-en-escuela-la-higuera\/mapuches1\/\" border=\"0\" itemprop=\"url\"> <meta itemprop=\"width\" content=\"256\"> <meta itemprop=\"height\" content=\"194\"> <img decoding=\"async\" class=\"\" data-attachment-id=\"45216\" data-orig-file=\"https:\/\/eltrabajo.cl\/portal\/wp-content\/uploads\/2014\/04\/Mapuches1.jpg\" data-orig-size=\"528,401\" data-comments-opened=\"1\" data-image-meta=\"{&quot;aperture&quot;:&quot;3.5&quot;,&quot;credit&quot;:&quot;&quot;,&quot;camera&quot;:&quot;DSC-H100&quot;,&quot;caption&quot;:&quot;&quot;,&quot;created_timestamp&quot;:&quot;1396961277&quot;,&quot;copyright&quot;:&quot;Copyright 2009&quot;,&quot;focal_length&quot;:&quot;7.7&quot;,&quot;iso&quot;:&quot;80&quot;,&quot;shutter_speed&quot;:&quot;0.008&quot;,&quot;title&quot;:&quot;&quot;}\" data-image-title=\"Mapuches1\" data-image-description=\"&lt;p&gt;BILING\u00dcES.- Estos peque\u00f1itos muestran a Diario El Trabajo el material de estudio, autorizado por el Mineduc, que a ellos les sirve para recibir clases biling\u00fce.&lt;\/p&gt; \" data-medium-file=\"https:\/\/i0.wp.com\/eltrabajo.cl\/portal\/wp-content\/uploads\/2014\/04\/Mapuches1.jpg?fit=300%2C227&#038;ssl=1\" data-large-file=\"https:\/\/i0.wp.com\/eltrabajo.cl\/portal\/wp-content\/uploads\/2014\/04\/Mapuches1.jpg?fit=528%2C401&#038;ssl=1\" src=\"https:\/\/i0.wp.com\/eltrabajo.cl\/portal\/wp-content\/uploads\/2014\/04\/Mapuches1.jpg?w=256&#038;h=194&#038;ssl=1\" srcset=\"https:\/\/i0.wp.com\/eltrabajo.cl\/portal\/wp-content\/uploads\/2014\/04\/Mapuches1.jpg?w=528&amp;ssl=1 528w, https:\/\/i0.wp.com\/eltrabajo.cl\/portal\/wp-content\/uploads\/2014\/04\/Mapuches1.jpg?resize=197%2C150&amp;ssl=1 197w, https:\/\/i0.wp.com\/eltrabajo.cl\/portal\/wp-content\/uploads\/2014\/04\/Mapuches1.jpg?resize=300%2C227&amp;ssl=1 300w, https:\/\/i0.wp.com\/eltrabajo.cl\/portal\/wp-content\/uploads\/2014\/04\/Mapuches1.jpg?resize=150%2C113&amp;ssl=1 150w, https:\/\/i0.wp.com\/eltrabajo.cl\/portal\/wp-content\/uploads\/2014\/04\/Mapuches1.jpg?resize=400%2C303&amp;ssl=1 400w\" width=\"256\" height=\"194\" loading=\"lazy\" data-original-width=\"256\" data-original-height=\"194\" itemprop=\"http:\/\/schema.org\/image\" title=\"Mapuches1\" alt=\"BILING\u00dcES.- Estos peque\u00f1itos muestran a Diario El Trabajo el material de estudio, autorizado por el Mineduc, que a ellos les sirve para recibir clases biling\u00fce.\" style=\"width: 256px; height: 194px;\" \/> <\/a> <div class=\"tiled-gallery-caption\" itemprop=\"caption description\"> BILING\u00dcES.- Estos peque\u00f1itos muestran a Diario El Trabajo el material de estudio, autorizado por el Mineduc, que a ellos les sirve para recibir clases biling\u00fce. <\/div> <\/div> <div class=\"tiled-gallery-item tiled-gallery-item-large\" itemprop=\"associatedMedia\" itemscope itemtype=\"http:\/\/schema.org\/ImageObject\"> <a href=\"https:\/\/eltrabajo.cl\/portal\/desarrollan-programa-bilingue-mapudungun-espanol-en-escuela-la-higuera\/nelly-antiman\/\" border=\"0\" itemprop=\"url\"> <meta itemprop=\"width\" content=\"256\"> <meta itemprop=\"height\" content=\"194\"> <img decoding=\"async\" class=\"\" data-attachment-id=\"45217\" data-orig-file=\"https:\/\/eltrabajo.cl\/portal\/wp-content\/uploads\/2014\/04\/Nelly-Antiman.jpg\" data-orig-size=\"528,400\" data-comments-opened=\"1\" data-image-meta=\"{&quot;aperture&quot;:&quot;4.5&quot;,&quot;credit&quot;:&quot;&quot;,&quot;camera&quot;:&quot;DSC-H100&quot;,&quot;caption&quot;:&quot;&quot;,&quot;created_timestamp&quot;:&quot;1396959060&quot;,&quot;copyright&quot;:&quot;Copyright 2009&quot;,&quot;focal_length&quot;:&quot;19&quot;,&quot;iso&quot;:&quot;200&quot;,&quot;shutter_speed&quot;:&quot;0.016666666666667&quot;,&quot;title&quot;:&quot;&quot;}\" data-image-title=\"Nelly Antiman\" data-image-description=\"&lt;p&gt;Nelly Antim\u00e1n Bello, directora de esa escuela rural en La Higuera.&lt;\/p&gt; \" data-medium-file=\"https:\/\/i0.wp.com\/eltrabajo.cl\/portal\/wp-content\/uploads\/2014\/04\/Nelly-Antiman.jpg?fit=300%2C227&#038;ssl=1\" data-large-file=\"https:\/\/i0.wp.com\/eltrabajo.cl\/portal\/wp-content\/uploads\/2014\/04\/Nelly-Antiman.jpg?fit=528%2C400&#038;ssl=1\" src=\"https:\/\/i0.wp.com\/eltrabajo.cl\/portal\/wp-content\/uploads\/2014\/04\/Nelly-Antiman.jpg?w=256&#038;h=194&#038;ssl=1\" srcset=\"https:\/\/i0.wp.com\/eltrabajo.cl\/portal\/wp-content\/uploads\/2014\/04\/Nelly-Antiman.jpg?w=528&amp;ssl=1 528w, https:\/\/i0.wp.com\/eltrabajo.cl\/portal\/wp-content\/uploads\/2014\/04\/Nelly-Antiman.jpg?resize=198%2C150&amp;ssl=1 198w, https:\/\/i0.wp.com\/eltrabajo.cl\/portal\/wp-content\/uploads\/2014\/04\/Nelly-Antiman.jpg?resize=300%2C227&amp;ssl=1 300w, https:\/\/i0.wp.com\/eltrabajo.cl\/portal\/wp-content\/uploads\/2014\/04\/Nelly-Antiman.jpg?resize=150%2C113&amp;ssl=1 150w, https:\/\/i0.wp.com\/eltrabajo.cl\/portal\/wp-content\/uploads\/2014\/04\/Nelly-Antiman.jpg?resize=400%2C303&amp;ssl=1 400w\" width=\"256\" height=\"194\" loading=\"lazy\" data-original-width=\"256\" data-original-height=\"194\" itemprop=\"http:\/\/schema.org\/image\" title=\"Nelly Antiman\" alt=\"Nelly Antim\u00e1n Bello, directora de esa escuela rural en La Higuera.\" style=\"width: 256px; height: 194px;\" \/> <\/a> <div class=\"tiled-gallery-caption\" itemprop=\"caption description\"> Nelly Antim\u00e1n Bello, directora de esa escuela rural en La Higuera. <\/div> <\/div> <\/div> <!-- close group --> <\/div> <!-- close row --> <\/div>\n<p>&nbsp;<\/p>\n","protected":false},"excerpt":{"rendered":"<p>SANTA MAR\u00cdA.- Siendo que aquellas escuelas que tengan matriculados al menos un 20% de estudiantes de una etnia distinta al castellano chileno pasan autom\u00e1ticamente a la categor\u00eda \u2018Multicultural\u2019, hoy en Diario El&#8230;<\/p>\n","protected":false},"author":482,"featured_media":45211,"comment_status":"open","ping_status":"closed","sticky":false,"template":"","format":"standard","meta":{"advanced_seo_description":"","jetpack_seo_html_title":"","jetpack_seo_noindex":false,"_jetpack_memberships_contains_paid_content":false,"footnotes":""},"categories":[15],"tags":[],"class_list":["post-45210","post","type-post","status-publish","format-standard","has-post-thumbnail","hentry","category-comunidad"],"jetpack_featured_media_url":"https:\/\/i0.wp.com\/eltrabajo.cl\/portal\/wp-content\/uploads\/2014\/04\/Mapuches2.jpg?fit=528%2C347&ssl=1","jetpack_sharing_enabled":true,"jetpack_likes_enabled":true,"jetpack-related-posts":[],"_links":{"self":[{"href":"https:\/\/eltrabajo.cl\/portal\/wp-json\/wp\/v2\/posts\/45210","targetHints":{"allow":["GET"]}}],"collection":[{"href":"https:\/\/eltrabajo.cl\/portal\/wp-json\/wp\/v2\/posts"}],"about":[{"href":"https:\/\/eltrabajo.cl\/portal\/wp-json\/wp\/v2\/types\/post"}],"author":[{"embeddable":true,"href":"https:\/\/eltrabajo.cl\/portal\/wp-json\/wp\/v2\/users\/482"}],"replies":[{"embeddable":true,"href":"https:\/\/eltrabajo.cl\/portal\/wp-json\/wp\/v2\/comments?post=45210"}],"version-history":[{"count":0,"href":"https:\/\/eltrabajo.cl\/portal\/wp-json\/wp\/v2\/posts\/45210\/revisions"}],"wp:featuredmedia":[{"embeddable":true,"href":"https:\/\/eltrabajo.cl\/portal\/wp-json\/wp\/v2\/media\/45211"}],"wp:attachment":[{"href":"https:\/\/eltrabajo.cl\/portal\/wp-json\/wp\/v2\/media?parent=45210"}],"wp:term":[{"taxonomy":"category","embeddable":true,"href":"https:\/\/eltrabajo.cl\/portal\/wp-json\/wp\/v2\/categories?post=45210"},{"taxonomy":"post_tag","embeddable":true,"href":"https:\/\/eltrabajo.cl\/portal\/wp-json\/wp\/v2\/tags?post=45210"}],"curies":[{"name":"wp","href":"https:\/\/api.w.org\/{rel}","templated":true}]}}