{"id":45228,"date":"2014-04-09T10:01:36","date_gmt":"2014-04-09T13:01:36","guid":{"rendered":"http:\/\/www.eltrabajo.cl\/portal\/?p=45228"},"modified":"2014-04-09T10:01:36","modified_gmt":"2014-04-09T13:01:36","slug":"municipio-andino-entregara-320-becas-para-educacion-superior-y-secundaria","status":"publish","type":"post","link":"https:\/\/eltrabajo.cl\/portal\/municipio-andino-entregara-320-becas-para-educacion-superior-y-secundaria\/","title":{"rendered":"Municipio andino entregar\u00e1 320 becas para educaci\u00f3n superior y secundaria"},"content":{"rendered":"<figure id=\"attachment_45229\" aria-describedby=\"caption-attachment-45229\" style=\"width: 317px\" class=\"wp-caption alignleft\"><a href=\"https:\/\/i0.wp.com\/www.eltrabajo.cl\/portal\/wp-content\/uploads\/2014\/04\/maria-cecilia-prado-becas.jpg\"><img data-recalc-dims=\"1\" loading=\"lazy\" decoding=\"async\" class=\" wp-image-45229 \" alt=\"La Dideco Mar\u00eda Cecilia Prado llam\u00f3 a los j\u00f3venes que no han sido encuestados, a tomar contacto con la profesional que los visit\u00f3 y no los encontr\u00f3, a fin de que tengan la posibilidad de optar a una de estas becas.\" src=\"https:\/\/i0.wp.com\/www.eltrabajo.cl\/portal\/wp-content\/uploads\/2014\/04\/maria-cecilia-prado-becas.jpg?resize=317%2C338\" width=\"317\" height=\"338\" srcset=\"https:\/\/i0.wp.com\/eltrabajo.cl\/portal\/wp-content\/uploads\/2014\/04\/maria-cecilia-prado-becas.jpg?w=529&amp;ssl=1 529w, https:\/\/i0.wp.com\/eltrabajo.cl\/portal\/wp-content\/uploads\/2014\/04\/maria-cecilia-prado-becas.jpg?resize=140%2C150&amp;ssl=1 140w, https:\/\/i0.wp.com\/eltrabajo.cl\/portal\/wp-content\/uploads\/2014\/04\/maria-cecilia-prado-becas.jpg?resize=281%2C300&amp;ssl=1 281w, https:\/\/i0.wp.com\/eltrabajo.cl\/portal\/wp-content\/uploads\/2014\/04\/maria-cecilia-prado-becas.jpg?resize=400%2C425&amp;ssl=1 400w\" sizes=\"auto, (max-width: 317px) 100vw, 317px\" \/><\/a><figcaption id=\"caption-attachment-45229\" class=\"wp-caption-text\">La Dideco Mar\u00eda Cecilia Prado llam\u00f3 a los j\u00f3venes que no han sido encuestados, a tomar contacto con la profesional que los visit\u00f3 y no los encontr\u00f3, a fin de que tengan la posibilidad de optar a una de estas becas.<\/figcaption><\/figure>\n<p><strong>LOS ANDES.-<\/strong> Con una alta demanda de inscritos culmin\u00f3 el proceso de postulaci\u00f3n y selecci\u00f3n de las becas educacionales que entrega anualmente la municipalidad de Los Andes y que este a\u00f1o favorecer\u00e1n a cerca de 320 alumnos de educaci\u00f3n secundaria y superior.<\/p>\n<p>La Jefa de Dideco, Mar\u00eda Cecilia Prado, inform\u00f3 que en el caso de las becas de movilizaci\u00f3n fueron seleccionados todos los alumnos que postularon, toda vez que se trata de ni\u00f1os y j\u00f3venes que en su mayor\u00eda residen en el sector del camino internacional.<\/p>\n<p>En cuanto a la beca de \u00fatiles escolares, la encargada de Dideco dijo que postularon 260 alumnos para los 200 cupos asignados, por lo cual se llevar\u00e1 adelante un proceso de selecci\u00f3n conforme a los antecedentes entregados y recopilados por las asistentes sociales.<\/p>\n<p>En relaci\u00f3n a las becas de educaci\u00f3n superior, record\u00f3 que en total son 135 destinadas a alumnos de Universidades e Institutos, m\u00e1s otras 20 que son para movilizaci\u00f3n, ya sea hacia Santiago o Valpara\u00edso.<\/p>\n<p>Mar\u00eda Cecilia Prado dijo que ha tenido muchos problemas con la selecci\u00f3n de los beneficiarios de becas de educaci\u00f3n superior, ya que en algunos casos las asistentes sociales han ido hasta en tres ocasiones a sus viviendas y los j\u00f3venes no se encuentran, por lo que hizo un llamado a los interesados para que tomen contacto con la profesional que los visit\u00f3 a fin de que puedan ser encuestados y as\u00ed tengan la posibilidad de optar a una de estas becas.<\/p>\n<p>Los interesados tendr\u00e1n plazo s\u00f3lo hasta esta semana para poder ser encuestados o de lo contrario quedar\u00e1 fuera de estos beneficios.<\/p>\n<p>&nbsp;<\/p>\n","protected":false},"excerpt":{"rendered":"<p>LOS ANDES.- Con una alta demanda de inscritos culmin\u00f3 el proceso de postulaci\u00f3n y selecci\u00f3n de las becas educacionales que entrega anualmente la municipalidad de Los Andes y que este a\u00f1o favorecer\u00e1n&#8230;<\/p>\n","protected":false},"author":482,"featured_media":45229,"comment_status":"open","ping_status":"closed","sticky":false,"template":"","format":"standard","meta":{"advanced_seo_description":"","jetpack_seo_html_title":"","jetpack_seo_noindex":false,"_jetpack_memberships_contains_paid_content":false,"footnotes":""},"categories":[1],"tags":[],"class_list":["post-45228","post","type-post","status-publish","format-standard","has-post-thumbnail","hentry","category-cronica"],"jetpack_featured_media_url":"https:\/\/i0.wp.com\/eltrabajo.cl\/portal\/wp-content\/uploads\/2014\/04\/maria-cecilia-prado-becas.jpg?fit=529%2C563&ssl=1","jetpack_sharing_enabled":true,"jetpack_likes_enabled":true,"jetpack-related-posts":[],"_links":{"self":[{"href":"https:\/\/eltrabajo.cl\/portal\/wp-json\/wp\/v2\/posts\/45228","targetHints":{"allow":["GET"]}}],"collection":[{"href":"https:\/\/eltrabajo.cl\/portal\/wp-json\/wp\/v2\/posts"}],"about":[{"href":"https:\/\/eltrabajo.cl\/portal\/wp-json\/wp\/v2\/types\/post"}],"author":[{"embeddable":true,"href":"https:\/\/eltrabajo.cl\/portal\/wp-json\/wp\/v2\/users\/482"}],"replies":[{"embeddable":true,"href":"https:\/\/eltrabajo.cl\/portal\/wp-json\/wp\/v2\/comments?post=45228"}],"version-history":[{"count":0,"href":"https:\/\/eltrabajo.cl\/portal\/wp-json\/wp\/v2\/posts\/45228\/revisions"}],"wp:featuredmedia":[{"embeddable":true,"href":"https:\/\/eltrabajo.cl\/portal\/wp-json\/wp\/v2\/media\/45229"}],"wp:attachment":[{"href":"https:\/\/eltrabajo.cl\/portal\/wp-json\/wp\/v2\/media?parent=45228"}],"wp:term":[{"taxonomy":"category","embeddable":true,"href":"https:\/\/eltrabajo.cl\/portal\/wp-json\/wp\/v2\/categories?post=45228"},{"taxonomy":"post_tag","embeddable":true,"href":"https:\/\/eltrabajo.cl\/portal\/wp-json\/wp\/v2\/tags?post=45228"}],"curies":[{"name":"wp","href":"https:\/\/api.w.org\/{rel}","templated":true}]}}