{"id":45232,"date":"2014-04-09T10:02:55","date_gmt":"2014-04-09T13:02:55","guid":{"rendered":"http:\/\/www.eltrabajo.cl\/portal\/?p=45232"},"modified":"2014-04-09T10:02:55","modified_gmt":"2014-04-09T13:02:55","slug":"chilquinta-desestimo-maltrato-a-cliente-y-preciso-que-deuda-es-de-34-541","status":"publish","type":"post","link":"https:\/\/eltrabajo.cl\/portal\/chilquinta-desestimo-maltrato-a-cliente-y-preciso-que-deuda-es-de-34-541\/","title":{"rendered":"Chilquinta desestim\u00f3 maltrato a cliente y precis\u00f3 que deuda es de $34.541"},"content":{"rendered":"<figure id=\"attachment_45233\" aria-describedby=\"caption-attachment-45233\" style=\"width: 317px\" class=\"wp-caption alignleft\"><a href=\"https:\/\/i0.wp.com\/www.eltrabajo.cl\/portal\/wp-content\/uploads\/2014\/04\/monica-vidal-denuncia-a-chilquinta-11.jpg\"><img data-recalc-dims=\"1\" loading=\"lazy\" decoding=\"async\" class=\" wp-image-45233 \" alt=\"La se\u00f1ora M\u00f3nica Vidal tendr\u00eda una deuda de solo 34.541 pesos, asegur\u00f3 la oficina de Comunicaciones Corporativas de Chilquinta.\" src=\"https:\/\/i0.wp.com\/www.eltrabajo.cl\/portal\/wp-content\/uploads\/2014\/04\/monica-vidal-denuncia-a-chilquinta-11.jpg?resize=317%2C359\" width=\"317\" height=\"359\" srcset=\"https:\/\/i0.wp.com\/eltrabajo.cl\/portal\/wp-content\/uploads\/2014\/04\/monica-vidal-denuncia-a-chilquinta-11.jpg?w=529&amp;ssl=1 529w, https:\/\/i0.wp.com\/eltrabajo.cl\/portal\/wp-content\/uploads\/2014\/04\/monica-vidal-denuncia-a-chilquinta-11.jpg?resize=132%2C150&amp;ssl=1 132w, https:\/\/i0.wp.com\/eltrabajo.cl\/portal\/wp-content\/uploads\/2014\/04\/monica-vidal-denuncia-a-chilquinta-11.jpg?resize=264%2C300&amp;ssl=1 264w, https:\/\/i0.wp.com\/eltrabajo.cl\/portal\/wp-content\/uploads\/2014\/04\/monica-vidal-denuncia-a-chilquinta-11.jpg?resize=400%2C452&amp;ssl=1 400w\" sizes=\"auto, (max-width: 317px) 100vw, 317px\" \/><\/a><figcaption id=\"caption-attachment-45233\" class=\"wp-caption-text\">La se\u00f1ora M\u00f3nica Vidal tendr\u00eda una deuda de solo 34.541 pesos, asegur\u00f3 la oficina de Comunicaciones Corporativas de Chilquinta.<\/figcaption><\/figure>\n<p>A trav\u00e9s de un comunicado de prensa, el departamento de Comunicaciones Corporativas de Chilquinta Energ\u00eda se refiri\u00f3 a la denuncia publicada en nuestra edici\u00f3n de ayer por parte de la se\u00f1ora M\u00f3nica Vidal Cort\u00e9s, quien denunci\u00f3 maltrato por parte de personal de seguridad de dicha empresa, la cual le estar\u00eda cobrando una deuda de m\u00e1s de un mill\u00f3n de pesos.<\/p>\n<p>El texto de la declaraci\u00f3n es el siguiente:<\/p>\n<p>\u00abRevisados los antecedentes de la Se\u00f1ora M\u00f3nica Vidal Cort\u00e9s, Chilquinta Energ\u00eda informa que efectivamente durante el mes de diciembre del a\u00f1o 2010, fue retirada la acometida del empalme del cliente, debido a la acumulaci\u00f3n de deuda que sostiene con la Compa\u00f1\u00eda.<\/p>\n<p>\u00abEl d\u00eda lunes 07 de abril, el cliente acudi\u00f3 a nuestra Oficina Comercial de San Felipe y tal como pudimos confirmarlo con las grabaciones de las c\u00e1maras de seguridad, fue atendida por personal de la Empresa, en las cuales se aprecia una atenci\u00f3n cordial con la se\u00f1ora M\u00f3nica, en ning\u00fan momento se expuso a situaciones de incomodidad.<\/p>\n<p>\u00abEs importante aclarar, que a la fecha el cliente adeuda la suma de $34.541, por concepto de suministro, el cual es necesario cancelar para la restituci\u00f3n del servicio. Chilquinta Energ\u00eda ofrece convenios de pagos a sus clientes, los cuales pueden efectuarse en la red de oficinas y centros de pago dispuestos a lo largo de la zona de concesi\u00f3n\u00bb.<\/p>\n<p>&nbsp;<\/p>\n","protected":false},"excerpt":{"rendered":"<p>A trav\u00e9s de un comunicado de prensa, el departamento de Comunicaciones Corporativas de Chilquinta Energ\u00eda se refiri\u00f3 a la denuncia publicada en nuestra edici\u00f3n de ayer por parte de la se\u00f1ora M\u00f3nica&#8230;<\/p>\n","protected":false},"author":482,"featured_media":45233,"comment_status":"open","ping_status":"closed","sticky":false,"template":"","format":"standard","meta":{"advanced_seo_description":"","jetpack_seo_html_title":"","jetpack_seo_noindex":false,"_jetpack_memberships_contains_paid_content":false,"footnotes":""},"categories":[15],"tags":[],"class_list":["post-45232","post","type-post","status-publish","format-standard","has-post-thumbnail","hentry","category-comunidad"],"jetpack_featured_media_url":"https:\/\/i0.wp.com\/eltrabajo.cl\/portal\/wp-content\/uploads\/2014\/04\/monica-vidal-denuncia-a-chilquinta-11.jpg?fit=529%2C599&ssl=1","jetpack_sharing_enabled":true,"jetpack_likes_enabled":true,"jetpack-related-posts":[],"_links":{"self":[{"href":"https:\/\/eltrabajo.cl\/portal\/wp-json\/wp\/v2\/posts\/45232","targetHints":{"allow":["GET"]}}],"collection":[{"href":"https:\/\/eltrabajo.cl\/portal\/wp-json\/wp\/v2\/posts"}],"about":[{"href":"https:\/\/eltrabajo.cl\/portal\/wp-json\/wp\/v2\/types\/post"}],"author":[{"embeddable":true,"href":"https:\/\/eltrabajo.cl\/portal\/wp-json\/wp\/v2\/users\/482"}],"replies":[{"embeddable":true,"href":"https:\/\/eltrabajo.cl\/portal\/wp-json\/wp\/v2\/comments?post=45232"}],"version-history":[{"count":0,"href":"https:\/\/eltrabajo.cl\/portal\/wp-json\/wp\/v2\/posts\/45232\/revisions"}],"wp:featuredmedia":[{"embeddable":true,"href":"https:\/\/eltrabajo.cl\/portal\/wp-json\/wp\/v2\/media\/45233"}],"wp:attachment":[{"href":"https:\/\/eltrabajo.cl\/portal\/wp-json\/wp\/v2\/media?parent=45232"}],"wp:term":[{"taxonomy":"category","embeddable":true,"href":"https:\/\/eltrabajo.cl\/portal\/wp-json\/wp\/v2\/categories?post=45232"},{"taxonomy":"post_tag","embeddable":true,"href":"https:\/\/eltrabajo.cl\/portal\/wp-json\/wp\/v2\/tags?post=45232"}],"curies":[{"name":"wp","href":"https:\/\/api.w.org\/{rel}","templated":true}]}}