{"id":45236,"date":"2014-04-09T10:03:47","date_gmt":"2014-04-09T13:03:47","guid":{"rendered":"http:\/\/www.eltrabajo.cl\/portal\/?p=45236"},"modified":"2014-04-09T10:03:47","modified_gmt":"2014-04-09T13:03:47","slug":"alumnos-esc-almendral-realizan-caminata-por-dia-internacional-del-deporte","status":"publish","type":"post","link":"https:\/\/eltrabajo.cl\/portal\/alumnos-esc-almendral-realizan-caminata-por-dia-internacional-del-deporte\/","title":{"rendered":"Alumnos Esc. Almendral realizan caminata por \u201cD\u00eda Internacional del Deporte\u201d"},"content":{"rendered":"<figure id=\"attachment_45237\" aria-describedby=\"caption-attachment-45237\" style=\"width: 528px\" class=\"wp-caption alignnone\"><a href=\"https:\/\/i0.wp.com\/www.eltrabajo.cl\/portal\/wp-content\/uploads\/2014\/04\/caminata-2.jpg\"><img data-recalc-dims=\"1\" loading=\"lazy\" decoding=\"async\" class=\"size-full wp-image-45237\" alt=\"Los alumnos de la Escuela Almendral participaron de la caminata junto a sus profesoras y apoderados que se sumaron a la actividad.\" src=\"https:\/\/i0.wp.com\/www.eltrabajo.cl\/portal\/wp-content\/uploads\/2014\/04\/caminata-2.jpg?resize=528%2C401\" width=\"528\" height=\"401\" srcset=\"https:\/\/i0.wp.com\/eltrabajo.cl\/portal\/wp-content\/uploads\/2014\/04\/caminata-2.jpg?w=528&amp;ssl=1 528w, https:\/\/i0.wp.com\/eltrabajo.cl\/portal\/wp-content\/uploads\/2014\/04\/caminata-2.jpg?resize=197%2C150&amp;ssl=1 197w, https:\/\/i0.wp.com\/eltrabajo.cl\/portal\/wp-content\/uploads\/2014\/04\/caminata-2.jpg?resize=300%2C227&amp;ssl=1 300w, https:\/\/i0.wp.com\/eltrabajo.cl\/portal\/wp-content\/uploads\/2014\/04\/caminata-2.jpg?resize=150%2C113&amp;ssl=1 150w, https:\/\/i0.wp.com\/eltrabajo.cl\/portal\/wp-content\/uploads\/2014\/04\/caminata-2.jpg?resize=400%2C303&amp;ssl=1 400w\" sizes=\"auto, (max-width: 528px) 100vw, 528px\" \/><\/a><figcaption id=\"caption-attachment-45237\" class=\"wp-caption-text\">Los alumnos de la Escuela Almendral participaron de la caminata junto a sus profesoras y apoderados que se sumaron a la actividad.<\/figcaption><\/figure>\n<p>La totalidad de la comunidad educativa de la Escuela Almendral, realiz\u00f3 una nueva versi\u00f3n de la caminata en celebraci\u00f3n del D\u00eda del Deporte.<\/p>\n<p>La actividad, que cont\u00f3 con la participaci\u00f3n de todo el cuerpo docente, adem\u00e1s de padres y apoderados que prestaron una valiosa colaboraci\u00f3n en la seguridad de los alumnos, tuvo como recorrido la orilla del cerro, La Troya, Calle Cherc\u00e1n Tapia para finalmente subir por calle El Convento hasta el establecimiento.<\/p>\n<p>El recorrido, que se extendi\u00f3 por m\u00e1s de una hora, tambi\u00e9n sirvi\u00f3 para recordar a los alumnos la importancia de la alimentaci\u00f3n sana y la pr\u00e1ctica constante del deporte, lo que posibilita una vida m\u00e1s placentera y feliz, destacando las ventajas de quienes se educan en este hermoso sector de la comuna de San Felipe.<\/p>\n<p>Wilta Oyanedel, Directora del establecimiento, se refiri\u00f3 a la actividad como una gran iniciativa, \u201cya que esto nos ayuda a establecer trabajos en equipo, sobre todo entre quienes este a\u00f1o se integran al establecimiento, ya que el a\u00f1o pasado la realizamos en igual fecha con 150 alumnos, y este a\u00f1o son 185 los alumnos que participan, lo que habla muy bien de nuestra escuela, y que estamos trabajando colocando el \u00e9nfasis en actividades tan importantes como esta, complement\u00e1ndolas con las que se realizan al interior de la sala de clases\u201d, manifest\u00f3.<\/p>\n<p>Con esto, la comunidad de Almendral Alto se interioriza y participa de las actividades que realiza el establecimiento, en la que se involucra la junta de vecinos y el club deportivo, entre otras organizaciones, participando todas las fuerzas vivas del sector, de una actividad que se extiende por m\u00e1s de diez a\u00f1os y que ya se trasform\u00f3 en una tradici\u00f3n.<\/p>\n<p>&nbsp;<\/p>\n","protected":false},"excerpt":{"rendered":"<p>La totalidad de la comunidad educativa de la Escuela Almendral, realiz\u00f3 una nueva versi\u00f3n de la caminata en celebraci\u00f3n del D\u00eda del Deporte. La actividad, que cont\u00f3 con la participaci\u00f3n de todo&#8230;<\/p>\n","protected":false},"author":482,"featured_media":45237,"comment_status":"open","ping_status":"closed","sticky":false,"template":"","format":"standard","meta":{"advanced_seo_description":"","jetpack_seo_html_title":"","jetpack_seo_noindex":false,"_jetpack_memberships_contains_paid_content":false,"footnotes":""},"categories":[1],"tags":[],"class_list":["post-45236","post","type-post","status-publish","format-standard","has-post-thumbnail","hentry","category-cronica"],"jetpack_featured_media_url":"https:\/\/i0.wp.com\/eltrabajo.cl\/portal\/wp-content\/uploads\/2014\/04\/caminata-2.jpg?fit=528%2C401&ssl=1","jetpack_sharing_enabled":true,"jetpack_likes_enabled":true,"jetpack-related-posts":[],"_links":{"self":[{"href":"https:\/\/eltrabajo.cl\/portal\/wp-json\/wp\/v2\/posts\/45236","targetHints":{"allow":["GET"]}}],"collection":[{"href":"https:\/\/eltrabajo.cl\/portal\/wp-json\/wp\/v2\/posts"}],"about":[{"href":"https:\/\/eltrabajo.cl\/portal\/wp-json\/wp\/v2\/types\/post"}],"author":[{"embeddable":true,"href":"https:\/\/eltrabajo.cl\/portal\/wp-json\/wp\/v2\/users\/482"}],"replies":[{"embeddable":true,"href":"https:\/\/eltrabajo.cl\/portal\/wp-json\/wp\/v2\/comments?post=45236"}],"version-history":[{"count":0,"href":"https:\/\/eltrabajo.cl\/portal\/wp-json\/wp\/v2\/posts\/45236\/revisions"}],"wp:featuredmedia":[{"embeddable":true,"href":"https:\/\/eltrabajo.cl\/portal\/wp-json\/wp\/v2\/media\/45237"}],"wp:attachment":[{"href":"https:\/\/eltrabajo.cl\/portal\/wp-json\/wp\/v2\/media?parent=45236"}],"wp:term":[{"taxonomy":"category","embeddable":true,"href":"https:\/\/eltrabajo.cl\/portal\/wp-json\/wp\/v2\/categories?post=45236"},{"taxonomy":"post_tag","embeddable":true,"href":"https:\/\/eltrabajo.cl\/portal\/wp-json\/wp\/v2\/tags?post=45236"}],"curies":[{"name":"wp","href":"https:\/\/api.w.org\/{rel}","templated":true}]}}