{"id":45239,"date":"2014-04-09T10:06:07","date_gmt":"2014-04-09T13:06:07","guid":{"rendered":"http:\/\/www.eltrabajo.cl\/portal\/?p=45239"},"modified":"2014-04-09T10:06:07","modified_gmt":"2014-04-09T13:06:07","slug":"certifican-a-profesionales-de-jardines-vtf-en-taller-de-convivencia-escolar","status":"publish","type":"post","link":"https:\/\/eltrabajo.cl\/portal\/certifican-a-profesionales-de-jardines-vtf-en-taller-de-convivencia-escolar\/","title":{"rendered":"Certifican a profesionales de jardines VTF en taller de convivencia escolar"},"content":{"rendered":"<figure id=\"attachment_45240\" aria-describedby=\"caption-attachment-45240\" style=\"width: 529px\" class=\"wp-caption alignnone\"><a href=\"https:\/\/i0.wp.com\/www.eltrabajo.cl\/portal\/wp-content\/uploads\/2014\/04\/certificacion-2.jpg\"><img data-recalc-dims=\"1\" loading=\"lazy\" decoding=\"async\" class=\"size-full wp-image-45240\" alt=\"El Director de Educaci\u00f3n Municipal, Iv\u00e1n Silva Padilla, junto a representantes de la fundaci\u00f3n Mar\u00eda Ayuda, entidad que realiz\u00f3 los talleres.\" src=\"https:\/\/i0.wp.com\/www.eltrabajo.cl\/portal\/wp-content\/uploads\/2014\/04\/certificacion-2.jpg?resize=529%2C423\" width=\"529\" height=\"423\" srcset=\"https:\/\/i0.wp.com\/eltrabajo.cl\/portal\/wp-content\/uploads\/2014\/04\/certificacion-2.jpg?w=529&amp;ssl=1 529w, https:\/\/i0.wp.com\/eltrabajo.cl\/portal\/wp-content\/uploads\/2014\/04\/certificacion-2.jpg?resize=187%2C150&amp;ssl=1 187w, https:\/\/i0.wp.com\/eltrabajo.cl\/portal\/wp-content\/uploads\/2014\/04\/certificacion-2.jpg?resize=300%2C239&amp;ssl=1 300w, https:\/\/i0.wp.com\/eltrabajo.cl\/portal\/wp-content\/uploads\/2014\/04\/certificacion-2.jpg?resize=150%2C119&amp;ssl=1 150w, https:\/\/i0.wp.com\/eltrabajo.cl\/portal\/wp-content\/uploads\/2014\/04\/certificacion-2.jpg?resize=400%2C319&amp;ssl=1 400w\" sizes=\"auto, (max-width: 529px) 100vw, 529px\" \/><\/a><figcaption id=\"caption-attachment-45240\" class=\"wp-caption-text\">El Director de Educaci\u00f3n Municipal, Iv\u00e1n Silva Padilla, junto a representantes de la fundaci\u00f3n Mar\u00eda Ayuda, entidad que realiz\u00f3 los talleres.<\/figcaption><\/figure>\n<p>Cuarenta y cinco funcionarias pertenecientes a los jardines infantiles v\u00eda transferencia de fondos, VTF, que participaron en el taller \u201cHacia una convivencia sana y positiva\u201d, recibieron su certificaci\u00f3n en una ceremonia realizada esta semana en el teatro del Liceo Roberto Humeres.<\/p>\n<p>El taller ten\u00eda como principal objetivo entregar las herramientas que permitan el desarrollo de jornadas en el aula, rodeados de ambientes positivos, tanto con sus pares, padres y apoderados y con los ni\u00f1os y ni\u00f1as, involucrando a toda la comunidad educativa.<\/p>\n<p>En la ocasi\u00f3n estuvo presente Iv\u00e1n Silva Padilla, Director de Educaci\u00f3n Municipal; Andrea Cerda, coordinadora jardines infantiles y salas cunas; Ver\u00f3nica Ossand\u00f3n, subdirectora Unidad T\u00e9cnico Pedag\u00f3gica de la DAEM, y las representantes de la fundaci\u00f3n Mar\u00eda Ayuda, entidad que realiz\u00f3 los talleres: Daniela Jim\u00e9nez, coordinadora de educaci\u00f3n, y Patricia Acevedo, relatora.<\/p>\n<figure id=\"attachment_45242\" aria-describedby=\"caption-attachment-45242\" style=\"width: 381px\" class=\"wp-caption alignright\"><a href=\"https:\/\/i0.wp.com\/www.eltrabajo.cl\/portal\/wp-content\/uploads\/2014\/04\/certificacion-1.jpg\"><img data-recalc-dims=\"1\" loading=\"lazy\" decoding=\"async\" class=\" wp-image-45242  \" alt=\"Profesionales de los jardines infantiles VTF que participaron de la certificaci\u00f3n.\" src=\"https:\/\/i0.wp.com\/www.eltrabajo.cl\/portal\/wp-content\/uploads\/2014\/04\/certificacion-1.jpg?resize=381%2C232\" width=\"381\" height=\"232\" srcset=\"https:\/\/i0.wp.com\/eltrabajo.cl\/portal\/wp-content\/uploads\/2014\/04\/certificacion-1.jpg?w=529&amp;ssl=1 529w, https:\/\/i0.wp.com\/eltrabajo.cl\/portal\/wp-content\/uploads\/2014\/04\/certificacion-1.jpg?resize=200%2C121&amp;ssl=1 200w, https:\/\/i0.wp.com\/eltrabajo.cl\/portal\/wp-content\/uploads\/2014\/04\/certificacion-1.jpg?resize=300%2C182&amp;ssl=1 300w, https:\/\/i0.wp.com\/eltrabajo.cl\/portal\/wp-content\/uploads\/2014\/04\/certificacion-1.jpg?resize=150%2C91&amp;ssl=1 150w, https:\/\/i0.wp.com\/eltrabajo.cl\/portal\/wp-content\/uploads\/2014\/04\/certificacion-1.jpg?resize=400%2C243&amp;ssl=1 400w\" sizes=\"auto, (max-width: 381px) 100vw, 381px\" \/><\/a><figcaption id=\"caption-attachment-45242\" class=\"wp-caption-text\">Profesionales de los jardines infantiles VTF que participaron de la certificaci\u00f3n.<\/figcaption><\/figure>\n<p>En la oportunidad, Daniela Jim\u00e9nez se refiri\u00f3 a la importancia de la constante capacitaci\u00f3n de las profesionales del \u00e1rea, se\u00f1alando que \u201cpara nosotros como fundaci\u00f3n es muy importante participar de la constante mejora que se debe realizar en el desarrollo positivo de las tareas al interior del aula, permitiendo generar ambientes positivos de trabajo entre las profesionales, los padres y apoderados y los ni\u00f1os y ni\u00f1as, ayudando a que la convivencia y los resultados sean los esperados\u201d.<\/p>\n<p>Adem\u00e1s, Andrea Cerda, Coordinadora Jardines Infantiles, VTF, destac\u00f3 la participaci\u00f3n de las profesionales del \u00e1rea en esta capacitaci\u00f3n, manifestando que \u201ceste curso era gratuito, reconocido por Sense, y desarrollado por la OTEC de Mar\u00eda Ayuda, y quienes participaron cuentan con m\u00e1s herramientas para desarrollar su trabajo, lo que fortalece las pr\u00e1cticas educativas, siempre a trav\u00e9s de ambientes gratos y saludables, y eso para nosotros es de suma importancia, que nuestros ni\u00f1os y ni\u00f1as aprendan a desenvolverse en un entorno de respeto y tolerancia.<\/p>\n<p>\u201cEs importante para la educaci\u00f3n de nuestro sistema, y para quienes formamos parte, nos demos el tiempo para abordar tem\u00e1ticas actualizadas de mejoramiento y perfeccionamiento, ayudando de esta manera a reforzar las bases de una educaci\u00f3n orientada al reconocimiento de valores, el respeto y la tolerancia\u201d, se\u00f1alo Iv\u00e1n Silva, Director de la Daem.<\/p>\n<p>&nbsp;<\/p>\n","protected":false},"excerpt":{"rendered":"<p>Cuarenta y cinco funcionarias pertenecientes a los jardines infantiles v\u00eda transferencia de fondos, VTF, que participaron en el taller \u201cHacia una convivencia sana y positiva\u201d, recibieron su certificaci\u00f3n en una ceremonia realizada&#8230;<\/p>\n","protected":false},"author":482,"featured_media":45240,"comment_status":"open","ping_status":"closed","sticky":false,"template":"","format":"standard","meta":{"advanced_seo_description":"","jetpack_seo_html_title":"","jetpack_seo_noindex":false,"_jetpack_memberships_contains_paid_content":false,"footnotes":""},"categories":[1],"tags":[],"class_list":["post-45239","post","type-post","status-publish","format-standard","has-post-thumbnail","hentry","category-cronica"],"jetpack_featured_media_url":"https:\/\/i0.wp.com\/eltrabajo.cl\/portal\/wp-content\/uploads\/2014\/04\/certificacion-2.jpg?fit=529%2C423&ssl=1","jetpack_sharing_enabled":true,"jetpack_likes_enabled":true,"jetpack-related-posts":[],"_links":{"self":[{"href":"https:\/\/eltrabajo.cl\/portal\/wp-json\/wp\/v2\/posts\/45239","targetHints":{"allow":["GET"]}}],"collection":[{"href":"https:\/\/eltrabajo.cl\/portal\/wp-json\/wp\/v2\/posts"}],"about":[{"href":"https:\/\/eltrabajo.cl\/portal\/wp-json\/wp\/v2\/types\/post"}],"author":[{"embeddable":true,"href":"https:\/\/eltrabajo.cl\/portal\/wp-json\/wp\/v2\/users\/482"}],"replies":[{"embeddable":true,"href":"https:\/\/eltrabajo.cl\/portal\/wp-json\/wp\/v2\/comments?post=45239"}],"version-history":[{"count":0,"href":"https:\/\/eltrabajo.cl\/portal\/wp-json\/wp\/v2\/posts\/45239\/revisions"}],"wp:featuredmedia":[{"embeddable":true,"href":"https:\/\/eltrabajo.cl\/portal\/wp-json\/wp\/v2\/media\/45240"}],"wp:attachment":[{"href":"https:\/\/eltrabajo.cl\/portal\/wp-json\/wp\/v2\/media?parent=45239"}],"wp:term":[{"taxonomy":"category","embeddable":true,"href":"https:\/\/eltrabajo.cl\/portal\/wp-json\/wp\/v2\/categories?post=45239"},{"taxonomy":"post_tag","embeddable":true,"href":"https:\/\/eltrabajo.cl\/portal\/wp-json\/wp\/v2\/tags?post=45239"}],"curies":[{"name":"wp","href":"https:\/\/api.w.org\/{rel}","templated":true}]}}