{"id":45247,"date":"2014-04-09T10:11:23","date_gmt":"2014-04-09T13:11:23","guid":{"rendered":"http:\/\/www.eltrabajo.cl\/portal\/?p=45247"},"modified":"2014-04-09T10:11:23","modified_gmt":"2014-04-09T13:11:23","slug":"ahora-roban-en-tienda-bonis-en-el-corazon-de-la-ciudad-de-san-felipe","status":"publish","type":"post","link":"https:\/\/eltrabajo.cl\/portal\/ahora-roban-en-tienda-bonis-en-el-corazon-de-la-ciudad-de-san-felipe\/","title":{"rendered":"Ahora roban en tienda Bonis en el coraz\u00f3n de la ciudad de San Felipe"},"content":{"rendered":"<figure id=\"attachment_45248\" aria-describedby=\"caption-attachment-45248\" style=\"width: 529px\" class=\"wp-caption alignnone\"><a href=\"https:\/\/i0.wp.com\/www.eltrabajo.cl\/portal\/wp-content\/uploads\/2014\/04\/robo-bonis.jpg\"><img data-recalc-dims=\"1\" loading=\"lazy\" decoding=\"async\" class=\"size-full wp-image-45248\" alt=\"Esta vez fue el turno de Bonis en pleno centro de la ciudad.\" src=\"https:\/\/i0.wp.com\/www.eltrabajo.cl\/portal\/wp-content\/uploads\/2014\/04\/robo-bonis.jpg?resize=529%2C401\" width=\"529\" height=\"401\" srcset=\"https:\/\/i0.wp.com\/eltrabajo.cl\/portal\/wp-content\/uploads\/2014\/04\/robo-bonis.jpg?w=529&amp;ssl=1 529w, https:\/\/i0.wp.com\/eltrabajo.cl\/portal\/wp-content\/uploads\/2014\/04\/robo-bonis.jpg?resize=197%2C150&amp;ssl=1 197w, https:\/\/i0.wp.com\/eltrabajo.cl\/portal\/wp-content\/uploads\/2014\/04\/robo-bonis.jpg?resize=300%2C227&amp;ssl=1 300w, https:\/\/i0.wp.com\/eltrabajo.cl\/portal\/wp-content\/uploads\/2014\/04\/robo-bonis.jpg?resize=150%2C113&amp;ssl=1 150w, https:\/\/i0.wp.com\/eltrabajo.cl\/portal\/wp-content\/uploads\/2014\/04\/robo-bonis.jpg?resize=400%2C303&amp;ssl=1 400w\" sizes=\"auto, (max-width: 529px) 100vw, 529px\" \/><\/a><figcaption id=\"caption-attachment-45248\" class=\"wp-caption-text\">Esta vez fue el turno de Bonis en pleno centro de la ciudad.<\/figcaption><\/figure>\n<p>Un nuevo robo, esta vez a la tienda Bonis en calle Salinas, alert\u00f3 no solo a las polic\u00edas, sino que tambi\u00e9n puso en alerta m\u00e1xima a los comerciantes del centro de San Felipe, que ven como los robos han aumentado y con ello la sensaci\u00f3n de inseguridad para los locatarios.<\/p>\n<p>Ahora fue el turno de esta tienda, y seg\u00fan el Capit\u00e1n Alfredo Castillo, \u201cpor la ma\u00f1ana los trabajadores se percataron que en la bodega de zapatillas hab\u00eda un forado en el techo y por ah\u00ed los delincuentes sacaron indeterminada cantidad de zapatillas de marca Nike y Adidas\u201d.<\/p>\n<figure id=\"attachment_45249\" aria-describedby=\"caption-attachment-45249\" style=\"width: 370px\" class=\"wp-caption alignright\"><a href=\"https:\/\/i0.wp.com\/www.eltrabajo.cl\/portal\/wp-content\/uploads\/2014\/04\/robo-tienda-bonis.jpg\"><img data-recalc-dims=\"1\" loading=\"lazy\" decoding=\"async\" class=\" wp-image-45249 \" alt=\"Un forado en la bodega de zapatillas permiti\u00f3 a los delincuentes hacerse de un buen bot\u00edn en especies.\" src=\"https:\/\/i0.wp.com\/www.eltrabajo.cl\/portal\/wp-content\/uploads\/2014\/04\/robo-tienda-bonis.jpg?resize=370%2C251\" width=\"370\" height=\"251\" srcset=\"https:\/\/i0.wp.com\/eltrabajo.cl\/portal\/wp-content\/uploads\/2014\/04\/robo-tienda-bonis.jpg?w=529&amp;ssl=1 529w, https:\/\/i0.wp.com\/eltrabajo.cl\/portal\/wp-content\/uploads\/2014\/04\/robo-tienda-bonis.jpg?resize=200%2C135&amp;ssl=1 200w, https:\/\/i0.wp.com\/eltrabajo.cl\/portal\/wp-content\/uploads\/2014\/04\/robo-tienda-bonis.jpg?resize=300%2C203&amp;ssl=1 300w, https:\/\/i0.wp.com\/eltrabajo.cl\/portal\/wp-content\/uploads\/2014\/04\/robo-tienda-bonis.jpg?resize=150%2C101&amp;ssl=1 150w, https:\/\/i0.wp.com\/eltrabajo.cl\/portal\/wp-content\/uploads\/2014\/04\/robo-tienda-bonis.jpg?resize=400%2C270&amp;ssl=1 400w\" sizes=\"auto, (max-width: 370px) 100vw, 370px\" \/><\/a><figcaption id=\"caption-attachment-45249\" class=\"wp-caption-text\">Un forado en la bodega de zapatillas permiti\u00f3 a los delincuentes hacerse de un buen bot\u00edn en especies.<\/figcaption><\/figure>\n<p>Para perpetrar este robo aparentemente los delincuentes pudieron haber actuado sobre avisos y con datos previos, ya que ni la alarma se activ\u00f3, ni las c\u00e1maras de seguridad funcionaron, lo que pareciera ser un indicio del conocimiento absoluto del lugar.<\/p>\n<p>Los antisociales sacaron las zapatillas hacia un muro contiguo, en el terreno aleda\u00f1o que est\u00e1 desolado desde el incendio que afect\u00f3 a esos locales hace un par de a\u00f1os. La polic\u00eda encontr\u00f3 una cincuentena de zapatillas esparcidas por ese mismo terreno y la propiedad que da a espaldas del local comercial.<\/p>\n<p>Esteban Vega, que es corredor de seguros y mantiene a esta empresa como cliente, se\u00f1al\u00f3 a Diario El Trabajo que \u201ces lamentable que cada vez hay m\u00e1s exigencia para los locales. Hay alarmas, hay c\u00e1maras de vigilancia, y los sujetos entran igual. Usted vio el hoyito que hicieron arriba en el techo. No cabe usted, no cabe nadie de contextura normal, entonces \u00bfqui\u00e9n cabe ah\u00ed? \u00bfson ni\u00f1os?\u00bfson atletas?\u00bfqu\u00e9 son?. La gente est\u00e1 desconfiada por estos hechos, entonces hay que ser cautelosos, y al final nada pareciera ser suficiente\u201d.<\/p>\n<p>Tras un catastro preliminar, los propietarios del local avaluaron el robo en una cifra cercana a los cinco millones de pesos.<\/p>\n","protected":false},"excerpt":{"rendered":"<p>Un nuevo robo, esta vez a la tienda Bonis en calle Salinas, alert\u00f3 no solo a las polic\u00edas, sino que tambi\u00e9n puso en alerta m\u00e1xima a los comerciantes del centro de San&#8230;<\/p>\n","protected":false},"author":482,"featured_media":45248,"comment_status":"open","ping_status":"closed","sticky":false,"template":"","format":"standard","meta":{"advanced_seo_description":"","jetpack_seo_html_title":"","jetpack_seo_noindex":false,"_jetpack_memberships_contains_paid_content":false,"footnotes":""},"categories":[21],"tags":[],"class_list":["post-45247","post","type-post","status-publish","format-standard","has-post-thumbnail","hentry","category-policial"],"jetpack_featured_media_url":"https:\/\/i0.wp.com\/eltrabajo.cl\/portal\/wp-content\/uploads\/2014\/04\/robo-bonis.jpg?fit=529%2C401&ssl=1","jetpack_sharing_enabled":true,"jetpack_likes_enabled":true,"jetpack-related-posts":[],"_links":{"self":[{"href":"https:\/\/eltrabajo.cl\/portal\/wp-json\/wp\/v2\/posts\/45247","targetHints":{"allow":["GET"]}}],"collection":[{"href":"https:\/\/eltrabajo.cl\/portal\/wp-json\/wp\/v2\/posts"}],"about":[{"href":"https:\/\/eltrabajo.cl\/portal\/wp-json\/wp\/v2\/types\/post"}],"author":[{"embeddable":true,"href":"https:\/\/eltrabajo.cl\/portal\/wp-json\/wp\/v2\/users\/482"}],"replies":[{"embeddable":true,"href":"https:\/\/eltrabajo.cl\/portal\/wp-json\/wp\/v2\/comments?post=45247"}],"version-history":[{"count":0,"href":"https:\/\/eltrabajo.cl\/portal\/wp-json\/wp\/v2\/posts\/45247\/revisions"}],"wp:featuredmedia":[{"embeddable":true,"href":"https:\/\/eltrabajo.cl\/portal\/wp-json\/wp\/v2\/media\/45248"}],"wp:attachment":[{"href":"https:\/\/eltrabajo.cl\/portal\/wp-json\/wp\/v2\/media?parent=45247"}],"wp:term":[{"taxonomy":"category","embeddable":true,"href":"https:\/\/eltrabajo.cl\/portal\/wp-json\/wp\/v2\/categories?post=45247"},{"taxonomy":"post_tag","embeddable":true,"href":"https:\/\/eltrabajo.cl\/portal\/wp-json\/wp\/v2\/tags?post=45247"}],"curies":[{"name":"wp","href":"https:\/\/api.w.org\/{rel}","templated":true}]}}