{"id":45252,"date":"2014-04-09T10:13:45","date_gmt":"2014-04-09T13:13:45","guid":{"rendered":"http:\/\/www.eltrabajo.cl\/portal\/?p=45252"},"modified":"2014-04-09T10:13:45","modified_gmt":"2014-04-09T13:13:45","slug":"arbitro-putaendino-fue-golpeado-duramente-y-anuncia-su-retiro-de-las-canchas","status":"publish","type":"post","link":"https:\/\/eltrabajo.cl\/portal\/arbitro-putaendino-fue-golpeado-duramente-y-anuncia-su-retiro-de-las-canchas\/","title":{"rendered":"\u00c1rbitro putaendino fue golpeado duramente y anuncia su retiro de las canchas"},"content":{"rendered":"<figure id=\"attachment_45253\" aria-describedby=\"caption-attachment-45253\" style=\"width: 529px\" class=\"wp-caption alignnone\"><a href=\"https:\/\/i0.wp.com\/www.eltrabajo.cl\/portal\/wp-content\/uploads\/2014\/04\/arbitro-Alejandro-Leon-2.jpg\"><img data-recalc-dims=\"1\" loading=\"lazy\" decoding=\"async\" class=\"size-full wp-image-45253\" alt=\"El \u00e1rbitro sufri\u00f3 un corte en su mu\u00f1eca izquierda con un arma corto punzante, la cual sangraba profusamente, seg\u00fan reconoci\u00f3 a Diario El Trabajo.\" src=\"https:\/\/i0.wp.com\/www.eltrabajo.cl\/portal\/wp-content\/uploads\/2014\/04\/arbitro-Alejandro-Leon-2.jpg?resize=529%2C359\" width=\"529\" height=\"359\" srcset=\"https:\/\/i0.wp.com\/eltrabajo.cl\/portal\/wp-content\/uploads\/2014\/04\/arbitro-Alejandro-Leon-2.jpg?w=529&amp;ssl=1 529w, https:\/\/i0.wp.com\/eltrabajo.cl\/portal\/wp-content\/uploads\/2014\/04\/arbitro-Alejandro-Leon-2.jpg?resize=200%2C135&amp;ssl=1 200w, https:\/\/i0.wp.com\/eltrabajo.cl\/portal\/wp-content\/uploads\/2014\/04\/arbitro-Alejandro-Leon-2.jpg?resize=300%2C203&amp;ssl=1 300w, https:\/\/i0.wp.com\/eltrabajo.cl\/portal\/wp-content\/uploads\/2014\/04\/arbitro-Alejandro-Leon-2.jpg?resize=150%2C101&amp;ssl=1 150w, https:\/\/i0.wp.com\/eltrabajo.cl\/portal\/wp-content\/uploads\/2014\/04\/arbitro-Alejandro-Leon-2.jpg?resize=400%2C271&amp;ssl=1 400w\" sizes=\"auto, (max-width: 529px) 100vw, 529px\" \/><\/a><figcaption id=\"caption-attachment-45253\" class=\"wp-caption-text\">El \u00e1rbitro sufri\u00f3 un corte en su mu\u00f1eca izquierda con un arma corto punzante, la cual sangraba profusamente, seg\u00fan reconoci\u00f3 a Diario El Trabajo.<\/figcaption><\/figure>\n<p><strong>PUTAENDO.-<\/strong> Alejandro Le\u00f3n Leiva, de 51 a\u00f1os de edad y quien por m\u00e1s de 22 a\u00f1os se ha desempe\u00f1ado como \u00e1rbitro amateur e incluso como \u00e1rbitro profesional en Argentina, fue brutalmente golpeado el fin de semana pasado en un encuentro deportivo desarrollado en Calle Larga.<\/p>\n<p>En ese partido disputado entre los clubes H\u00fasares de Calle Larga y Manuel Rodr\u00edguez de San Felipe, una vez terminado el encuentro con el triunfo para el equipo de Calle Larga, la barra del equipo sanfelipe\u00f1o inici\u00f3 una verdadera batalla campal, seg\u00fan consigna Aconcagua News.<\/p>\n<p>Uno de los guardal\u00edneas result\u00f3 ser el \u00e1rbitro putaendino Alejandro Le\u00f3n Leiva, quien recibi\u00f3 una brutal golpiza en distintas partes del cuerpo e incluso fue agredido con un elemento corto-punzante en su antebrazo izquierdo que le gener\u00f3 una lesi\u00f3n bastante delicada, adem\u00e1s result\u00f3 con cortes en su cr\u00e1neo producto de la agresi\u00f3n.<\/p>\n<figure id=\"attachment_45254\" aria-describedby=\"caption-attachment-45254\" style=\"width: 423px\" class=\"wp-caption alignright\"><a href=\"https:\/\/i0.wp.com\/www.eltrabajo.cl\/portal\/wp-content\/uploads\/2014\/04\/arbitro-Alejandro-Leon-1.jpg\"><img data-recalc-dims=\"1\" loading=\"lazy\" decoding=\"async\" class=\" wp-image-45254 \" alt=\"Alejandro Le\u00f3n muestras algunas de las huellas que quedaron en todo su cuerpo de aquel fat\u00eddico partido en el cual temi\u00f3 por su vida.\" src=\"https:\/\/i0.wp.com\/www.eltrabajo.cl\/portal\/wp-content\/uploads\/2014\/04\/arbitro-Alejandro-Leon-1.jpg?resize=423%2C286\" width=\"423\" height=\"286\" srcset=\"https:\/\/i0.wp.com\/eltrabajo.cl\/portal\/wp-content\/uploads\/2014\/04\/arbitro-Alejandro-Leon-1.jpg?w=529&amp;ssl=1 529w, https:\/\/i0.wp.com\/eltrabajo.cl\/portal\/wp-content\/uploads\/2014\/04\/arbitro-Alejandro-Leon-1.jpg?resize=200%2C135&amp;ssl=1 200w, https:\/\/i0.wp.com\/eltrabajo.cl\/portal\/wp-content\/uploads\/2014\/04\/arbitro-Alejandro-Leon-1.jpg?resize=300%2C203&amp;ssl=1 300w, https:\/\/i0.wp.com\/eltrabajo.cl\/portal\/wp-content\/uploads\/2014\/04\/arbitro-Alejandro-Leon-1.jpg?resize=150%2C101&amp;ssl=1 150w, https:\/\/i0.wp.com\/eltrabajo.cl\/portal\/wp-content\/uploads\/2014\/04\/arbitro-Alejandro-Leon-1.jpg?resize=400%2C270&amp;ssl=1 400w\" sizes=\"auto, (max-width: 423px) 100vw, 423px\" \/><\/a><figcaption id=\"caption-attachment-45254\" class=\"wp-caption-text\">Alejandro Le\u00f3n muestras algunas de las huellas que quedaron en todo su cuerpo de aquel fat\u00eddico partido en el cual temi\u00f3 por su vida.<\/figcaption><\/figure>\n<p>Alejandro Le\u00f3n recibi\u00f3 a Diario El Trabajo en su hogar y a\u00fan reponi\u00e9ndose de la golpiza recibida, asegur\u00f3 que nunca hab\u00eda sentido tanto miedo y calific\u00f3 lo ocurrido el domingo como un salvajismo sin nombre. Al respecto el \u00e1rbitro declar\u00f3 que \u201cfue una cosa incre\u00edble, aparecieron palos, hondas, fierros y era una cosa de todos contra todos, me refugi\u00e9 al lado de un dirigente y mi colega que arbitraba debi\u00f3 saltar un muro y huir hacia un jard\u00edn, en tanto yo recib\u00eda golpes de pies, pu\u00f1os y palos, alcanc\u00e9 a esquivar un madero que ocupan en los parronales y que iba directo a mi cabeza. Fueron tantos los golpes que recib\u00ed que no me di cuenta el momento en el que me cortaron a la altura de la mu\u00f1eca pues sangraba mucho y en un momento determinado de verdad pens\u00e9 que me pod\u00edan matar\u201d.<\/p>\n<p>El \u00e1rbitro insisti\u00f3 en que jam\u00e1s hab\u00eda visto este nivel de violencia y que luego de lo ocurrido y al haber temido por su vida, ha tomado la decisi\u00f3n de nunca m\u00e1s arbitrar, lo que para \u00e9l es una decisi\u00f3n muy dif\u00edcil, ya que asegur\u00f3 que lo hace por pasi\u00f3n y no por dinero y que podr\u00eda quedarse en su casa descansando, pero por m\u00e1s de 22 a\u00f1os ha dedicado su vida al arbitraje. No obstante, indic\u00f3 que la experiencia vivida en Calle Larga lo oblig\u00f3 a tomar esta decisi\u00f3n debido a que su vida estuvo en riesgo.<\/p>\n<p>Alejandro Le\u00f3n hizo un llamado a los dirigentes del f\u00fatbol de Aconcagua para que tomen medidas serias, definitivas y ejemplarizadoras, pues a su juicio muchas veces son los mismos dirigentes los que condenan estos hechos y despu\u00e9s de un tiempo reciben a los mismos clubes, le levantan los castigos a los dirigentes y esto se transforma en un c\u00edrculo vicioso que nunca termina, adem\u00e1s se\u00f1al\u00f3 que ojala no tenga que ocurrir una desgracia para que los jugadores, hinchas y dirigentes entiendan que el f\u00fatbol es un deporte y no una batalla campal.<\/p>\n<p>Patricio Gallardo M.<\/p>\n<p>&nbsp;<\/p>\n","protected":false},"excerpt":{"rendered":"<p>PUTAENDO.- Alejandro Le\u00f3n Leiva, de 51 a\u00f1os de edad y quien por m\u00e1s de 22 a\u00f1os se ha desempe\u00f1ado como \u00e1rbitro amateur e incluso como \u00e1rbitro profesional en Argentina, fue brutalmente golpeado&#8230;<\/p>\n","protected":false},"author":482,"featured_media":45253,"comment_status":"open","ping_status":"closed","sticky":false,"template":"","format":"standard","meta":{"advanced_seo_description":"","jetpack_seo_html_title":"","jetpack_seo_noindex":false,"_jetpack_memberships_contains_paid_content":false,"footnotes":""},"categories":[15],"tags":[],"class_list":["post-45252","post","type-post","status-publish","format-standard","has-post-thumbnail","hentry","category-comunidad"],"jetpack_featured_media_url":"https:\/\/i0.wp.com\/eltrabajo.cl\/portal\/wp-content\/uploads\/2014\/04\/arbitro-Alejandro-Leon-2.jpg?fit=529%2C359&ssl=1","jetpack_sharing_enabled":true,"jetpack_likes_enabled":true,"jetpack-related-posts":[],"_links":{"self":[{"href":"https:\/\/eltrabajo.cl\/portal\/wp-json\/wp\/v2\/posts\/45252","targetHints":{"allow":["GET"]}}],"collection":[{"href":"https:\/\/eltrabajo.cl\/portal\/wp-json\/wp\/v2\/posts"}],"about":[{"href":"https:\/\/eltrabajo.cl\/portal\/wp-json\/wp\/v2\/types\/post"}],"author":[{"embeddable":true,"href":"https:\/\/eltrabajo.cl\/portal\/wp-json\/wp\/v2\/users\/482"}],"replies":[{"embeddable":true,"href":"https:\/\/eltrabajo.cl\/portal\/wp-json\/wp\/v2\/comments?post=45252"}],"version-history":[{"count":0,"href":"https:\/\/eltrabajo.cl\/portal\/wp-json\/wp\/v2\/posts\/45252\/revisions"}],"wp:featuredmedia":[{"embeddable":true,"href":"https:\/\/eltrabajo.cl\/portal\/wp-json\/wp\/v2\/media\/45253"}],"wp:attachment":[{"href":"https:\/\/eltrabajo.cl\/portal\/wp-json\/wp\/v2\/media?parent=45252"}],"wp:term":[{"taxonomy":"category","embeddable":true,"href":"https:\/\/eltrabajo.cl\/portal\/wp-json\/wp\/v2\/categories?post=45252"},{"taxonomy":"post_tag","embeddable":true,"href":"https:\/\/eltrabajo.cl\/portal\/wp-json\/wp\/v2\/tags?post=45252"}],"curies":[{"name":"wp","href":"https:\/\/api.w.org\/{rel}","templated":true}]}}