{"id":45267,"date":"2014-04-10T09:32:11","date_gmt":"2014-04-10T12:32:11","guid":{"rendered":"http:\/\/www.eltrabajo.cl\/portal\/?p=45267"},"modified":"2014-04-10T09:32:11","modified_gmt":"2014-04-10T12:32:11","slug":"alumnos-de-la-aurora-velasco-reciben-donativo-de-utiles-escolares","status":"publish","type":"post","link":"https:\/\/eltrabajo.cl\/portal\/alumnos-de-la-aurora-velasco-reciben-donativo-de-utiles-escolares\/","title":{"rendered":"Alumnos de la Aurora Velasco reciben donativo de \u00fatiles escolares"},"content":{"rendered":"<figure id=\"attachment_45268\" aria-describedby=\"caption-attachment-45268\" style=\"width: 529px\" class=\"wp-caption alignnone\"><a href=\"https:\/\/i0.wp.com\/www.eltrabajo.cl\/portal\/wp-content\/uploads\/2014\/04\/Donacion1.jpg\"><img data-recalc-dims=\"1\" loading=\"lazy\" decoding=\"async\" class=\"size-full wp-image-45268\" alt=\"A ESTUDIAR.- Cada uno de los 51 estudiantes de esta escuelita ha recibido un paquete de \u00fatiles escolares como \u00e9ste.\" src=\"https:\/\/i0.wp.com\/www.eltrabajo.cl\/portal\/wp-content\/uploads\/2014\/04\/Donacion1.jpg?resize=529%2C401\" width=\"529\" height=\"401\" srcset=\"https:\/\/i0.wp.com\/eltrabajo.cl\/portal\/wp-content\/uploads\/2014\/04\/Donacion1.jpg?w=529&amp;ssl=1 529w, https:\/\/i0.wp.com\/eltrabajo.cl\/portal\/wp-content\/uploads\/2014\/04\/Donacion1.jpg?resize=197%2C150&amp;ssl=1 197w, https:\/\/i0.wp.com\/eltrabajo.cl\/portal\/wp-content\/uploads\/2014\/04\/Donacion1.jpg?resize=300%2C227&amp;ssl=1 300w, https:\/\/i0.wp.com\/eltrabajo.cl\/portal\/wp-content\/uploads\/2014\/04\/Donacion1.jpg?resize=150%2C113&amp;ssl=1 150w, https:\/\/i0.wp.com\/eltrabajo.cl\/portal\/wp-content\/uploads\/2014\/04\/Donacion1.jpg?resize=400%2C303&amp;ssl=1 400w\" sizes=\"auto, (max-width: 529px) 100vw, 529px\" \/><\/a><figcaption id=\"caption-attachment-45268\" class=\"wp-caption-text\">A ESTUDIAR.- Cada uno de los 51 estudiantes de esta escuelita ha recibido un paquete de \u00fatiles escolares como \u00e9ste.<\/figcaption><\/figure>\n<p><strong>SANTA MAR\u00cdA<\/strong>.- Esta semana fueron entregados a los alumnos de la Escuela Aurora Velasco de Las Cabras, 51 paquetes de \u00fatiles escolares para cada estudiante de esa escuelita rural. El donativo, como ocurre desde hace tres a\u00f1os, lleg\u00f3 de manos de V\u00edctor Velasco, hermano de la profesora Aurora Velasco, ya fallecida y de quien lleva su nombre esta casa de estudios.<\/p>\n<figure id=\"attachment_45269\" aria-describedby=\"caption-attachment-45269\" style=\"width: 423px\" class=\"wp-caption alignright\"><a href=\"https:\/\/i0.wp.com\/www.eltrabajo.cl\/portal\/wp-content\/uploads\/2014\/04\/Comedor1.jpg\"><img data-recalc-dims=\"1\" loading=\"lazy\" decoding=\"async\" class=\" wp-image-45269 \" alt=\"FALTA POCO.- Ra\u00fal Bocaz Norambuena, director de la escuela, supervisa los trabajos en el nuevo comedor, Nelson realiza el montaje en los lavaplatos que pronto trabajar\u00e1n a full para que los peques puedan comer con normalidad.\" src=\"https:\/\/i0.wp.com\/www.eltrabajo.cl\/portal\/wp-content\/uploads\/2014\/04\/Comedor1.jpg?resize=423%2C321\" width=\"423\" height=\"321\" srcset=\"https:\/\/i0.wp.com\/eltrabajo.cl\/portal\/wp-content\/uploads\/2014\/04\/Comedor1.jpg?w=529&amp;ssl=1 529w, https:\/\/i0.wp.com\/eltrabajo.cl\/portal\/wp-content\/uploads\/2014\/04\/Comedor1.jpg?resize=197%2C150&amp;ssl=1 197w, https:\/\/i0.wp.com\/eltrabajo.cl\/portal\/wp-content\/uploads\/2014\/04\/Comedor1.jpg?resize=300%2C227&amp;ssl=1 300w, https:\/\/i0.wp.com\/eltrabajo.cl\/portal\/wp-content\/uploads\/2014\/04\/Comedor1.jpg?resize=150%2C113&amp;ssl=1 150w, https:\/\/i0.wp.com\/eltrabajo.cl\/portal\/wp-content\/uploads\/2014\/04\/Comedor1.jpg?resize=400%2C303&amp;ssl=1 400w\" sizes=\"auto, (max-width: 423px) 100vw, 423px\" \/><\/a><figcaption id=\"caption-attachment-45269\" class=\"wp-caption-text\">FALTA POCO.- Ra\u00fal Bocaz Norambuena, director de la escuela, supervisa los trabajos en el nuevo comedor, Nelson realiza el montaje en los lavaplatos que pronto trabajar\u00e1n a full para que los peques puedan comer con normalidad.<\/figcaption><\/figure>\n<p>Cada paquete contiene l\u00e1pices de colores; cuadernos para las distintas materias de estudio; gomas para trabajos en clase y muchos art\u00edculos de gran utilidad.<\/p>\n<p>Los estudiantes tambi\u00e9n est\u00e1n muy alegres, pues este mes recibir\u00e1n tambi\u00e9n un comedor escolar totalmente nuevo. Es un proyecto gestionado por la Daem de esa comuna y que su inversi\u00f3n ronda los $50 millones. Las nuevas instalaciones cuentan con el inmueble nuevo; bodegas para alimentos, refrigeradores y hasta mesas y sillas nuevas. Por ahora los ni\u00f1os est\u00e1n s\u00f3lo comiendo meriendas fr\u00edas que traen de sus hogares o que en la escuela reciben.<\/p>\n<p>&nbsp;<\/p>\n","protected":false},"excerpt":{"rendered":"<p>SANTA MAR\u00cdA.- Esta semana fueron entregados a los alumnos de la Escuela Aurora Velasco de Las Cabras, 51 paquetes de \u00fatiles escolares para cada estudiante de esa escuelita rural. El donativo, como&#8230;<\/p>\n","protected":false},"author":482,"featured_media":45268,"comment_status":"open","ping_status":"closed","sticky":false,"template":"","format":"standard","meta":{"advanced_seo_description":"","jetpack_seo_html_title":"","jetpack_seo_noindex":false,"_jetpack_memberships_contains_paid_content":false,"footnotes":""},"categories":[15],"tags":[],"class_list":["post-45267","post","type-post","status-publish","format-standard","has-post-thumbnail","hentry","category-comunidad"],"jetpack_featured_media_url":"https:\/\/i0.wp.com\/eltrabajo.cl\/portal\/wp-content\/uploads\/2014\/04\/Donacion1.jpg?fit=529%2C401&ssl=1","jetpack_sharing_enabled":true,"jetpack_likes_enabled":true,"jetpack-related-posts":[],"_links":{"self":[{"href":"https:\/\/eltrabajo.cl\/portal\/wp-json\/wp\/v2\/posts\/45267","targetHints":{"allow":["GET"]}}],"collection":[{"href":"https:\/\/eltrabajo.cl\/portal\/wp-json\/wp\/v2\/posts"}],"about":[{"href":"https:\/\/eltrabajo.cl\/portal\/wp-json\/wp\/v2\/types\/post"}],"author":[{"embeddable":true,"href":"https:\/\/eltrabajo.cl\/portal\/wp-json\/wp\/v2\/users\/482"}],"replies":[{"embeddable":true,"href":"https:\/\/eltrabajo.cl\/portal\/wp-json\/wp\/v2\/comments?post=45267"}],"version-history":[{"count":0,"href":"https:\/\/eltrabajo.cl\/portal\/wp-json\/wp\/v2\/posts\/45267\/revisions"}],"wp:featuredmedia":[{"embeddable":true,"href":"https:\/\/eltrabajo.cl\/portal\/wp-json\/wp\/v2\/media\/45268"}],"wp:attachment":[{"href":"https:\/\/eltrabajo.cl\/portal\/wp-json\/wp\/v2\/media?parent=45267"}],"wp:term":[{"taxonomy":"category","embeddable":true,"href":"https:\/\/eltrabajo.cl\/portal\/wp-json\/wp\/v2\/categories?post=45267"},{"taxonomy":"post_tag","embeddable":true,"href":"https:\/\/eltrabajo.cl\/portal\/wp-json\/wp\/v2\/tags?post=45267"}],"curies":[{"name":"wp","href":"https:\/\/api.w.org\/{rel}","templated":true}]}}