{"id":45273,"date":"2014-04-10T09:33:01","date_gmt":"2014-04-10T12:33:01","guid":{"rendered":"http:\/\/www.eltrabajo.cl\/portal\/?p=45273"},"modified":"2014-04-10T09:33:01","modified_gmt":"2014-04-10T12:33:01","slug":"putaendinos-enviaran-ayuda-humanitaria-a-damnificados-por-terremoto","status":"publish","type":"post","link":"https:\/\/eltrabajo.cl\/portal\/putaendinos-enviaran-ayuda-humanitaria-a-damnificados-por-terremoto\/","title":{"rendered":"Putaendinos enviar\u00e1n ayuda humanitaria a damnificados por terremoto"},"content":{"rendered":"<figure id=\"attachment_45274\" aria-describedby=\"caption-attachment-45274\" style=\"width: 529px\" class=\"wp-caption alignnone\"><a href=\"https:\/\/i0.wp.com\/www.eltrabajo.cl\/portal\/wp-content\/uploads\/2014\/04\/Colecta1.jpg\"><img data-recalc-dims=\"1\" loading=\"lazy\" decoding=\"async\" class=\"size-full wp-image-45274\" alt=\"La recolecci\u00f3n de alimentos en la Escuela Alegr\u00eda Cat\u00e1n de Piguch\u00e9n fue registrada por las c\u00e1maras de Diario El Trabajo.\" src=\"https:\/\/i0.wp.com\/www.eltrabajo.cl\/portal\/wp-content\/uploads\/2014\/04\/Colecta1.jpg?resize=529%2C433\" width=\"529\" height=\"433\" srcset=\"https:\/\/i0.wp.com\/eltrabajo.cl\/portal\/wp-content\/uploads\/2014\/04\/Colecta1.jpg?w=529&amp;ssl=1 529w, https:\/\/i0.wp.com\/eltrabajo.cl\/portal\/wp-content\/uploads\/2014\/04\/Colecta1.jpg?resize=183%2C150&amp;ssl=1 183w, https:\/\/i0.wp.com\/eltrabajo.cl\/portal\/wp-content\/uploads\/2014\/04\/Colecta1.jpg?resize=300%2C245&amp;ssl=1 300w, https:\/\/i0.wp.com\/eltrabajo.cl\/portal\/wp-content\/uploads\/2014\/04\/Colecta1.jpg?resize=150%2C122&amp;ssl=1 150w, https:\/\/i0.wp.com\/eltrabajo.cl\/portal\/wp-content\/uploads\/2014\/04\/Colecta1.jpg?resize=400%2C327&amp;ssl=1 400w\" sizes=\"auto, (max-width: 529px) 100vw, 529px\" \/><\/a><figcaption id=\"caption-attachment-45274\" class=\"wp-caption-text\">La recolecci\u00f3n de alimentos en la Escuela Alegr\u00eda Cat\u00e1n de Piguch\u00e9n fue registrada por las c\u00e1maras de Diario El Trabajo.<\/figcaption><\/figure>\n<p><strong>PUTAENDO.<\/strong>&#8211; D\u00eda a d\u00eda se siguen sumando voluntades en la campa\u00f1a denominada \u201cPutaendo ayuda al norte\u201d, donde se est\u00e1n juntando alimentos no perecederos; \u00fatiles de aseo; frazadas y agua, que ser\u00e1n enviadas hasta la localidad de Huara. Tal como lo informamos d\u00edas atr\u00e1s, esta campa\u00f1a que tambi\u00e9n cuenta con el apoyo de Diario El Trabajo, tiene por finalidad reunir como meta 5.000 kilos de alimentos no perecederos y en estos tres d\u00edas se han sumado juntas de vecinos, organizaciones y pr\u00e1cticamente todos los colegios de la comuna de Putaendo y en cada sector hay un centro de acopio recopilando los alimentos no perecederos.<\/p>\n<p>Gracias al importante apoyo de la empresa de Buses JM y el Sr. Cristian Balbont\u00edn, la ayuda recolectada ser\u00e1 enviada la pr\u00f3xima semana en buses de esa empresa hasta la localidad de Huara que fue fuertemente golpeada por el terremoto.<\/p>\n<p>En este sentido, ya existen las coordinaciones con el Teniente de Carabineros Felipe Castillo, Jefe de la Tenencia de Carreteras de Huara, quien ser\u00e1 el encargado la ayuda que ser\u00e1 enviada y entregarla a las autoridades de esa localidad, cuya poblaci\u00f3n supera los 1.800 habitantes, y seg\u00fan lo se\u00f1alado por el oficial, las viviendas resultaron con serios da\u00f1os y algunas destruidas, por lo que esta ayuda ser\u00e1 muy bien recibida para esos habitantes.<\/p>\n<p>Desde San Felipe tambi\u00e9n el coraz\u00f3n solidario del local BCD realizar\u00e1 algunos eventos durante la semana con entrada liberada a cambio de alimentos no perecibles y agua. La campa\u00f1a se extender\u00e1 hasta el pr\u00f3ximo lunes 14 de abril y los interesados en entregar su aporte lo pueden hacer directamente en los estudios de Radio FM Vida en Calle San Mart\u00edn 683 o en el Mercado Dolores Otero, entrada principal frente a la plaza de armas, mientras que los tel\u00e9fonos de contacto son el 0342502040, 92284910 y 77144657. La campa\u00f1a Putaendo ayuda al norte es la ocasi\u00f3n para que muchas personas no tan solo se conmuevan con las im\u00e1genes que muestra la televisi\u00f3n, sino que con un peque\u00f1o aporte ayudemos a quien hoy lo necesita.<\/p>\n<p>Patricio Gallardo M.<\/p>\n<p>&nbsp;<\/p>\n","protected":false},"excerpt":{"rendered":"<p>PUTAENDO.&#8211; D\u00eda a d\u00eda se siguen sumando voluntades en la campa\u00f1a denominada \u201cPutaendo ayuda al norte\u201d, donde se est\u00e1n juntando alimentos no perecederos; \u00fatiles de aseo; frazadas y agua, que ser\u00e1n enviadas&#8230;<\/p>\n","protected":false},"author":482,"featured_media":45274,"comment_status":"open","ping_status":"closed","sticky":false,"template":"","format":"standard","meta":{"advanced_seo_description":"","jetpack_seo_html_title":"","jetpack_seo_noindex":false,"_jetpack_memberships_contains_paid_content":false,"footnotes":""},"categories":[15],"tags":[],"class_list":["post-45273","post","type-post","status-publish","format-standard","has-post-thumbnail","hentry","category-comunidad"],"jetpack_featured_media_url":"https:\/\/i0.wp.com\/eltrabajo.cl\/portal\/wp-content\/uploads\/2014\/04\/Colecta1.jpg?fit=529%2C433&ssl=1","jetpack_sharing_enabled":true,"jetpack_likes_enabled":true,"jetpack-related-posts":[],"_links":{"self":[{"href":"https:\/\/eltrabajo.cl\/portal\/wp-json\/wp\/v2\/posts\/45273","targetHints":{"allow":["GET"]}}],"collection":[{"href":"https:\/\/eltrabajo.cl\/portal\/wp-json\/wp\/v2\/posts"}],"about":[{"href":"https:\/\/eltrabajo.cl\/portal\/wp-json\/wp\/v2\/types\/post"}],"author":[{"embeddable":true,"href":"https:\/\/eltrabajo.cl\/portal\/wp-json\/wp\/v2\/users\/482"}],"replies":[{"embeddable":true,"href":"https:\/\/eltrabajo.cl\/portal\/wp-json\/wp\/v2\/comments?post=45273"}],"version-history":[{"count":0,"href":"https:\/\/eltrabajo.cl\/portal\/wp-json\/wp\/v2\/posts\/45273\/revisions"}],"wp:featuredmedia":[{"embeddable":true,"href":"https:\/\/eltrabajo.cl\/portal\/wp-json\/wp\/v2\/media\/45274"}],"wp:attachment":[{"href":"https:\/\/eltrabajo.cl\/portal\/wp-json\/wp\/v2\/media?parent=45273"}],"wp:term":[{"taxonomy":"category","embeddable":true,"href":"https:\/\/eltrabajo.cl\/portal\/wp-json\/wp\/v2\/categories?post=45273"},{"taxonomy":"post_tag","embeddable":true,"href":"https:\/\/eltrabajo.cl\/portal\/wp-json\/wp\/v2\/tags?post=45273"}],"curies":[{"name":"wp","href":"https:\/\/api.w.org\/{rel}","templated":true}]}}