{"id":45276,"date":"2014-04-10T09:34:12","date_gmt":"2014-04-10T12:34:12","guid":{"rendered":"http:\/\/www.eltrabajo.cl\/portal\/?p=45276"},"modified":"2014-04-10T09:34:12","modified_gmt":"2014-04-10T12:34:12","slug":"inspeccionan-terreno-donde-construiran-proyectos-de-vivienda","status":"publish","type":"post","link":"https:\/\/eltrabajo.cl\/portal\/inspeccionan-terreno-donde-construiran-proyectos-de-vivienda\/","title":{"rendered":"Inspeccionan terreno donde construir\u00e1n proyectos de vivienda"},"content":{"rendered":"<figure id=\"attachment_45277\" aria-describedby=\"caption-attachment-45277\" style=\"width: 529px\" class=\"wp-caption alignnone\"><a href=\"https:\/\/i0.wp.com\/www.eltrabajo.cl\/portal\/wp-content\/uploads\/2014\/04\/Terreno1.jpg\"><img data-recalc-dims=\"1\" loading=\"lazy\" decoding=\"async\" class=\"size-full wp-image-45277\" alt=\"Se trata de 241 viviendas, que ser\u00e1n construidas en terrenos que corresponde al proyecto de parcelaci\u00f3n El Mirador de Panquehue.\" src=\"https:\/\/i0.wp.com\/www.eltrabajo.cl\/portal\/wp-content\/uploads\/2014\/04\/Terreno1.jpg?resize=529%2C401\" width=\"529\" height=\"401\" srcset=\"https:\/\/i0.wp.com\/eltrabajo.cl\/portal\/wp-content\/uploads\/2014\/04\/Terreno1.jpg?w=529&amp;ssl=1 529w, https:\/\/i0.wp.com\/eltrabajo.cl\/portal\/wp-content\/uploads\/2014\/04\/Terreno1.jpg?resize=197%2C150&amp;ssl=1 197w, https:\/\/i0.wp.com\/eltrabajo.cl\/portal\/wp-content\/uploads\/2014\/04\/Terreno1.jpg?resize=300%2C227&amp;ssl=1 300w, https:\/\/i0.wp.com\/eltrabajo.cl\/portal\/wp-content\/uploads\/2014\/04\/Terreno1.jpg?resize=150%2C113&amp;ssl=1 150w, https:\/\/i0.wp.com\/eltrabajo.cl\/portal\/wp-content\/uploads\/2014\/04\/Terreno1.jpg?resize=400%2C303&amp;ssl=1 400w\" sizes=\"auto, (max-width: 529px) 100vw, 529px\" \/><\/a><figcaption id=\"caption-attachment-45277\" class=\"wp-caption-text\">Se trata de 241 viviendas, que ser\u00e1n construidas en terrenos que corresponde al proyecto de parcelaci\u00f3n El Mirador de Panquehue.<\/figcaption><\/figure>\n<p><strong>PANQUEHUE.<\/strong>&#8211; Una visita al terreno, que corresponde al proyecto de parcelaci\u00f3n El Mirador de Panquehue, donde ser\u00e1n construidas las viviendas de los comit\u00e9s habitacionales \u2018Esperanza del Halc\u00f3n\u2019 y \u2018Nuevo Amanecer\u2019, realiz\u00f3 el Alcalde Luis Pradenas, en compa\u00f1\u00eda de la Directora de Obras de la municipalidad, Loreto Gald\u00e1mez.<\/p>\n<p>En el lugar ya se iniciaron los trabajos de despeje, para que as\u00ed en los pr\u00f3ximos d\u00edas, la empresa que se adjudic\u00f3 el proyecto de construcci\u00f3n de las viviendas, inicie lo que se denomina instalaci\u00f3n de faenas. De acuerdo a lo informado por Gald\u00e1mez, en estos momentos se est\u00e1 trabajando en la asignaci\u00f3n de recursos para tres proyectos paralelos a las obras y que se refieren al acceso de vialidad, la planta de tratamiento de aguas servidas y el servicio de agua potable.<\/p>\n<p>\u201cEl proyecto pronto iniciara obras y lo que hicimos fue observar la limpieza del terreno para la instalaci\u00f3n de faenas y estamos a la espera de la entrega de terreno al Serviu. Se trata de 241 viviendas, de las cuales 159 corresponden al Comit\u00e9 Esperanza del Halc\u00f3n y 82 al Comit\u00e9 Nuevo Amanecer. Son viviendas de un piso y su topolog\u00eda depender\u00e1 del n\u00facleo familiar y la postulaci\u00f3n misma, por ejemplo hay viviendas que ser\u00e1n construidas con dos y otras con tres dormitorios, como asimismo a personas de la tercera edad, consideran rejas de ante jard\u00edn y cierre perimetral.<\/p>\n<p>Lo importante es que estamos frente a un proyecto muy esperando por la comunidad de Panquehue y si todo marcha bien, a fines de mes estamos iniciando las obras\u201d.<\/p>\n<p>En tanto el Alcalde Pradenas reiter\u00f3 que hay un compromiso de parte de la municipalidad, para sacar adelante este proyecto y es as\u00ed que han apoyado cada una de las acciones que han organizado ambos comit\u00e9s de la comuna de Panquehue.<\/p>\n<p>\u201cPara m\u00ed este es un tema muy importante, porque le estamos dando soluci\u00f3n habitacional a 241 familias, muchas de ellas que desde el 2010 obtuvieron su subsidio y que esperan con ansiedad este proyecto. Como municipio, a trav\u00e9s de la oficina de la vivienda, nos hemos estado reuniendo mes a mes con estos comit\u00e9s habitacionales para conocer el estado de avance del proyecto.<\/p>\n<p>Hemos cumplido con cada uno de los tr\u00e1mites que requiere el Serviu, lo importante es que hemos cumplido con cada una de las exigencias y podemos decir que esta iniciativa est\u00e1 saliendo adelante y las viviendas de ambos c\u00f3mitres, ser\u00e1n una realidad\u201d.<\/p>\n<p>El terreno de la parcelaci\u00f3n El Mirador se encuentra a un costado de la actual Ruta CH60, lo que permitir\u00e1 una conectividad hacia servicios b\u00e1sicos por parte de los vecinos.<\/p>\n<p>\u201cTal como lo hice ver en la \u00faltima sesi\u00f3n de concejo, para este alcalde y el municipio, este proyecto habitacional es de una gran prioridad, estamos trabajando con los vecinos, estamos trabajando con el Serviu, por lo tanto, se avanza de acuerdo a lo programado y planificado\u201d, agreg\u00f3 el edil.<\/p>\n<p>&nbsp;<\/p>\n","protected":false},"excerpt":{"rendered":"<p>PANQUEHUE.&#8211; Una visita al terreno, que corresponde al proyecto de parcelaci\u00f3n El Mirador de Panquehue, donde ser\u00e1n construidas las viviendas de los comit\u00e9s habitacionales \u2018Esperanza del Halc\u00f3n\u2019 y \u2018Nuevo Amanecer\u2019, realiz\u00f3 el&#8230;<\/p>\n","protected":false},"author":482,"featured_media":45277,"comment_status":"open","ping_status":"closed","sticky":false,"template":"","format":"standard","meta":{"advanced_seo_description":"","jetpack_seo_html_title":"","jetpack_seo_noindex":false,"_jetpack_memberships_contains_paid_content":false,"footnotes":""},"categories":[1],"tags":[],"class_list":["post-45276","post","type-post","status-publish","format-standard","has-post-thumbnail","hentry","category-cronica"],"jetpack_featured_media_url":"https:\/\/i0.wp.com\/eltrabajo.cl\/portal\/wp-content\/uploads\/2014\/04\/Terreno1.jpg?fit=529%2C401&ssl=1","jetpack_sharing_enabled":true,"jetpack_likes_enabled":true,"jetpack-related-posts":[],"_links":{"self":[{"href":"https:\/\/eltrabajo.cl\/portal\/wp-json\/wp\/v2\/posts\/45276","targetHints":{"allow":["GET"]}}],"collection":[{"href":"https:\/\/eltrabajo.cl\/portal\/wp-json\/wp\/v2\/posts"}],"about":[{"href":"https:\/\/eltrabajo.cl\/portal\/wp-json\/wp\/v2\/types\/post"}],"author":[{"embeddable":true,"href":"https:\/\/eltrabajo.cl\/portal\/wp-json\/wp\/v2\/users\/482"}],"replies":[{"embeddable":true,"href":"https:\/\/eltrabajo.cl\/portal\/wp-json\/wp\/v2\/comments?post=45276"}],"version-history":[{"count":0,"href":"https:\/\/eltrabajo.cl\/portal\/wp-json\/wp\/v2\/posts\/45276\/revisions"}],"wp:featuredmedia":[{"embeddable":true,"href":"https:\/\/eltrabajo.cl\/portal\/wp-json\/wp\/v2\/media\/45277"}],"wp:attachment":[{"href":"https:\/\/eltrabajo.cl\/portal\/wp-json\/wp\/v2\/media?parent=45276"}],"wp:term":[{"taxonomy":"category","embeddable":true,"href":"https:\/\/eltrabajo.cl\/portal\/wp-json\/wp\/v2\/categories?post=45276"},{"taxonomy":"post_tag","embeddable":true,"href":"https:\/\/eltrabajo.cl\/portal\/wp-json\/wp\/v2\/tags?post=45276"}],"curies":[{"name":"wp","href":"https:\/\/api.w.org\/{rel}","templated":true}]}}