{"id":45285,"date":"2014-04-10T09:39:47","date_gmt":"2014-04-10T12:39:47","guid":{"rendered":"http:\/\/www.eltrabajo.cl\/portal\/?p=45285"},"modified":"2014-04-10T09:39:47","modified_gmt":"2014-04-10T12:39:47","slug":"en-san-felipe-dan-a-conocer-plan-de-turismo-del-valle-de-aconcagua","status":"publish","type":"post","link":"https:\/\/eltrabajo.cl\/portal\/en-san-felipe-dan-a-conocer-plan-de-turismo-del-valle-de-aconcagua\/","title":{"rendered":"En San Felipe dan a conocer Plan de Turismo del Valle de Aconcagua"},"content":{"rendered":"<figure id=\"attachment_45286\" aria-describedby=\"caption-attachment-45286\" style=\"width: 529px\" class=\"wp-caption alignnone\"><a href=\"https:\/\/i0.wp.com\/www.eltrabajo.cl\/portal\/wp-content\/uploads\/2014\/04\/Plan1.jpg\"><img data-recalc-dims=\"1\" loading=\"lazy\" decoding=\"async\" class=\"size-full wp-image-45286\" alt=\"Este mi\u00e9rcoles en el Sal\u00f3n de Honor de la Municipalidad de San Felipe, fue presentado el Plan de Turismo del Valle de Aconcagua.\" src=\"https:\/\/i0.wp.com\/www.eltrabajo.cl\/portal\/wp-content\/uploads\/2014\/04\/Plan1.jpg?resize=529%2C344\" width=\"529\" height=\"344\" srcset=\"https:\/\/i0.wp.com\/eltrabajo.cl\/portal\/wp-content\/uploads\/2014\/04\/Plan1.jpg?w=529&amp;ssl=1 529w, https:\/\/i0.wp.com\/eltrabajo.cl\/portal\/wp-content\/uploads\/2014\/04\/Plan1.jpg?resize=200%2C130&amp;ssl=1 200w, https:\/\/i0.wp.com\/eltrabajo.cl\/portal\/wp-content\/uploads\/2014\/04\/Plan1.jpg?resize=300%2C195&amp;ssl=1 300w, https:\/\/i0.wp.com\/eltrabajo.cl\/portal\/wp-content\/uploads\/2014\/04\/Plan1.jpg?resize=150%2C97&amp;ssl=1 150w, https:\/\/i0.wp.com\/eltrabajo.cl\/portal\/wp-content\/uploads\/2014\/04\/Plan1.jpg?resize=400%2C260&amp;ssl=1 400w\" sizes=\"auto, (max-width: 529px) 100vw, 529px\" \/><\/a><figcaption id=\"caption-attachment-45286\" class=\"wp-caption-text\">Este mi\u00e9rcoles en el Sal\u00f3n de Honor de la Municipalidad de San Felipe, fue presentado el Plan de Turismo del Valle de Aconcagua.<\/figcaption><\/figure>\n<p>Este mi\u00e9rcoles en el Sal\u00f3n de Honor de la Municipalidad de San Felipe, fue presentado el Plan de Turismo del Valle de Aconcagua, en una actividad organizada por la Corporaci\u00f3n Pro-Aconcagua y Corfo. La actividad cont\u00f3 con la presencia de empresarios del sector turismo de la provincia de San Felipe y representantes de los municipios del Valle de Aconcagua, instancia donde se present\u00f3 este instrumento, que da cuenta de un sello con el que el Valle de Aconcagua se dar\u00e1 a conocer al resto de la regi\u00f3n, del pa\u00eds y tambi\u00e9n en el extranjero.<\/p>\n<p>La creaci\u00f3n de este plan se dio luego de un trabajo de 18 meses, que se hizo con la participaci\u00f3n de los empresarios tur\u00edsticos del Valle de Aconcagua y que permiti\u00f3 crear una imagen de esta zona como destino tur\u00edstico. La actividad fue destacada por el Administrador Municipal, Patricio Gonz\u00e1lez, quien explic\u00f3 que en la jornada de trabajo se pudieron destacar los atributos de esta zona, tales como la agricultura, el sector de monta\u00f1a, los servicios de recreaci\u00f3n, como son los hoteles y hostales que se encuentran en distintos lugares del valle, adem\u00e1s de actividades de servicios de peque\u00f1os empresarios y productores agr\u00edcolas.<\/p>\n<p>\u201cLo que se ha podido lograr es un plan estrat\u00e9gico que va a permitir dar a conocer a nuestro valle, con un sello muy caracter\u00edstico, que le va a permitir, a quien lo pueda leer y ver la gu\u00eda, por ejemplo que es uno de los productos de marketing, reconocerlo y generar esa asociaci\u00f3n, que se genera con la asociaci\u00f3n de marca, que busca el sello de este tipo de producto y poder interesarse de lo que hay en el valle\u201d, explic\u00f3 Gonz\u00e1lez.<\/p>\n<p>Ahora este trabajo ser\u00e1 dado a conocer y se debe institucionalizar, para lo cual se cre\u00f3 una gerencia, que estar\u00e1 trabajando directamente con los municipios, con el gobierno regional, con las gobernaciones, las intendencias y Sernatur.<\/p>\n<p>\u201cMuy contentos de seguir participando en este tipo de reuniones, donde se ha logrado un producto concreto, un plan concreto que se va a llevar adelante a trav\u00e9s de la gerencia que han podido institucionalizar estas distintas instituciones que, por supuesto, lo que buscaban era que se generara esta participaci\u00f3n y logr\u00e1ramos tener, a pesar que por muchos a\u00f1os se busc\u00f3 por distintas formas este plan estrat\u00e9gico que pudiera identificar al valle, hoy d\u00eda llega a su etapa final con un producto y una forma muy seria de trabajo en adelante\u201d, sostuvo el administrador.<\/p>\n<p>Gonz\u00e1lez adem\u00e1s hizo un llamado a los empresarios a integrarse a este trabajo con sus productos o servicios, de manera de potenciar a\u00fan m\u00e1s este plan, que permitir\u00e1 que el valle sea conocido en distintos lugares.<\/p>\n<p>&nbsp;<\/p>\n","protected":false},"excerpt":{"rendered":"<p>Este mi\u00e9rcoles en el Sal\u00f3n de Honor de la Municipalidad de San Felipe, fue presentado el Plan de Turismo del Valle de Aconcagua, en una actividad organizada por la Corporaci\u00f3n Pro-Aconcagua y&#8230;<\/p>\n","protected":false},"author":482,"featured_media":45286,"comment_status":"open","ping_status":"closed","sticky":false,"template":"","format":"standard","meta":{"advanced_seo_description":"","jetpack_seo_html_title":"","jetpack_seo_noindex":false,"_jetpack_memberships_contains_paid_content":false,"footnotes":""},"categories":[1],"tags":[],"class_list":["post-45285","post","type-post","status-publish","format-standard","has-post-thumbnail","hentry","category-cronica"],"jetpack_featured_media_url":"https:\/\/i0.wp.com\/eltrabajo.cl\/portal\/wp-content\/uploads\/2014\/04\/Plan1.jpg?fit=529%2C344&ssl=1","jetpack_sharing_enabled":true,"jetpack_likes_enabled":true,"jetpack-related-posts":[],"_links":{"self":[{"href":"https:\/\/eltrabajo.cl\/portal\/wp-json\/wp\/v2\/posts\/45285","targetHints":{"allow":["GET"]}}],"collection":[{"href":"https:\/\/eltrabajo.cl\/portal\/wp-json\/wp\/v2\/posts"}],"about":[{"href":"https:\/\/eltrabajo.cl\/portal\/wp-json\/wp\/v2\/types\/post"}],"author":[{"embeddable":true,"href":"https:\/\/eltrabajo.cl\/portal\/wp-json\/wp\/v2\/users\/482"}],"replies":[{"embeddable":true,"href":"https:\/\/eltrabajo.cl\/portal\/wp-json\/wp\/v2\/comments?post=45285"}],"version-history":[{"count":0,"href":"https:\/\/eltrabajo.cl\/portal\/wp-json\/wp\/v2\/posts\/45285\/revisions"}],"wp:featuredmedia":[{"embeddable":true,"href":"https:\/\/eltrabajo.cl\/portal\/wp-json\/wp\/v2\/media\/45286"}],"wp:attachment":[{"href":"https:\/\/eltrabajo.cl\/portal\/wp-json\/wp\/v2\/media?parent=45285"}],"wp:term":[{"taxonomy":"category","embeddable":true,"href":"https:\/\/eltrabajo.cl\/portal\/wp-json\/wp\/v2\/categories?post=45285"},{"taxonomy":"post_tag","embeddable":true,"href":"https:\/\/eltrabajo.cl\/portal\/wp-json\/wp\/v2\/tags?post=45285"}],"curies":[{"name":"wp","href":"https:\/\/api.w.org\/{rel}","templated":true}]}}