{"id":45291,"date":"2014-04-10T09:43:41","date_gmt":"2014-04-10T12:43:41","guid":{"rendered":"http:\/\/www.eltrabajo.cl\/portal\/?p=45291"},"modified":"2014-04-10T09:43:41","modified_gmt":"2014-04-10T12:43:41","slug":"autoridades-avanzan-en-proyecto-de-estadio-para-la-comuna","status":"publish","type":"post","link":"https:\/\/eltrabajo.cl\/portal\/autoridades-avanzan-en-proyecto-de-estadio-para-la-comuna\/","title":{"rendered":"Autoridades avanzan en proyecto de estadio para la comuna"},"content":{"rendered":"<figure id=\"attachment_45292\" aria-describedby=\"caption-attachment-45292\" style=\"width: 529px\" class=\"wp-caption alignnone\"><a href=\"https:\/\/i0.wp.com\/www.eltrabajo.cl\/portal\/wp-content\/uploads\/2014\/04\/reunion.jpg\"><img data-recalc-dims=\"1\" loading=\"lazy\" decoding=\"async\" class=\"size-full wp-image-45292\" alt=\"El Alcalde Freire se mostr\u00f3 satisfecho de las acciones acordadas, que permitir\u00e1n avanzar en este proyecto, sobre el cual la Municipalidad ha continuado trabajando. \" src=\"https:\/\/i0.wp.com\/www.eltrabajo.cl\/portal\/wp-content\/uploads\/2014\/04\/reunion.jpg?resize=529%2C353\" width=\"529\" height=\"353\" srcset=\"https:\/\/i0.wp.com\/eltrabajo.cl\/portal\/wp-content\/uploads\/2014\/04\/reunion.jpg?w=529&amp;ssl=1 529w, https:\/\/i0.wp.com\/eltrabajo.cl\/portal\/wp-content\/uploads\/2014\/04\/reunion.jpg?resize=200%2C133&amp;ssl=1 200w, https:\/\/i0.wp.com\/eltrabajo.cl\/portal\/wp-content\/uploads\/2014\/04\/reunion.jpg?resize=300%2C200&amp;ssl=1 300w, https:\/\/i0.wp.com\/eltrabajo.cl\/portal\/wp-content\/uploads\/2014\/04\/reunion.jpg?resize=150%2C100&amp;ssl=1 150w, https:\/\/i0.wp.com\/eltrabajo.cl\/portal\/wp-content\/uploads\/2014\/04\/reunion.jpg?resize=400%2C266&amp;ssl=1 400w\" sizes=\"auto, (max-width: 529px) 100vw, 529px\" \/><\/a><figcaption id=\"caption-attachment-45292\" class=\"wp-caption-text\">El Alcalde Freire se mostr\u00f3 satisfecho de las acciones acordadas, que permitir\u00e1n avanzar en este proyecto, sobre el cual la Municipalidad ha continuado trabajando.<\/figcaption><\/figure>\n<p>Una reuni\u00f3n de trabajo, que ten\u00eda como objetivo avanzar en las labores que la Municipalidad de San Felipe viene realizando desde el a\u00f1o pasado respecto al proyecto del estadio en esta comuna, sostuvo el Alcalde Patricio Freire con el Seremi del Deporte, Daniel Ducl\u00f3s. La reuni\u00f3n fue realizada en Valpara\u00edso y a ella asistieron tambi\u00e9n el Diputado Marco Antonio N\u00fa\u00f1ez; el Gobernador Eduardo Le\u00f3n; el Core Mario Sottolichio; el Secpla Claudio Paredes y el Director de Deportes del municipio, Danilo Pe\u00f1a.<\/p>\n<p>Esta es la primera reuni\u00f3n de trabajo que sostiene el Alcalde Freire con la autoridad regional del deporte y la idea es retomar, las acciones que ya ven\u00eda realizando el municipio respecto del proyecto del estadio. Las autoridades acordaron en los pr\u00f3ximos d\u00edas reunirse en Santiago con la Ministra del Deporte, Natalia Riffo, con el objetivo de definir el dise\u00f1o del estadio y el cronograma de trabajo, que permitir\u00e1 a la comuna contar con esta infraestructura deportiva.<\/p>\n<p>El Alcalde Freire se mostr\u00f3 satisfecho de las acciones acordadas, que permitir\u00e1n avanzar en este proyecto, sobre el cual la Municipalidad ha continuado trabajando<\/p>\n<p>\u201cEstamos contentos porque se est\u00e1 avanzando en este proyecto de tanta importancia para los vecinos, hoy d\u00eda vemos m\u00e1s cerca nuestro estadio, vemos que las autoridades de este gobierno, del la Presidenta Bachelet nos han apoyado para avanzar en este proyecto tan esperado por todos los vecinos de la comuna de San Felipe\u201d.<\/p>\n<p>El jefe comunal destac\u00f3 la presencia de las autoridades que participaron en la reuni\u00f3n, quienes plantearon sus puntos de vista respecto de esta iniciativa, que ha ido avanzando gracias al trabajo que fue encomendado a los profesionales del municipio.<\/p>\n<p>Por su parte el Diputado N\u00fa\u00f1ez valor\u00f3 la disposici\u00f3n del Seremi de Deporte, con quien agendar\u00e1n las reuniones con la Ministra Riffo. \u201cEstamos muy satisfechos, queremos agradecer a las autoridades del IND, particularmente al Secretario regional ministerial, el se\u00f1or Ducl\u00f3s recientemente electo, porque estamos comprometidos en lograr este importante objetivo de infraestructura deportiva para nuestra quinta regi\u00f3n\u201d, dijo el Diputado N\u00fa\u00f1ez.<\/p>\n<p>&nbsp;<\/p>\n","protected":false},"excerpt":{"rendered":"<p>Una reuni\u00f3n de trabajo, que ten\u00eda como objetivo avanzar en las labores que la Municipalidad de San Felipe viene realizando desde el a\u00f1o pasado respecto al proyecto del estadio en esta comuna,&#8230;<\/p>\n","protected":false},"author":482,"featured_media":45292,"comment_status":"open","ping_status":"closed","sticky":false,"template":"","format":"standard","meta":{"advanced_seo_description":"","jetpack_seo_html_title":"","jetpack_seo_noindex":false,"_jetpack_memberships_contains_paid_content":false,"footnotes":""},"categories":[1],"tags":[],"class_list":["post-45291","post","type-post","status-publish","format-standard","has-post-thumbnail","hentry","category-cronica"],"jetpack_featured_media_url":"https:\/\/i0.wp.com\/eltrabajo.cl\/portal\/wp-content\/uploads\/2014\/04\/reunion.jpg?fit=529%2C353&ssl=1","jetpack_sharing_enabled":true,"jetpack_likes_enabled":true,"jetpack-related-posts":[],"_links":{"self":[{"href":"https:\/\/eltrabajo.cl\/portal\/wp-json\/wp\/v2\/posts\/45291","targetHints":{"allow":["GET"]}}],"collection":[{"href":"https:\/\/eltrabajo.cl\/portal\/wp-json\/wp\/v2\/posts"}],"about":[{"href":"https:\/\/eltrabajo.cl\/portal\/wp-json\/wp\/v2\/types\/post"}],"author":[{"embeddable":true,"href":"https:\/\/eltrabajo.cl\/portal\/wp-json\/wp\/v2\/users\/482"}],"replies":[{"embeddable":true,"href":"https:\/\/eltrabajo.cl\/portal\/wp-json\/wp\/v2\/comments?post=45291"}],"version-history":[{"count":0,"href":"https:\/\/eltrabajo.cl\/portal\/wp-json\/wp\/v2\/posts\/45291\/revisions"}],"wp:featuredmedia":[{"embeddable":true,"href":"https:\/\/eltrabajo.cl\/portal\/wp-json\/wp\/v2\/media\/45292"}],"wp:attachment":[{"href":"https:\/\/eltrabajo.cl\/portal\/wp-json\/wp\/v2\/media?parent=45291"}],"wp:term":[{"taxonomy":"category","embeddable":true,"href":"https:\/\/eltrabajo.cl\/portal\/wp-json\/wp\/v2\/categories?post=45291"},{"taxonomy":"post_tag","embeddable":true,"href":"https:\/\/eltrabajo.cl\/portal\/wp-json\/wp\/v2\/tags?post=45291"}],"curies":[{"name":"wp","href":"https:\/\/api.w.org\/{rel}","templated":true}]}}