{"id":45318,"date":"2014-04-11T09:47:42","date_gmt":"2014-04-11T12:47:42","guid":{"rendered":"http:\/\/www.eltrabajo.cl\/portal\/?p=45318"},"modified":"2014-04-11T09:47:42","modified_gmt":"2014-04-11T12:47:42","slug":"sernam-y-gobernadora-planifican-politicas-publicas-para-las-mujeres-de-la-provincia","status":"publish","type":"post","link":"https:\/\/eltrabajo.cl\/portal\/sernam-y-gobernadora-planifican-politicas-publicas-para-las-mujeres-de-la-provincia\/","title":{"rendered":"Sernam y Gobernadora planifican pol\u00edticas p\u00fablicas para las mujeres de la Provincia"},"content":{"rendered":"<figure id=\"attachment_45319\" aria-describedby=\"caption-attachment-45319\" style=\"width: 528px\" class=\"wp-caption alignnone\"><a href=\"https:\/\/i0.wp.com\/www.eltrabajo.cl\/portal\/wp-content\/uploads\/2014\/04\/Sernam2.jpg\"><img data-recalc-dims=\"1\" loading=\"lazy\" decoding=\"async\" class=\"size-full wp-image-45319\" alt=\"VISITA.- La directora regional del Sernam vino a conocer el Centro de la Mujer y tambi\u00e9n, a respaldar en las pol\u00edticas de la mujer.\" src=\"https:\/\/i0.wp.com\/www.eltrabajo.cl\/portal\/wp-content\/uploads\/2014\/04\/Sernam2.jpg?resize=528%2C283\" width=\"528\" height=\"283\" srcset=\"https:\/\/i0.wp.com\/eltrabajo.cl\/portal\/wp-content\/uploads\/2014\/04\/Sernam2.jpg?w=528&amp;ssl=1 528w, https:\/\/i0.wp.com\/eltrabajo.cl\/portal\/wp-content\/uploads\/2014\/04\/Sernam2.jpg?resize=200%2C107&amp;ssl=1 200w, https:\/\/i0.wp.com\/eltrabajo.cl\/portal\/wp-content\/uploads\/2014\/04\/Sernam2.jpg?resize=300%2C160&amp;ssl=1 300w, https:\/\/i0.wp.com\/eltrabajo.cl\/portal\/wp-content\/uploads\/2014\/04\/Sernam2.jpg?resize=150%2C80&amp;ssl=1 150w, https:\/\/i0.wp.com\/eltrabajo.cl\/portal\/wp-content\/uploads\/2014\/04\/Sernam2.jpg?resize=400%2C214&amp;ssl=1 400w\" sizes=\"auto, (max-width: 528px) 100vw, 528px\" \/><\/a><figcaption id=\"caption-attachment-45319\" class=\"wp-caption-text\">VISITA.- La directora regional del Sernam vino a conocer el Centro de la Mujer y tambi\u00e9n, a respaldar en las pol\u00edticas de la mujer.<\/figcaption><\/figure>\n<p><strong>LOS ANDES<\/strong>.- La Gobernadora de Los Andes, Mar\u00eda Victoria Rodr\u00edguez y la Directora Regional de Sernam, Waleska Castillo L\u00f3pez, se reunieron para dise\u00f1ar la implementaci\u00f3n de la nueva Agenda de G\u00e9nero en la Provincia y adem\u00e1s, evaluar el funcionamiento del Centro de la Mujer Sernam Los Andes, organismo que funciona en la Gobernaci\u00f3n Provincial. Ambas autoridades de gobierno coincidieron en que las dependencias -ubicadas en el segundo piso del Edificio Patrimonial de la Gobernaci\u00f3n &#8211; cuentan con todas las garant\u00edas para la adecuada atenci\u00f3n de las usuarias y que adem\u00e1s, al reunirse con el equipo de profesionales respaldan su trabajo, bas\u00e1ndose en sus buenos resultados.<\/p>\n<figure id=\"attachment_45320\" aria-describedby=\"caption-attachment-45320\" style=\"width: 370px\" class=\"wp-caption alignright\"><a href=\"https:\/\/i0.wp.com\/www.eltrabajo.cl\/portal\/wp-content\/uploads\/2014\/04\/Sernam1.jpg\"><img data-recalc-dims=\"1\" loading=\"lazy\" decoding=\"async\" class=\" wp-image-45320 \" alt=\"NUEVA AGENDA.- La Gobernadora de Los Andes, Mar\u00eda Victoria Rodr\u00edguez y la Directora Regional de Sernam, Waleska Castillo L\u00f3pez, se reunieron para dise\u00f1ar la implementaci\u00f3n de la nueva Agenda de G\u00e9nero en la Provincia.\" src=\"https:\/\/i0.wp.com\/www.eltrabajo.cl\/portal\/wp-content\/uploads\/2014\/04\/Sernam1.jpg?resize=370%2C216\" width=\"370\" height=\"216\" srcset=\"https:\/\/i0.wp.com\/eltrabajo.cl\/portal\/wp-content\/uploads\/2014\/04\/Sernam1.jpg?w=528&amp;ssl=1 528w, https:\/\/i0.wp.com\/eltrabajo.cl\/portal\/wp-content\/uploads\/2014\/04\/Sernam1.jpg?resize=200%2C116&amp;ssl=1 200w, https:\/\/i0.wp.com\/eltrabajo.cl\/portal\/wp-content\/uploads\/2014\/04\/Sernam1.jpg?resize=300%2C175&amp;ssl=1 300w, https:\/\/i0.wp.com\/eltrabajo.cl\/portal\/wp-content\/uploads\/2014\/04\/Sernam1.jpg?resize=150%2C87&amp;ssl=1 150w, https:\/\/i0.wp.com\/eltrabajo.cl\/portal\/wp-content\/uploads\/2014\/04\/Sernam1.jpg?resize=400%2C233&amp;ssl=1 400w\" sizes=\"auto, (max-width: 370px) 100vw, 370px\" \/><\/a><figcaption id=\"caption-attachment-45320\" class=\"wp-caption-text\">NUEVA AGENDA.- La Gobernadora de Los Andes, Mar\u00eda Victoria Rodr\u00edguez y la Directora Regional de Sernam, Waleska Castillo L\u00f3pez, se reunieron para dise\u00f1ar la implementaci\u00f3n de la nueva Agenda de G\u00e9nero en la Provincia.<\/figcaption><\/figure>\n<p>\u201cNuestra directora regional del Sernam viene a conocer nuestro Centro de la Mujer y tambi\u00e9n, a respaldar en las pol\u00edticas de la mujer, especialmente en los compromisos de la Presidenta Michelle Bachelet, quien se ha preocupado de que nuestro gobierno tenga un sello importante de equidad de G\u00e9nero, de igualdad de condiciones laborales\u201d, manifest\u00f3 la Gobernadora Provincial de Los Andes.<\/p>\n<p>\u201cUno de los objetivos que nos pide nuestra ministra y tambi\u00e9n, la Presidenta Bachelet es la descentralizaci\u00f3n; es decir acercarnos a las gobernaciones y municipios de toda la regi\u00f3n para conocer en qu\u00e9 situaci\u00f3n est\u00e1n nuestros centros y otros programas. En ese contexto, acabo de visitar la infraestructura que est\u00e1 bastante bien y tambi\u00e9n hay un equipo muy profesional que hace muy bien su trabajo, con un buen rendimiento reconocido a nivel regional\u201d, expres\u00f3 la Directora Regional de Sernam.<\/p>\n<p>&nbsp;<\/p>\n","protected":false},"excerpt":{"rendered":"<p>LOS ANDES.- La Gobernadora de Los Andes, Mar\u00eda Victoria Rodr\u00edguez y la Directora Regional de Sernam, Waleska Castillo L\u00f3pez, se reunieron para dise\u00f1ar la implementaci\u00f3n de la nueva Agenda de G\u00e9nero en&#8230;<\/p>\n","protected":false},"author":482,"featured_media":45319,"comment_status":"open","ping_status":"closed","sticky":false,"template":"","format":"standard","meta":{"advanced_seo_description":"","jetpack_seo_html_title":"","jetpack_seo_noindex":false,"_jetpack_memberships_contains_paid_content":false,"footnotes":""},"categories":[1],"tags":[],"class_list":["post-45318","post","type-post","status-publish","format-standard","has-post-thumbnail","hentry","category-cronica"],"jetpack_featured_media_url":"https:\/\/i0.wp.com\/eltrabajo.cl\/portal\/wp-content\/uploads\/2014\/04\/Sernam2.jpg?fit=528%2C283&ssl=1","jetpack_sharing_enabled":true,"jetpack_likes_enabled":true,"jetpack-related-posts":[],"_links":{"self":[{"href":"https:\/\/eltrabajo.cl\/portal\/wp-json\/wp\/v2\/posts\/45318","targetHints":{"allow":["GET"]}}],"collection":[{"href":"https:\/\/eltrabajo.cl\/portal\/wp-json\/wp\/v2\/posts"}],"about":[{"href":"https:\/\/eltrabajo.cl\/portal\/wp-json\/wp\/v2\/types\/post"}],"author":[{"embeddable":true,"href":"https:\/\/eltrabajo.cl\/portal\/wp-json\/wp\/v2\/users\/482"}],"replies":[{"embeddable":true,"href":"https:\/\/eltrabajo.cl\/portal\/wp-json\/wp\/v2\/comments?post=45318"}],"version-history":[{"count":0,"href":"https:\/\/eltrabajo.cl\/portal\/wp-json\/wp\/v2\/posts\/45318\/revisions"}],"wp:featuredmedia":[{"embeddable":true,"href":"https:\/\/eltrabajo.cl\/portal\/wp-json\/wp\/v2\/media\/45319"}],"wp:attachment":[{"href":"https:\/\/eltrabajo.cl\/portal\/wp-json\/wp\/v2\/media?parent=45318"}],"wp:term":[{"taxonomy":"category","embeddable":true,"href":"https:\/\/eltrabajo.cl\/portal\/wp-json\/wp\/v2\/categories?post=45318"},{"taxonomy":"post_tag","embeddable":true,"href":"https:\/\/eltrabajo.cl\/portal\/wp-json\/wp\/v2\/tags?post=45318"}],"curies":[{"name":"wp","href":"https:\/\/api.w.org\/{rel}","templated":true}]}}