{"id":45326,"date":"2014-04-11T09:50:37","date_gmt":"2014-04-11T12:50:37","guid":{"rendered":"http:\/\/www.eltrabajo.cl\/portal\/?p=45326"},"modified":"2014-04-11T09:50:37","modified_gmt":"2014-04-11T12:50:37","slug":"intendente-bravo-firmo-decreto-para-la-construccion-de-medialuna-de-poblacion-hidalgo","status":"publish","type":"post","link":"https:\/\/eltrabajo.cl\/portal\/intendente-bravo-firmo-decreto-para-la-construccion-de-medialuna-de-poblacion-hidalgo\/","title":{"rendered":"Intendente Bravo firm\u00f3 decreto para la construcci\u00f3n de medialuna de Poblaci\u00f3n Hidalgo"},"content":{"rendered":"<figure id=\"attachment_45327\" aria-describedby=\"caption-attachment-45327\" style=\"width: 528px\" class=\"wp-caption alignnone\"><a href=\"https:\/\/i0.wp.com\/www.eltrabajo.cl\/portal\/wp-content\/uploads\/2014\/04\/Medialuna1.jpg\"><img data-recalc-dims=\"1\" loading=\"lazy\" decoding=\"async\" class=\"size-full wp-image-45327\" alt=\"El Intendente Ricardo Bravo la ma\u00f1ana de este jueves firm\u00f3 el decreto que autoriza la asignaci\u00f3n de recursos para la construcci\u00f3n de la medialuna de Poblaci\u00f3n Hidalgo.\" src=\"https:\/\/i0.wp.com\/www.eltrabajo.cl\/portal\/wp-content\/uploads\/2014\/04\/Medialuna1.jpg?resize=528%2C289\" width=\"528\" height=\"289\" srcset=\"https:\/\/i0.wp.com\/eltrabajo.cl\/portal\/wp-content\/uploads\/2014\/04\/Medialuna1.jpg?w=528&amp;ssl=1 528w, https:\/\/i0.wp.com\/eltrabajo.cl\/portal\/wp-content\/uploads\/2014\/04\/Medialuna1.jpg?resize=200%2C109&amp;ssl=1 200w, https:\/\/i0.wp.com\/eltrabajo.cl\/portal\/wp-content\/uploads\/2014\/04\/Medialuna1.jpg?resize=300%2C164&amp;ssl=1 300w, https:\/\/i0.wp.com\/eltrabajo.cl\/portal\/wp-content\/uploads\/2014\/04\/Medialuna1.jpg?resize=150%2C82&amp;ssl=1 150w, https:\/\/i0.wp.com\/eltrabajo.cl\/portal\/wp-content\/uploads\/2014\/04\/Medialuna1.jpg?resize=400%2C218&amp;ssl=1 400w\" sizes=\"auto, (max-width: 528px) 100vw, 528px\" \/><\/a><figcaption id=\"caption-attachment-45327\" class=\"wp-caption-text\">El Intendente Ricardo Bravo la ma\u00f1ana de este jueves firm\u00f3 el decreto que autoriza la asignaci\u00f3n de recursos para la construcci\u00f3n de la medialuna de Poblaci\u00f3n Hidalgo.<\/figcaption><\/figure>\n<p><strong>PUTAENDO<\/strong>.- El Intendente Ricardo Bravo la ma\u00f1ana de este jueves firm\u00f3 el decreto que autoriza la asignaci\u00f3n de recursos para la construcci\u00f3n de la medialuna de Poblaci\u00f3n Hidalgo. As\u00ed lo confirm\u00f3 el alcalde Guillermo Reyes que dijo sentirse muy contento con esta noticia, ya que con la firma del intendente se liberan los $193.000.000 que demandar\u00e1 la ejecuci\u00f3n del proyecto de la nueva medialuna de Poblaci\u00f3n Hidalgo, que debi\u00f3 ser reacondicionado en m\u00e1s de $20.000.000 en su proyecto original.<\/p>\n<p>El edil asegur\u00f3 que en los pr\u00f3ximos d\u00edas la Secplan subir\u00e1 la licitaci\u00f3n p\u00fablica al portal Chile Compras, lo que durar\u00e1 aproximadamente 15 d\u00edas y que de no haber oferentes interesados en adjudicarse la ejecuci\u00f3n de las obras, la municipalidad ya estudia la posibilidad de asignarlas por contrataci\u00f3n directa, lo que se traducir\u00eda en que la primera semana del mes de mayo podr\u00edan estar inici\u00e1ndose los trabajos definitivos de la nueva medialuna de Poblaci\u00f3n Hidalgo, cuyo plazo de ejecuci\u00f3n ser\u00e1 de seis meses.<\/p>\n<p>Guillermo Reyes afirm\u00f3 que cuando le plante\u00f3 a los dirigentes del Club de Huasos Laborales del sector que hab\u00eda que tener paciencia pues el proyecto hubo que revalorizarlo y adecuarlo a los costos actuales, no hab\u00eda sido un capricho sino un hecho real y que tal como se comprometi\u00f3, como municipio realizaron intensas gestiones para lograr que el intendente firmara lo antes posible el decreto para la adjudicaci\u00f3n de los recursos.<\/p>\n<p>Patricio Gallardo M.<\/p>\n<p>&nbsp;<\/p>\n","protected":false},"excerpt":{"rendered":"<p>PUTAENDO.- El Intendente Ricardo Bravo la ma\u00f1ana de este jueves firm\u00f3 el decreto que autoriza la asignaci\u00f3n de recursos para la construcci\u00f3n de la medialuna de Poblaci\u00f3n Hidalgo. As\u00ed lo confirm\u00f3 el&#8230;<\/p>\n","protected":false},"author":482,"featured_media":45327,"comment_status":"open","ping_status":"closed","sticky":false,"template":"","format":"standard","meta":{"advanced_seo_description":"","jetpack_seo_html_title":"","jetpack_seo_noindex":false,"_jetpack_memberships_contains_paid_content":false,"footnotes":""},"categories":[1],"tags":[],"class_list":["post-45326","post","type-post","status-publish","format-standard","has-post-thumbnail","hentry","category-cronica"],"jetpack_featured_media_url":"https:\/\/i0.wp.com\/eltrabajo.cl\/portal\/wp-content\/uploads\/2014\/04\/Medialuna1.jpg?fit=528%2C289&ssl=1","jetpack_sharing_enabled":true,"jetpack_likes_enabled":true,"jetpack-related-posts":[],"_links":{"self":[{"href":"https:\/\/eltrabajo.cl\/portal\/wp-json\/wp\/v2\/posts\/45326","targetHints":{"allow":["GET"]}}],"collection":[{"href":"https:\/\/eltrabajo.cl\/portal\/wp-json\/wp\/v2\/posts"}],"about":[{"href":"https:\/\/eltrabajo.cl\/portal\/wp-json\/wp\/v2\/types\/post"}],"author":[{"embeddable":true,"href":"https:\/\/eltrabajo.cl\/portal\/wp-json\/wp\/v2\/users\/482"}],"replies":[{"embeddable":true,"href":"https:\/\/eltrabajo.cl\/portal\/wp-json\/wp\/v2\/comments?post=45326"}],"version-history":[{"count":0,"href":"https:\/\/eltrabajo.cl\/portal\/wp-json\/wp\/v2\/posts\/45326\/revisions"}],"wp:featuredmedia":[{"embeddable":true,"href":"https:\/\/eltrabajo.cl\/portal\/wp-json\/wp\/v2\/media\/45327"}],"wp:attachment":[{"href":"https:\/\/eltrabajo.cl\/portal\/wp-json\/wp\/v2\/media?parent=45326"}],"wp:term":[{"taxonomy":"category","embeddable":true,"href":"https:\/\/eltrabajo.cl\/portal\/wp-json\/wp\/v2\/categories?post=45326"},{"taxonomy":"post_tag","embeddable":true,"href":"https:\/\/eltrabajo.cl\/portal\/wp-json\/wp\/v2\/tags?post=45326"}],"curies":[{"name":"wp","href":"https:\/\/api.w.org\/{rel}","templated":true}]}}